{"id":624765,"date":"2025-07-05T01:46:48","date_gmt":"2025-07-05T05:46:48","guid":{"rendered":"https:\/\/diariodominicano.com\/?p=624765"},"modified":"2025-07-05T01:51:19","modified_gmt":"2025-07-05T05:51:19","slug":"fernandez-de-lizardi-un-pionero-mexicano","status":"publish","type":"post","link":"https:\/\/diariodominicano.com\/?p=624765","title":{"rendered":"Fern\u00e1ndez De Lizardi, un pionero mexicano"},"content":{"rendered":"\n<p><strong>Por Te\u00f3filo Lappot Robles<\/strong><\/p>\n\n\n\n<p><strong>El periodista y escritor Jos\u00e9 Fern\u00e1ndez de Lizardi, nacido el 15 de noviembre de 1776 en Ciudad de M\u00e9xico (bajo el dominio colonial de Espa\u00f1a), est\u00e1 considerado como el primer novelista de Am\u00e9rica Latina, gracias a su obra El Periquillo Sarniento, editada en el 1816. Aunque extra\u00f1amente \u00e9l no form\u00f3 parte del are\u00f3pago de intelectuales mexicanos de su \u00e9poca.<\/strong><\/p>\n\n\n\n<p><strong>Primero ejerci\u00f3 el periodismo desde diversas trincheras, aunque nunca fue simp\u00e1tico a esa especie de \u201ccomunidad lit\u00fargica\u201d que ten\u00edan informadores y articulistas de su pa\u00eds.<\/strong><\/p>\n\n\n\n<p><strong>El 9 de octubre de 1812 Fern\u00e1ndez de Lizardi fund\u00f3 el peri\u00f3dico El Pensador Mexicano. Lo pudo hacer aprovechando el par\u00e9ntesis de libertad de prensa que facilit\u00f3 la Constituci\u00f3n de C\u00e1diz, Espa\u00f1a, del 19 de marzo de dicho a\u00f1o, la cual fue m\u00e1s conocida como La Pepa por haberse promulgado el d\u00eda que el santoral cat\u00f3lico dedica a San Jos\u00e9.<\/strong><\/p>\n\n\n\n<figure class=\"wp-block-image size-large\"><img loading=\"lazy\" decoding=\"async\" width=\"1024\" height=\"576\" src=\"https:\/\/diariodominicano.com\/wp-content\/uploads\/2025\/07\/Jose-Joaquin-Fernandez-de-Lizardi-1024x576.jpg\" alt=\"\" class=\"wp-image-624800\" srcset=\"https:\/\/diariodominicano.com\/wp-content\/uploads\/2025\/07\/Jose-Joaquin-Fernandez-de-Lizardi-1024x576.jpg 1024w, https:\/\/diariodominicano.com\/wp-content\/uploads\/2025\/07\/Jose-Joaquin-Fernandez-de-Lizardi-300x169.jpg 300w, https:\/\/diariodominicano.com\/wp-content\/uploads\/2025\/07\/Jose-Joaquin-Fernandez-de-Lizardi-768x432.jpg 768w, https:\/\/diariodominicano.com\/wp-content\/uploads\/2025\/07\/Jose-Joaquin-Fernandez-de-Lizardi-816x459.jpg 816w, https:\/\/diariodominicano.com\/wp-content\/uploads\/2025\/07\/Jose-Joaquin-Fernandez-de-Lizardi.jpg 1389w\" sizes=\"auto, (max-width: 1024px) 100vw, 1024px\" \/><\/figure>\n\n\n\n<p><strong>Sufri\u00f3 c\u00e1rcel desde el 12 de diciembre de 1812 hasta julio de 1813, como&nbsp; represalia por sus opiniones contrarias a la pol\u00edtica colonial que entonces&nbsp; desarrollaba Francisco Xavier Venegas, el virrey de Nueva Espa\u00f1a, como fue llamado el territorio natal de Fern\u00e1ndez de Lizardi, luego de la derrota del imperio mexica.<\/strong><\/p>\n\n\n\n<p><strong>Al ser abolida La Pepa el 4 de mayo de 1814 (con su excelente pre\u00e1mbulo y sus avanzados 384 art\u00edculos) hubo dificultades para la libre emisi\u00f3n del pensamiento en Espa\u00f1a y en sus colonias de ultramar. Por eso desapareci\u00f3 el referido peri\u00f3dico.&nbsp; Vale decir que Fern\u00e1ndez de Lizardi tambi\u00e9n se hac\u00eda llamar El Pensador Mexicano.<\/strong><\/p>\n\n\n\n<p><strong>Se puede decir, a nivel de hip\u00f3tesis, que su condici\u00f3n de novelista brot\u00f3 como consecuencia de las trabas que en muchas ocasiones sufri\u00f3 para emitir sus opiniones en la prensa.<\/strong><\/p>\n\n\n\n<p><strong>En Fern\u00e1ndez de Lizardi fueron vinculantes la ficci\u00f3n y los comentarios acerca de la cotidianidad mexicana. Por eso el acad\u00e9mico costarricense N\u00e9fer Mu\u00f1oz Solano lo clasifica entre los \u201cescritores periodistas\u2026el literato que trabaja como reportero en salas de redacci\u00f3n\u201d. As\u00ed tambi\u00e9n fueron el cubano Jos\u00e9 Mart\u00ed, el nicarag\u00fcense Rub\u00e9n Dar\u00edo, el dominicano Juan Bosch, el brasile\u00f1o Jorge Amado, el colombiano Gabriel Garc\u00eda M\u00e1rquez y otros nombres sonoros en las letras latinoamericanas.<\/strong><\/p>\n\n\n\n<p><strong>El Periquillo Sarniento tuvo influencia colectiva. Su autor enfatizaba, con saz\u00f3n humor\u00edstico, en la importancia de la educaci\u00f3n de la juventud, especialmente de la mexicana. Abundando sobre eso es importante se\u00f1alar que la ensayista y gran cr\u00edtica literaria espa\u00f1ola Carmen Ruiz Barrionuevo escribi\u00f3 que en esa novela su autor desarroll\u00f3 \u201cpreocupaci\u00f3n social, pol\u00edtica y sat\u00edrica\u201d.<\/strong><\/p>\n\n\n\n<p><strong>Aunque con muchas ideas contradictorias, propias de su \u00e9poca y de su propia formaci\u00f3n con visibles falencias, puso en modo de atenci\u00f3n el papel de las mujeres en la sociedad. Resalt\u00f3 la importancia de que fueran incorporadas de pleno derecho por el sendero de la educaci\u00f3n.<\/strong><\/p>\n\n\n\n<p><strong>Tal vez sus comentarios al respecto, con una apreciaci\u00f3n basada en la realidad hist\u00f3rica, formaron parte de la materia prima utilizada m\u00e1s de 150 a\u00f1os despu\u00e9s por un fil\u00f3sofo y escritor vallisoletano para escribir que: \u201cHay una raz\u00f3n desde la \u00f3ptica del hombre y otra es la que percibe la mujer\u201d. (Antropolog\u00eda metaf\u00edsica. Madrid, 1970. Juli\u00e1n Mar\u00edas Aguilera).<\/strong><\/p>\n\n\n\n<p><strong>En su mencionada obra El Periquillo Sarniento (en la que se vale para desarrollarla del discurrir de la vida de un p\u00edcaro) se observa, sin necesidad de mucho esfuerzo reflexivo, que Fern\u00e1ndez de Lizardi ten\u00eda una definida visi\u00f3n sobre los seres humanos como sujetos de moral, por ser ellos innegables portadores de raz\u00f3n y de conciencia. Sus descripciones novel\u00edsticas en relaci\u00f3n a creencias populares todav\u00eda se observan en M\u00e9xico como parte de su acervo folcl\u00f3rico.<\/strong><\/p>\n\n\n\n<p><strong>En ella tambi\u00e9n su autor comenta diversos aspectos socioling\u00fc\u00edsticos de los pueblos situados al sur del R\u00edo Bravo, as\u00ed como caracter\u00edsticas propias de m\u00e9dicos, lud\u00f3patas, abogados, mujeres, pol\u00edticos, militares, ladrones etc.<\/strong><\/p>\n\n\n\n<p><strong>El Periquillo Sarniento se convirti\u00f3 en los hechos en una especie de catapulta que impuls\u00f3 la publicaci\u00f3n de otras novelas en el micro mundo literario latinoamericano del siglo XIX. Fue el comienzo de la presencia de Am\u00e9rica Latina en el escenario novel\u00edstico mundial.<\/strong><\/p>\n\n\n\n<p><strong>Se trat\u00f3 de un hecho extraordinario si se toma en cuenta que eso no hab\u00eda ocurrido antes, a pesar de que desde hac\u00eda doscientos a\u00f1os (1613) ya se hab\u00edan publicado en nuestro idioma las Novelas ejemplares de Miguel de Cervantes.<\/strong><\/p>\n\n\n\n<p><strong>El impacto de la aparici\u00f3n de la referida primera novela hispanoamericana fue de tal envergadura que muchas d\u00e9cadas despu\u00e9s el cr\u00edtico literario e historiador mexicano Christopher Dom\u00ednguez Michael defini\u00f3 a Jos\u00e9 Fern\u00e1ndez de Lizardi como \u201cuna de las cumbres de la prosa decimon\u00f3nica en nuestra lengua\u201d.<\/strong><\/p>\n\n\n\n<p><strong>Conocedor de la hostilidad que provocaba en muchos de sus contempor\u00e1neos escribi\u00f3 un ep\u00edgrafe en la cuarta edici\u00f3n de dicha novela revelador de su condici\u00f3n de polemista: \u201c\u2026Nadie crea que es suyo el retrato, sino que hay muchos diablos que se parecen unos a otros. El que se hallare tiznado, procure lavarse, que esto le importa m\u00e1s que hacer cr\u00edtica y examen de mi pensamiento, de mi locuci\u00f3n, de mi idea, o de los dem\u00e1s defectos de la obra\u201d.<\/strong><\/p>\n\n\n\n<p><strong>Aunque Fern\u00e1ndez de Lizardi admiti\u00f3 m\u00e1s de una vez que uno de sus defectos como escritor era que no pul\u00eda sus textos, lo cual es f\u00e1cil de comprobar en su comentada novela y en otras obras suyas, tambi\u00e9n es verdad que cuando recib\u00eda alguna cr\u00edtica que \u00e9l consideraba injusta ripostaba de manera \u00e1cida, como lo hizo en una ocasi\u00f3n con los comentarios del se\u00f1or Manuel Ter\u00e1n.<\/strong><\/p>\n\n\n\n<p><strong>As\u00ed se expres\u00f3 en febrero de 1819: \u201cHe le\u00eddo una impugnaci\u00f3n a mi Periquillo, muy c\u00e1ustica y descort\u00e9s, escrita con resabios de cr\u00edtica por don M.T., o sea por Uno de tantos, cuyo talento no alcanza para otra cosa que para roer los escritos ajenos como los ratones de la f\u00e1bula 30 de&nbsp; Iriarte\u2026tomo la pluma para ejercitarla en una contestaci\u00f3n pueril y odiosa, lo que no hiciera a no haber sido provocado por dos veces, no habiendo bastado mi prudencia en la primera\u2026\u201d<\/strong><\/p>\n\n\n\n<p><strong>Ese fue, con sus virtudes y defectos, Jos\u00e9 Fern\u00e1ndez de Lizardi, el mexicano pionero de la novel\u00edstica latinoamericana.<\/strong><\/p>\n\n\n\n<p><strong>Teofilo Lappot <a href=\"mailto:teofilolappot@gmail.com\">teofilolappot@gmail.com<\/a><\/strong><\/p>\n","protected":false},"excerpt":{"rendered":"<p>Por Te\u00f3filo Lappot Robles El periodista y escritor Jos\u00e9 Fern\u00e1ndez de Lizardi, nacido el 15 de noviembre de 1776 en Ciudad de M\u00e9xico (bajo el dominio colonial de Espa\u00f1a), est\u00e1 considerado como el primer novelista de Am\u00e9rica Latina, gracias a su obra El Periquillo Sarniento, editada en el 1816. Aunque extra\u00f1amente \u00e9l no form\u00f3 parte [&hellip;]<\/p>\n","protected":false},"author":7,"featured_media":525185,"comment_status":"closed","ping_status":"closed","sticky":false,"template":"","format":"standard","meta":{"footnotes":""},"categories":[21],"tags":[177],"class_list":["post-624765","post","type-post","status-publish","format-standard","has-post-thumbnail","hentry","category-cultura","tag-teofilo-lappot-robles"],"_links":{"self":[{"href":"https:\/\/diariodominicano.com\/index.php?rest_route=\/wp\/v2\/posts\/624765","targetHints":{"allow":["GET"]}}],"collection":[{"href":"https:\/\/diariodominicano.com\/index.php?rest_route=\/wp\/v2\/posts"}],"about":[{"href":"https:\/\/diariodominicano.com\/index.php?rest_route=\/wp\/v2\/types\/post"}],"author":[{"embeddable":true,"href":"https:\/\/diariodominicano.com\/index.php?rest_route=\/wp\/v2\/users\/7"}],"replies":[{"embeddable":true,"href":"https:\/\/diariodominicano.com\/index.php?rest_route=%2Fwp%2Fv2%2Fcomments&post=624765"}],"version-history":[{"count":2,"href":"https:\/\/diariodominicano.com\/index.php?rest_route=\/wp\/v2\/posts\/624765\/revisions"}],"predecessor-version":[{"id":624801,"href":"https:\/\/diariodominicano.com\/index.php?rest_route=\/wp\/v2\/posts\/624765\/revisions\/624801"}],"wp:featuredmedia":[{"embeddable":true,"href":"https:\/\/diariodominicano.com\/index.php?rest_route=\/wp\/v2\/media\/525185"}],"wp:attachment":[{"href":"https:\/\/diariodominicano.com\/index.php?rest_route=%2Fwp%2Fv2%2Fmedia&parent=624765"}],"wp:term":[{"taxonomy":"category","embeddable":true,"href":"https:\/\/diariodominicano.com\/index.php?rest_route=%2Fwp%2Fv2%2Fcategories&post=624765"},{"taxonomy":"post_tag","embeddable":true,"href":"https:\/\/diariodominicano.com\/index.php?rest_route=%2Fwp%2Fv2%2Ftags&post=624765"}],"curies":[{"name":"wp","href":"https:\/\/api.w.org\/{rel}","templated":true}]}}