{"id":624762,"date":"2025-07-05T01:51:24","date_gmt":"2025-07-05T05:51:24","guid":{"rendered":"https:\/\/diariodominicano.com\/?p=624762"},"modified":"2025-07-05T01:54:23","modified_gmt":"2025-07-05T05:54:23","slug":"un-destino-maravilloso-libro-de-luiggi-beltre-se-expondra-en-la-direccion-de-cultura-dominicana-en-el-extranjero-new-jersey-estados-unidos","status":"publish","type":"post","link":"https:\/\/diariodominicano.com\/?p=624762","title":{"rendered":"Un Destino Maravilloso: libro de Luiggi Beltr\u00e9 se expondr\u00e1 en la Direcci\u00f3n de Cultura Dominicana en el Extranjero New Jersey, Estados Unidos"},"content":{"rendered":"\n<p>En un encuentro emotivo y significativo para la cultura criolla, el dominicano Luiggi Beltr\u00e9 visit\u00f3 el Consulado General de la Rep\u00fablica Dominicana en New Jersey en los Estados Unidos donde entreg\u00f3 al C\u00f3nsul General Jos\u00e9 Francisco Santana Suriel y a la directora del despacho del Consulado Sarah Machado un ejemplar del libro \u201cUn Destino Maravilloso\u201d una historia que invita a la superaci\u00f3n personal, a no rendirse ante las adversidades ya mantener viva la esperanza a\u00fan en los momentos m\u00e1s dif\u00edciles.<\/p>\n\n\n\n<p>El autor comparti\u00f3 con el director de comunidad del consulado de NJ Jos\u00e9 An\u00edbal y adem\u00e1s visit\u00f3 la Direcci\u00f3n de Cultura Dominicana en el Extranjero New Jersey donde convers\u00f3 con su director Jos\u00e9 Bonilla y se defini\u00f3 para el pr\u00f3ximo 13 de septiembre llevar a cabo la exposici\u00f3n del libro \u201cUn Destino Maravilloso\u201d en las mismas instalaciones de la instituci\u00f3n ubicada en 140 Market St., 5to. Piso, Paterson, Nueva Jersey, 07505.<\/p>\n\n\n\n<p>\u00abMe siento agradecido de tener la oportunidad de conversar con las m\u00e1ximas autoridades de los dominicanos en New Jersey. Nuestro proyecto est\u00e1 dise\u00f1ado para abrir puertas a los j\u00f3venes que piensan que ya no hay salida que todo est\u00e1 perdido cuando no es as\u00ed\u00bb, expres\u00f3 Luiggi Beltr\u00e9.<\/p>\n\n\n\n<figure class=\"wp-block-image size-full is-resized\"><img loading=\"lazy\" decoding=\"async\" width=\"283\" height=\"425\" src=\"https:\/\/diariodominicano.com\/wp-content\/uploads\/2025\/07\/Un-Destino-Maravilloso.jpg\" alt=\"\" class=\"wp-image-624786\" style=\"width:616px;height:auto\" srcset=\"https:\/\/diariodominicano.com\/wp-content\/uploads\/2025\/07\/Un-Destino-Maravilloso.jpg 283w, https:\/\/diariodominicano.com\/wp-content\/uploads\/2025\/07\/Un-Destino-Maravilloso-200x300.jpg 200w\" sizes=\"auto, (max-width: 283px) 100vw, 283px\" \/><\/figure>\n\n\n\n<p>La visita adquiere un valor especial al representar una propuesta de la dominicanidad que trasciende fronteras, llevando a otras aguas la voz y el esp\u00edritu de lucha del pueblo dominicano. Beltr\u00e9, oriundo del Capotillo un barrio popular de Santo Domingo busca abrir camino en escenarios internacionales con su historia de constancia y fe, para sumar a los representantes del esfuerzo y la resiliencia que caracterizan al trabajador y so\u00f1ador dominicano.<\/p>\n\n\n\n<p>Esta obra no solo ha tocado corazones, sino que tambi\u00e9n est\u00e1 en proceso de ser llevada a la pantalla grande. El proyecto cuenta con un guion escrito por Roberto Robalino y se encuentra bajo la direcci\u00f3n y producci\u00f3n de Dionys D\u00edaz que buscan proyectar el mensaje del libro a un p\u00fablico m\u00e1s amplio. Esta iniciativa es impulsada por la casa productora Destino Maravilloso Films, que ha venido desarrollando una serie de actividades con compromiso social: torneos y actividades deportivas culturales.<\/p>\n\n\n\n<p>Con este encuentro, \u201cUn Destino Maravilloso\u201d fortalece su ruta internacional, reafirmando que desde lo humilde se pueden construir grandes historias y que el talento dominicano sigue brillando m\u00e1s all\u00e1 de nuestras fronteras.<\/p>\n\n\n\n<p>Raiz TV Media Comunicaci\u00f3n cultural <a href=\"mailto:raiztvmediacomunicacioncultura@gmail.com\">raiztvmediacomunicacioncultura@gmail.com<\/a><\/p>\n","protected":false},"excerpt":{"rendered":"<p>En un encuentro emotivo y significativo para la cultura criolla, el dominicano Luiggi Beltr\u00e9 visit\u00f3 el Consulado General de la Rep\u00fablica Dominicana en New Jersey en los Estados Unidos donde entreg\u00f3 al C\u00f3nsul General Jos\u00e9 Francisco Santana Suriel y a la directora del despacho del Consulado Sarah Machado un ejemplar del libro \u201cUn Destino Maravilloso\u201d [&hellip;]<\/p>\n","protected":false},"author":7,"featured_media":624787,"comment_status":"closed","ping_status":"closed","sticky":true,"template":"","format":"standard","meta":{"footnotes":""},"categories":[21],"tags":[2784,2783],"class_list":["post-624762","post","type-post","status-publish","format-standard","has-post-thumbnail","hentry","category-cultura","tag-luiggi-beltre","tag-un-destino-maravilloso"],"_links":{"self":[{"href":"https:\/\/diariodominicano.com\/index.php?rest_route=\/wp\/v2\/posts\/624762","targetHints":{"allow":["GET"]}}],"collection":[{"href":"https:\/\/diariodominicano.com\/index.php?rest_route=\/wp\/v2\/posts"}],"about":[{"href":"https:\/\/diariodominicano.com\/index.php?rest_route=\/wp\/v2\/types\/post"}],"author":[{"embeddable":true,"href":"https:\/\/diariodominicano.com\/index.php?rest_route=\/wp\/v2\/users\/7"}],"replies":[{"embeddable":true,"href":"https:\/\/diariodominicano.com\/index.php?rest_route=%2Fwp%2Fv2%2Fcomments&post=624762"}],"version-history":[{"count":1,"href":"https:\/\/diariodominicano.com\/index.php?rest_route=\/wp\/v2\/posts\/624762\/revisions"}],"predecessor-version":[{"id":624802,"href":"https:\/\/diariodominicano.com\/index.php?rest_route=\/wp\/v2\/posts\/624762\/revisions\/624802"}],"wp:featuredmedia":[{"embeddable":true,"href":"https:\/\/diariodominicano.com\/index.php?rest_route=\/wp\/v2\/media\/624787"}],"wp:attachment":[{"href":"https:\/\/diariodominicano.com\/index.php?rest_route=%2Fwp%2Fv2%2Fmedia&parent=624762"}],"wp:term":[{"taxonomy":"category","embeddable":true,"href":"https:\/\/diariodominicano.com\/index.php?rest_route=%2Fwp%2Fv2%2Fcategories&post=624762"},{"taxonomy":"post_tag","embeddable":true,"href":"https:\/\/diariodominicano.com\/index.php?rest_route=%2Fwp%2Fv2%2Ftags&post=624762"}],"curies":[{"name":"wp","href":"https:\/\/api.w.org\/{rel}","templated":true}]}}