{"id":624761,"date":"2025-07-04T21:20:05","date_gmt":"2025-07-05T01:20:05","guid":{"rendered":"https:\/\/diariodominicano.com\/?p=624761"},"modified":"2025-07-04T23:59:24","modified_gmt":"2025-07-05T03:59:24","slug":"camara-alta-imparte-la-charla-aventura-financiera-a-los-hijos-de-sus-colaboradores","status":"publish","type":"post","link":"https:\/\/diariodominicano.com\/?p=624761","title":{"rendered":"C\u00e1mara Alta imparte la charla \u201cAventura Financiera\u201d a los hijos de sus colaboradores"},"content":{"rendered":"\n<p>Con este evento, el Senado de la Rep\u00fablica reafirma su compromiso con la educaci\u00f3n integral de las familias de sus colaboradores, contribuyendo a la estabilidad financiera individual y comunitaria, promoviendo un consumo responsable y eficiente de los recursos.<\/p>\n\n\n\n<p>SANTO DOMINGO. \u2014 En una actividad entusiasta y llena de diversi\u00f3n, ciento veinte hijos de los colaboradores del Senado de la Rep\u00fablica fueron capacitados sobre conocimientos financieros y econ\u00f3micos, en una charla organizada por la Direcci\u00f3n de Gesti\u00f3n Humana, en coordinaci\u00f3n con BanReservas.<\/p>\n\n\n\n<figure class=\"wp-block-gallery has-nested-images columns-default is-cropped wp-block-gallery-1 is-layout-flex wp-block-gallery-is-layout-flex\">\n<figure class=\"wp-block-image size-large\"><img loading=\"lazy\" decoding=\"async\" width=\"852\" height=\"568\" data-id=\"624781\" src=\"https:\/\/diariodominicano.com\/wp-content\/uploads\/2025\/07\/Camara-Alta-imparte-la-charla-Aventura-Financiera-a-los-hijos-de-sus-colaboradores.jpg\" alt=\"\" class=\"wp-image-624781\" srcset=\"https:\/\/diariodominicano.com\/wp-content\/uploads\/2025\/07\/Camara-Alta-imparte-la-charla-Aventura-Financiera-a-los-hijos-de-sus-colaboradores.jpg 852w, https:\/\/diariodominicano.com\/wp-content\/uploads\/2025\/07\/Camara-Alta-imparte-la-charla-Aventura-Financiera-a-los-hijos-de-sus-colaboradores-300x200.jpg 300w, https:\/\/diariodominicano.com\/wp-content\/uploads\/2025\/07\/Camara-Alta-imparte-la-charla-Aventura-Financiera-a-los-hijos-de-sus-colaboradores-768x512.jpg 768w, https:\/\/diariodominicano.com\/wp-content\/uploads\/2025\/07\/Camara-Alta-imparte-la-charla-Aventura-Financiera-a-los-hijos-de-sus-colaboradores-816x544.jpg 816w\" sizes=\"auto, (max-width: 852px) 100vw, 852px\" \/><\/figure>\n<\/figure>\n\n\n\n<p>En representaci\u00f3n del presidente del Senado, Ricardo de los Santos, estuvo el senador Gustavo Lara (San Crist\u00f3bal), quien, adem\u00e1s de realizar una oraci\u00f3n, dio la bienvenida a los invitados especiales, dando apertura a la charla \u201cAventura Financiera\u201d.<\/p>\n\n\n\n<p>\u00a0\u201cTodos ustedes son \u00fanicos para nosotros porque son parte de nuestra familia del Senado, son los ni\u00f1os y ni\u00f1as de nuestros colaboradores, y por ende, para nosotros es importante su educaci\u00f3n financiera. Sepan que ustedes tienen una gran capacidad de aprendizaje y es fundamental aprovechar esa capacidad para que aprendan a gestionar sus finanzas desde peque\u00f1os\u201d, expres\u00f3.<\/p>\n\n\n\n<figure class=\"wp-block-gallery has-nested-images columns-default is-cropped wp-block-gallery-2 is-layout-flex wp-block-gallery-is-layout-flex\">\n<figure class=\"wp-block-image size-large\"><img loading=\"lazy\" decoding=\"async\" width=\"852\" height=\"568\" data-id=\"624779\" src=\"https:\/\/diariodominicano.com\/wp-content\/uploads\/2025\/07\/Camara-Alta-imparte-charla-Aventura-Financiera-a-los-hijos-de-sus-colaboradores.jpeg\" alt=\"\" class=\"wp-image-624779\" srcset=\"https:\/\/diariodominicano.com\/wp-content\/uploads\/2025\/07\/Camara-Alta-imparte-charla-Aventura-Financiera-a-los-hijos-de-sus-colaboradores.jpeg 852w, https:\/\/diariodominicano.com\/wp-content\/uploads\/2025\/07\/Camara-Alta-imparte-charla-Aventura-Financiera-a-los-hijos-de-sus-colaboradores-300x200.jpeg 300w, https:\/\/diariodominicano.com\/wp-content\/uploads\/2025\/07\/Camara-Alta-imparte-charla-Aventura-Financiera-a-los-hijos-de-sus-colaboradores-768x512.jpeg 768w, https:\/\/diariodominicano.com\/wp-content\/uploads\/2025\/07\/Camara-Alta-imparte-charla-Aventura-Financiera-a-los-hijos-de-sus-colaboradores-816x544.jpeg 816w\" sizes=\"auto, (max-width: 852px) 100vw, 852px\" \/><\/figure>\n<\/figure>\n\n\n\n<p>\u00a0Las palabras de introducci\u00f3n a la charla \u201cAventura Financiera\u201d estuvieron a cargo de Samuel Pereyra, presidente ejecutivo de Banreservas, quien explic\u00f3 que la jornada tiene como objetivo inculcar una cultura de ahorro y educaci\u00f3n financiera a edad temprana, as\u00ed como dotar a los j\u00f3venes de conocimientos y habilidades para tomar decisiones financieras responsables a lo largo de su vida.<\/p>\n\n\n\n<figure class=\"wp-block-gallery has-nested-images columns-default is-cropped wp-block-gallery-3 is-layout-flex wp-block-gallery-is-layout-flex\">\n<figure class=\"wp-block-image size-large\"><img loading=\"lazy\" decoding=\"async\" width=\"957\" height=\"638\" data-id=\"624778\" src=\"https:\/\/diariodominicano.com\/wp-content\/uploads\/2025\/07\/Camara-Alta-imparte-la-charla-Aventura-Financiera-a-hijos-de-sus-colaboradores.jpg\" alt=\"\" class=\"wp-image-624778\" srcset=\"https:\/\/diariodominicano.com\/wp-content\/uploads\/2025\/07\/Camara-Alta-imparte-la-charla-Aventura-Financiera-a-hijos-de-sus-colaboradores.jpg 957w, https:\/\/diariodominicano.com\/wp-content\/uploads\/2025\/07\/Camara-Alta-imparte-la-charla-Aventura-Financiera-a-hijos-de-sus-colaboradores-300x200.jpg 300w, https:\/\/diariodominicano.com\/wp-content\/uploads\/2025\/07\/Camara-Alta-imparte-la-charla-Aventura-Financiera-a-hijos-de-sus-colaboradores-768x512.jpg 768w, https:\/\/diariodominicano.com\/wp-content\/uploads\/2025\/07\/Camara-Alta-imparte-la-charla-Aventura-Financiera-a-hijos-de-sus-colaboradores-816x544.jpg 816w\" sizes=\"auto, (max-width: 957px) 100vw, 957px\" \/><\/figure>\n<\/figure>\n\n\n\n<p>&nbsp;\u201cEs maravilloso estar aqu\u00ed, porque ustedes, j\u00f3venes, son el futuro, ustedes son la patria, y en el caso de ustedes, que son ni\u00f1os, nosotros fomentamos el ahorro desde la edad temprana, de ustedes junto a sus padres, con lo que es el ahorro infantil, para que esto -en el futuro- genere un impacto positivo en sus vidas\u201d, dijo.<\/p>\n\n\n\n<p>Samuel Pereyra tambi\u00e9n resalt\u00f3 la importancia de la actividad, al indicar que proporciona principios b\u00e1sicos de las finanzas a los m\u00e1s peque\u00f1os, lo que les permite adquirir una cultura responsable de planificaci\u00f3n financiera personal, que los ayude a alcanzar las metas que se propongan a lo largo de sus vidas.<\/p>\n\n\n\n<figure class=\"wp-block-gallery has-nested-images columns-default is-cropped wp-block-gallery-4 is-layout-flex wp-block-gallery-is-layout-flex\">\n<figure class=\"wp-block-image size-large\"><img loading=\"lazy\" decoding=\"async\" width=\"852\" height=\"568\" data-id=\"624777\" src=\"https:\/\/diariodominicano.com\/wp-content\/uploads\/2025\/07\/Camara-Alta-imparte-la-charla-Aventura-Financiera-a-hijos-de-sus-colaboradores.jpeg\" alt=\"\" class=\"wp-image-624777\" srcset=\"https:\/\/diariodominicano.com\/wp-content\/uploads\/2025\/07\/Camara-Alta-imparte-la-charla-Aventura-Financiera-a-hijos-de-sus-colaboradores.jpeg 852w, https:\/\/diariodominicano.com\/wp-content\/uploads\/2025\/07\/Camara-Alta-imparte-la-charla-Aventura-Financiera-a-hijos-de-sus-colaboradores-300x200.jpeg 300w, https:\/\/diariodominicano.com\/wp-content\/uploads\/2025\/07\/Camara-Alta-imparte-la-charla-Aventura-Financiera-a-hijos-de-sus-colaboradores-768x512.jpeg 768w, https:\/\/diariodominicano.com\/wp-content\/uploads\/2025\/07\/Camara-Alta-imparte-la-charla-Aventura-Financiera-a-hijos-de-sus-colaboradores-816x544.jpeg 816w\" sizes=\"auto, (max-width: 852px) 100vw, 852px\" \/><\/figure>\n<\/figure>\n\n\n\n<p>Durante la actividad, los ni\u00f1os tambi\u00e9n realizaron actividades interactivas, conocieron&nbsp;y jugaron con la ballenita Jenny, la mascota infantil de BanReservas.&nbsp;<\/p>\n\n\n\n<p>La charla que estuvo dirigida a ni\u00f1os de 6 a 14 a\u00f1os, tambi\u00e9n cont\u00f3 con la presencia de una unidad m\u00f3vil del BanReservas, la cual estuvo habilitada exclusivamente para recibir dep\u00f3sitos de las cuentas que fueron previamente aperturadas por sus padres con la modalidad elegida de tarjeta o libreta.<\/p>\n\n\n\n<p>El divertido y educativo evento finaliz\u00f3 con un brindis en el comedor de los colaboradores del Senado, con juegos, concursos, castillos inflables y payasitos.<\/p>\n\n\n\n<p>En la actividad participaron los senadores L\u00eda Ynocencia D\u00edaz (Az\u00faa), Rafael Bar\u00f3n Duluc Rijo (La Altagracia); la directora de Gesti\u00f3n Humana, Sonya Uribe; y la directora de Comunicaciones y Relaciones P\u00fablicas, Yannerys Paulino.&nbsp;<\/p>\n\n\n\n<p>Mayelin Guzm\u00e1n<\/p>\n\n\n\n<p>Senado<\/p>\n","protected":false},"excerpt":{"rendered":"<p>Con este evento, el Senado de la Rep\u00fablica reafirma su compromiso con la educaci\u00f3n integral de las familias de sus colaboradores, contribuyendo a la estabilidad financiera individual y comunitaria, promoviendo un consumo responsable y eficiente de los recursos. SANTO DOMINGO. \u2014 En una actividad entusiasta y llena de diversi\u00f3n, ciento veinte hijos de los colaboradores [&hellip;]<\/p>\n","protected":false},"author":7,"featured_media":624780,"comment_status":"closed","ping_status":"closed","sticky":false,"template":"","format":"standard","meta":{"footnotes":""},"categories":[36],"tags":[2359],"class_list":["post-624761","post","type-post","status-publish","format-standard","has-post-thumbnail","hentry","category-hombresmujeresycosas","tag-senado"],"_links":{"self":[{"href":"https:\/\/diariodominicano.com\/index.php?rest_route=\/wp\/v2\/posts\/624761","targetHints":{"allow":["GET"]}}],"collection":[{"href":"https:\/\/diariodominicano.com\/index.php?rest_route=\/wp\/v2\/posts"}],"about":[{"href":"https:\/\/diariodominicano.com\/index.php?rest_route=\/wp\/v2\/types\/post"}],"author":[{"embeddable":true,"href":"https:\/\/diariodominicano.com\/index.php?rest_route=\/wp\/v2\/users\/7"}],"replies":[{"embeddable":true,"href":"https:\/\/diariodominicano.com\/index.php?rest_route=%2Fwp%2Fv2%2Fcomments&post=624761"}],"version-history":[{"count":1,"href":"https:\/\/diariodominicano.com\/index.php?rest_route=\/wp\/v2\/posts\/624761\/revisions"}],"predecessor-version":[{"id":624783,"href":"https:\/\/diariodominicano.com\/index.php?rest_route=\/wp\/v2\/posts\/624761\/revisions\/624783"}],"wp:featuredmedia":[{"embeddable":true,"href":"https:\/\/diariodominicano.com\/index.php?rest_route=\/wp\/v2\/media\/624780"}],"wp:attachment":[{"href":"https:\/\/diariodominicano.com\/index.php?rest_route=%2Fwp%2Fv2%2Fmedia&parent=624761"}],"wp:term":[{"taxonomy":"category","embeddable":true,"href":"https:\/\/diariodominicano.com\/index.php?rest_route=%2Fwp%2Fv2%2Fcategories&post=624761"},{"taxonomy":"post_tag","embeddable":true,"href":"https:\/\/diariodominicano.com\/index.php?rest_route=%2Fwp%2Fv2%2Ftags&post=624761"}],"curies":[{"name":"wp","href":"https:\/\/api.w.org\/{rel}","templated":true}]}}