{"id":624449,"date":"2025-07-03T16:53:32","date_gmt":"2025-07-03T20:53:32","guid":{"rendered":"https:\/\/diariodominicano.com\/?p=624449"},"modified":"2025-07-03T16:53:37","modified_gmt":"2025-07-03T20:53:37","slug":"aumento-renta-estabilizada-en-nyc-afecta-a-mas-de-un-millon-de-apartamentos-dominicanos-afectados","status":"publish","type":"post","link":"https:\/\/diariodominicano.com\/?p=624449","title":{"rendered":"Aumento renta estabilizada en NYC afecta a m\u00e1s de un mill\u00f3n de apartamentos; dominicanos afectados"},"content":{"rendered":"\n<p><strong>Por Ram\u00f3n Mercedes<\/strong><\/p>\n\n\n\n<p><strong>NUEVA YORK.-<\/strong>&nbsp;La Junta Reguladora de Alquileres en esta ciudad vot\u00f3 en esta semana un incremento del 3% para contratos de un a\u00f1o y 4.5% para contratos de dos a\u00f1os en unidades de renta estabilizada o alquiler controlado, afectando a m\u00e1s de un mill\u00f3n de apartamentos.<\/p>\n\n\n\n<p>La renta estabilizada es un sistema de regulaci\u00f3n de alquileres que protege a los inquilinos de aumentos de alquiler excesivos y les otorga derechos de renovaci\u00f3n del contrato de arrendamiento.<\/p>\n\n\n\n<p>Decenas de millas de dominicanos que tienen renta estabilizada en los cinco condados ser\u00e1n afectados.&nbsp;<\/p>\n\n\n\n<p>La decisi\u00f3n entrar\u00e1 en vigor el 1 de octubre para nuevos contratos de arrendamiento. Inicialmente, la junta hab\u00eda propuesto aumentos entre 1,75% y 4,75% para contratos anuales y entre 4,75% y 7,75% para contratos bienales.<\/p>\n\n\n\n<p>En mayo, modificaron la propuesta para contratos de dos a\u00f1os a un rango de 3,75%-7,75%.<\/p>\n\n\n\n<p>El alcalde Eric Adams, quien nombr\u00f3 a los miembros de la junta, defendi\u00f3 la decisi\u00f3n argumentando que congelar los alquileres privar\u00eda a los propietarios de recursos necesarios para realizar reparaciones, lo que calific\u00f3 como \u00abuna propuesta cruel y peligrosa\u00bb.<\/p>\n\n\n\n<p>Los propietarios han manifestado a trav\u00e9s de la asociaci\u00f3n de Peque\u00f1os Propietarios de NY que el aumento es insuficiente para ellos. &nbsp;<\/p>\n","protected":false},"excerpt":{"rendered":"<p>Por Ram\u00f3n Mercedes NUEVA YORK.-&nbsp;La Junta Reguladora de Alquileres en esta ciudad vot\u00f3 en esta semana un incremento del 3% para contratos de un a\u00f1o y 4.5% para contratos de dos a\u00f1os en unidades de renta estabilizada o alquiler controlado, afectando a m\u00e1s de un mill\u00f3n de apartamentos. La renta estabilizada es un sistema de [&hellip;]<\/p>\n","protected":false},"author":7,"featured_media":624437,"comment_status":"closed","ping_status":"closed","sticky":false,"template":"","format":"standard","meta":{"footnotes":""},"categories":[23],"tags":[181],"class_list":["post-624449","post","type-post","status-publish","format-standard","has-post-thumbnail","hentry","category-internacional","tag-ramon-mercedes"],"_links":{"self":[{"href":"https:\/\/diariodominicano.com\/index.php?rest_route=\/wp\/v2\/posts\/624449","targetHints":{"allow":["GET"]}}],"collection":[{"href":"https:\/\/diariodominicano.com\/index.php?rest_route=\/wp\/v2\/posts"}],"about":[{"href":"https:\/\/diariodominicano.com\/index.php?rest_route=\/wp\/v2\/types\/post"}],"author":[{"embeddable":true,"href":"https:\/\/diariodominicano.com\/index.php?rest_route=\/wp\/v2\/users\/7"}],"replies":[{"embeddable":true,"href":"https:\/\/diariodominicano.com\/index.php?rest_route=%2Fwp%2Fv2%2Fcomments&post=624449"}],"version-history":[{"count":1,"href":"https:\/\/diariodominicano.com\/index.php?rest_route=\/wp\/v2\/posts\/624449\/revisions"}],"predecessor-version":[{"id":624455,"href":"https:\/\/diariodominicano.com\/index.php?rest_route=\/wp\/v2\/posts\/624449\/revisions\/624455"}],"wp:featuredmedia":[{"embeddable":true,"href":"https:\/\/diariodominicano.com\/index.php?rest_route=\/wp\/v2\/media\/624437"}],"wp:attachment":[{"href":"https:\/\/diariodominicano.com\/index.php?rest_route=%2Fwp%2Fv2%2Fmedia&parent=624449"}],"wp:term":[{"taxonomy":"category","embeddable":true,"href":"https:\/\/diariodominicano.com\/index.php?rest_route=%2Fwp%2Fv2%2Fcategories&post=624449"},{"taxonomy":"post_tag","embeddable":true,"href":"https:\/\/diariodominicano.com\/index.php?rest_route=%2Fwp%2Fv2%2Ftags&post=624449"}],"curies":[{"name":"wp","href":"https:\/\/api.w.org\/{rel}","templated":true}]}}