{"id":624350,"date":"2025-07-03T02:12:44","date_gmt":"2025-07-03T06:12:44","guid":{"rendered":"https:\/\/diariodominicano.com\/?p=624350"},"modified":"2025-07-03T02:12:46","modified_gmt":"2025-07-03T06:12:46","slug":"hospital-ney-arias-lora-celebra-segunda-graduacion-de-medicos-subespecialistas-y-promueve-nuevas-residencias-medicas","status":"publish","type":"post","link":"https:\/\/diariodominicano.com\/?p=624350","title":{"rendered":"Hospital Ney Arias Lora celebra\u00a0 Segunda Graduaci\u00f3n de M\u00e9dicos Subespecialistas y promueve nuevas residencias m\u00e9dicas"},"content":{"rendered":"\n<p>SANTO DOMINGO. \u2013 El&nbsp; Hospital Universitario Docente Traumatol\u00f3gico Dr. Ney Arias Lora celebr\u00f3 el lunes su Segunda Graduaci\u00f3n de M\u00e9dicos Subespecialistas, consolid\u00e1ndose como uno de los principales centros de formaci\u00f3n avanzada en salud de la Rep\u00fablica Dominicana.<\/p>\n\n\n\n<p>El doctor Julio Landr\u00f3n, director general del hospital, encabez\u00f3 la ceremonia y expres\u00f3 su satisfacci\u00f3n por ver a nuevos profesionales culminar una etapa de alta especializaci\u00f3n sin necesidad de salir del pa\u00eds.<\/p>\n\n\n\n<p>\u00abHoy nuestros m\u00e9dicos ya no tienen que viajar al extranjero para realizar un fellowship. En el Ney Arias Lora, que ya es Universitario Docente, cuentan con el aval necesario para adquirir los conocimientos que les permitan brindar una atenci\u00f3n m\u00e1s humana, moderna y de calidad a nuestros pacientes\u00bb, manifest\u00f3 con entusiasmo.<\/p>\n\n\n\n<p>Durante la ceremonia, fueron graduados los doctores Jos\u00e9 Rafael Cabrera Almonte y Jos\u00e9 Alfredo Santana Camilo, quienes completaron su formaci\u00f3n en la Subespecialidad de Cirug\u00eda de Columna, una de las \u00e1reas de mayor demanda y complejidad en el \u00e1mbito quir\u00fargico.<\/p>\n\n\n\n<p>El doctor V\u00edctor Rosario, subdirector m\u00e9dico; el doctor David Cuevas, subdirector acad\u00e9mico; y el doctor Rudolf Ferm\u00edn, jefe de ense\u00f1anza, valoraron el esfuerzo de los profesionales que, en esta nueva etapa, se est\u00e1n formando bajo est\u00e1ndares de innovaci\u00f3n m\u00e9dica y compromiso social.<\/p>\n\n\n\n<p>En el mismo acto, tambi\u00e9n se promovieron m\u00e9dicos residentes de diversas especialidades, entre ellas: Emergencia y Desastres, Anestesiolog\u00eda y Reanimaci\u00f3n, Medicina F\u00edsica y Rehabilitaci\u00f3n, quienes recibieron el cambio de placa que marca el avance en sus respectivas etapas formativas.<\/p>\n\n\n\n<p>Adem\u00e1s, Julio Landr\u00f3n&nbsp; anunci\u00f3 la inclusi\u00f3n de nuevas residencias m\u00e9dicas en el hospital, ampliando su oferta acad\u00e9mica con especialidades como Ortopedia y Traumatolog\u00eda, Neurocirug\u00eda, Im\u00e1genes M\u00e9dicas, Reemplazos Articulares y Cirug\u00eda General, todas alineadas con las necesidades actuales del sistema de salud dominicano.<\/p>\n\n\n\n<p>El evento, realizado en uno de los salones de Iberofarma, cont\u00f3 con la participaci\u00f3n de autoridades del hospital, coordinadores de residencias m\u00e9dicas como los doctores Lizardi de la Cruz, Martha Landa, Benjam\u00edn Ogando,e Ysidro Rodr\u00edguez, as\u00ed como representantes del sector salud, acad\u00e9micos y familiares de los graduandos.<\/p>\n\n\n\n<p>Hospital Traumatol\u00f3gico Ney Arias Lora<\/p>\n\n\n\n<p>Gerencia De Comunicaci\u00f3n y Relaciones P\u00fablicas<\/p>\n\n\n\n<p>Prensa Hospital Ney Arias Lora <a href=\"mailto:prensahospitalneyariaslora@gmail.com\">prensahospitalneyariaslora@gmail.com<\/a><\/p>\n","protected":false},"excerpt":{"rendered":"<p>SANTO DOMINGO. \u2013 El&nbsp; Hospital Universitario Docente Traumatol\u00f3gico Dr. Ney Arias Lora celebr\u00f3 el lunes su Segunda Graduaci\u00f3n de M\u00e9dicos Subespecialistas, consolid\u00e1ndose como uno de los principales centros de formaci\u00f3n avanzada en salud de la Rep\u00fablica Dominicana. El doctor Julio Landr\u00f3n, director general del hospital, encabez\u00f3 la ceremonia y expres\u00f3 su satisfacci\u00f3n por ver a [&hellip;]<\/p>\n","protected":false},"author":7,"featured_media":624351,"comment_status":"closed","ping_status":"closed","sticky":false,"template":"","format":"standard","meta":{"footnotes":""},"categories":[36],"tags":[],"class_list":["post-624350","post","type-post","status-publish","format-standard","has-post-thumbnail","hentry","category-hombresmujeresycosas"],"_links":{"self":[{"href":"https:\/\/diariodominicano.com\/index.php?rest_route=\/wp\/v2\/posts\/624350","targetHints":{"allow":["GET"]}}],"collection":[{"href":"https:\/\/diariodominicano.com\/index.php?rest_route=\/wp\/v2\/posts"}],"about":[{"href":"https:\/\/diariodominicano.com\/index.php?rest_route=\/wp\/v2\/types\/post"}],"author":[{"embeddable":true,"href":"https:\/\/diariodominicano.com\/index.php?rest_route=\/wp\/v2\/users\/7"}],"replies":[{"embeddable":true,"href":"https:\/\/diariodominicano.com\/index.php?rest_route=%2Fwp%2Fv2%2Fcomments&post=624350"}],"version-history":[{"count":1,"href":"https:\/\/diariodominicano.com\/index.php?rest_route=\/wp\/v2\/posts\/624350\/revisions"}],"predecessor-version":[{"id":624352,"href":"https:\/\/diariodominicano.com\/index.php?rest_route=\/wp\/v2\/posts\/624350\/revisions\/624352"}],"wp:featuredmedia":[{"embeddable":true,"href":"https:\/\/diariodominicano.com\/index.php?rest_route=\/wp\/v2\/media\/624351"}],"wp:attachment":[{"href":"https:\/\/diariodominicano.com\/index.php?rest_route=%2Fwp%2Fv2%2Fmedia&parent=624350"}],"wp:term":[{"taxonomy":"category","embeddable":true,"href":"https:\/\/diariodominicano.com\/index.php?rest_route=%2Fwp%2Fv2%2Fcategories&post=624350"},{"taxonomy":"post_tag","embeddable":true,"href":"https:\/\/diariodominicano.com\/index.php?rest_route=%2Fwp%2Fv2%2Ftags&post=624350"}],"curies":[{"name":"wp","href":"https:\/\/api.w.org\/{rel}","templated":true}]}}