{"id":624318,"date":"2025-07-02T00:23:16","date_gmt":"2025-07-02T04:23:16","guid":{"rendered":"https:\/\/diariodominicano.com\/?p=624318"},"modified":"2025-07-03T02:22:30","modified_gmt":"2025-07-03T06:22:30","slug":"pld-en-manhattan-deposita-ofrenda-floral-durante-el-116-aniversario-natalicio-profesor-bosch-2","status":"publish","type":"post","link":"https:\/\/diariodominicano.com\/?p=624318","title":{"rendered":"PLD en Manhattan deposita ofrenda floral durante el 116 aniversario natalicio profesor Bosch"},"content":{"rendered":"\n<p><strong>Por Ram\u00f3n Mercedes<\/strong><\/p>\n\n\n\n<p><strong>NUEVA YORK.-<\/strong>&nbsp;El Partido de la Liberaci\u00f3n Dominicana (PLD) en el condado de Manhattan, que dirige el profesor Rafael Encarnaci\u00f3n, deposit\u00f3 una ofrenda floral el pasado fin de semana en el Alto Manhattan en conmemoraci\u00f3n del 116 aniversario del natalicio del profesor Juan Bosch (30 de junio de 1909), fundador y gu\u00eda moral de esa organizaci\u00f3n pol\u00edtica.<\/p>\n\n\n\n<p>La actividad se llev\u00f3 a cabo en la plaza que lleva su nombre, ubicada en la intersecci\u00f3n de la avenida \u00c1msterdam y la calle 190, en el Alto Manhattan.<\/p>\n\n\n\n<p>La ceremonia dio inicio con las palabras del presidente del PLD en Manhattan, quien destac\u00f3 la vigencia del pensamiento de Bosch y la necesidad de preservar su legado \u00e9tico y pol\u00edtico.<\/p>\n\n\n\n<p>\u00abRecordar a Bosch es reafirmar nuestro compromiso con la honestidad, el servicio p\u00fablico y la justicia social\u00bb, precis\u00f3 Encarnaci\u00f3n.<\/p>\n\n\n\n<p>Varios de los presentes compartieron an\u00e9cdotas y experiencias personales con el profesor Bosch, evocando su sencillez, sabidur\u00eda y entrega al pueblo dominicano.<\/p>\n\n\n\n<p>Asimismo, resaltaron los aportes pol\u00edticos, morales, \u00e9ticos y literarios del fenecido, considerado uno de los m\u00e1s grandes intelectuales y l\u00edderes democr\u00e1ticos del Caribe.<\/p>\n\n\n\n<p>Asistieron David S\u00e1nchez, secretario general del PLD en Manhattan, y Santos Acevedo, presidente de la Fundaci\u00f3n Juan Bosch.<\/p>\n\n\n\n<p>Tambi\u00e9n los miembros del Comit\u00e9 Central (CC) Frank Cortorreal, Miguel Suriel, Francisco Fern\u00e1ndez, V\u00edctor Compres, F\u00e9lix Francisco, Elbis Marte, Arturo Ortiz, David Cordero y Zobeida Dur\u00e1n.<\/p>\n\n\n\n<p>Adem\u00e1s, Leo Peter, Mercedes Collado, Josefina Alc\u00e1ntara, Lourdes Fern\u00e1ndez, Xiomara Payano, Nelson Ure\u00f1a, Kiara Jim\u00e9nez, Badui Fern\u00e1ndez, Jes\u00fas Casanova, Alejandro Fr\u00edas, Margot Peralta, y Eric Garc\u00eda, entre otros.<\/p>\n\n\n\n<p>El evento concluy\u00f3 con un llamado a continuar fortaleciendo los ideales de democracia, equidad y transparencia por los que Bosch luch\u00f3 durante toda su vida, recordando que su legado sigue siendo faro y gu\u00eda para las presentes y futuras generaciones de dominicanos, tanto en la isla como en la di\u00e1spora.  <\/p>\n","protected":false},"excerpt":{"rendered":"<p>Por Ram\u00f3n Mercedes NUEVA YORK.-&nbsp;El Partido de la Liberaci\u00f3n Dominicana (PLD) en el condado de Manhattan, que dirige el profesor Rafael Encarnaci\u00f3n, deposit\u00f3 una ofrenda floral el pasado fin de semana en el Alto Manhattan en conmemoraci\u00f3n del 116 aniversario del natalicio del profesor Juan Bosch (30 de junio de 1909), fundador y gu\u00eda moral [&hellip;]<\/p>\n","protected":false},"author":7,"featured_media":624333,"comment_status":"closed","ping_status":"closed","sticky":false,"template":"","format":"standard","meta":{"footnotes":""},"categories":[22],"tags":[181],"class_list":["post-624318","post","type-post","status-publish","format-standard","has-post-thumbnail","hentry","category-politica","tag-ramon-mercedes"],"_links":{"self":[{"href":"https:\/\/diariodominicano.com\/index.php?rest_route=\/wp\/v2\/posts\/624318","targetHints":{"allow":["GET"]}}],"collection":[{"href":"https:\/\/diariodominicano.com\/index.php?rest_route=\/wp\/v2\/posts"}],"about":[{"href":"https:\/\/diariodominicano.com\/index.php?rest_route=\/wp\/v2\/types\/post"}],"author":[{"embeddable":true,"href":"https:\/\/diariodominicano.com\/index.php?rest_route=\/wp\/v2\/users\/7"}],"replies":[{"embeddable":true,"href":"https:\/\/diariodominicano.com\/index.php?rest_route=%2Fwp%2Fv2%2Fcomments&post=624318"}],"version-history":[{"count":1,"href":"https:\/\/diariodominicano.com\/index.php?rest_route=\/wp\/v2\/posts\/624318\/revisions"}],"predecessor-version":[{"id":624338,"href":"https:\/\/diariodominicano.com\/index.php?rest_route=\/wp\/v2\/posts\/624318\/revisions\/624338"}],"wp:featuredmedia":[{"embeddable":true,"href":"https:\/\/diariodominicano.com\/index.php?rest_route=\/wp\/v2\/media\/624333"}],"wp:attachment":[{"href":"https:\/\/diariodominicano.com\/index.php?rest_route=%2Fwp%2Fv2%2Fmedia&parent=624318"}],"wp:term":[{"taxonomy":"category","embeddable":true,"href":"https:\/\/diariodominicano.com\/index.php?rest_route=%2Fwp%2Fv2%2Fcategories&post=624318"},{"taxonomy":"post_tag","embeddable":true,"href":"https:\/\/diariodominicano.com\/index.php?rest_route=%2Fwp%2Fv2%2Ftags&post=624318"}],"curies":[{"name":"wp","href":"https:\/\/api.w.org\/{rel}","templated":true}]}}