{"id":624312,"date":"2025-07-02T00:26:28","date_gmt":"2025-07-02T04:26:28","guid":{"rendered":"https:\/\/diariodominicano.com\/?p=624312"},"modified":"2025-07-03T02:23:22","modified_gmt":"2025-07-03T06:23:22","slug":"mas-de-70-millones-de-personas-viajaran-este-4-de-julio-en-usa-2","status":"publish","type":"post","link":"https:\/\/diariodominicano.com\/?p=624312","title":{"rendered":"M\u00e1s de 70 millones de personas viajar\u00e1n este 4 de julio en USA"},"content":{"rendered":"\n<p><strong>Por Ram\u00f3n Mercedes<\/strong><\/p>\n\n\n\n<p><strong>NUEVA YORK.-<\/strong>&nbsp;Para este pr\u00f3ximo 4 de julio, D\u00eda de la Independencia de Estados Unidos, el club automovil\u00edstico AAA prev\u00e9 que unos 70,9 millones de personas viajar\u00e1n en el territorio estadounidense.<\/p>\n\n\n\n<p>Se alejar\u00e1n unos 80 kil\u00f3metros o m\u00e1s de sus hogares durante los nueve d\u00edas que durar\u00e1n los desplazamientos por la celebraci\u00f3n el D\u00eda de la Independencia, superando cifras anteriores.<\/p>\n\n\n\n<p>Los millones de viajeros que saldr\u00e1n en alg\u00fan momento de la pr\u00f3xima semana festiva significar\u00e1n carreteras congestionadas y aeropuertos y estaciones de tren abarrotadas.<\/p>\n\n\n\n<p>La Administraci\u00f3n de Seguridad en el Transporte prev\u00e9 controlar a m\u00e1s de 32 millones de personas en los aeropuertos desde este jueves hasta el 8 de julio, un 5,4% m\u00e1s que el a\u00f1o pasado. <\/p>\n","protected":false},"excerpt":{"rendered":"<p>Por Ram\u00f3n Mercedes NUEVA YORK.-&nbsp;Para este pr\u00f3ximo 4 de julio, D\u00eda de la Independencia de Estados Unidos, el club automovil\u00edstico AAA prev\u00e9 que unos 70,9 millones de personas viajar\u00e1n en el territorio estadounidense. Se alejar\u00e1n unos 80 kil\u00f3metros o m\u00e1s de sus hogares durante los nueve d\u00edas que durar\u00e1n los desplazamientos por la celebraci\u00f3n el [&hellip;]<\/p>\n","protected":false},"author":7,"featured_media":624330,"comment_status":"closed","ping_status":"closed","sticky":false,"template":"","format":"standard","meta":{"footnotes":""},"categories":[23],"tags":[181],"class_list":["post-624312","post","type-post","status-publish","format-standard","has-post-thumbnail","hentry","category-internacional","tag-ramon-mercedes"],"_links":{"self":[{"href":"https:\/\/diariodominicano.com\/index.php?rest_route=\/wp\/v2\/posts\/624312","targetHints":{"allow":["GET"]}}],"collection":[{"href":"https:\/\/diariodominicano.com\/index.php?rest_route=\/wp\/v2\/posts"}],"about":[{"href":"https:\/\/diariodominicano.com\/index.php?rest_route=\/wp\/v2\/types\/post"}],"author":[{"embeddable":true,"href":"https:\/\/diariodominicano.com\/index.php?rest_route=\/wp\/v2\/users\/7"}],"replies":[{"embeddable":true,"href":"https:\/\/diariodominicano.com\/index.php?rest_route=%2Fwp%2Fv2%2Fcomments&post=624312"}],"version-history":[{"count":1,"href":"https:\/\/diariodominicano.com\/index.php?rest_route=\/wp\/v2\/posts\/624312\/revisions"}],"predecessor-version":[{"id":624341,"href":"https:\/\/diariodominicano.com\/index.php?rest_route=\/wp\/v2\/posts\/624312\/revisions\/624341"}],"wp:featuredmedia":[{"embeddable":true,"href":"https:\/\/diariodominicano.com\/index.php?rest_route=\/wp\/v2\/media\/624330"}],"wp:attachment":[{"href":"https:\/\/diariodominicano.com\/index.php?rest_route=%2Fwp%2Fv2%2Fmedia&parent=624312"}],"wp:term":[{"taxonomy":"category","embeddable":true,"href":"https:\/\/diariodominicano.com\/index.php?rest_route=%2Fwp%2Fv2%2Fcategories&post=624312"},{"taxonomy":"post_tag","embeddable":true,"href":"https:\/\/diariodominicano.com\/index.php?rest_route=%2Fwp%2Fv2%2Ftags&post=624312"}],"curies":[{"name":"wp","href":"https:\/\/api.w.org\/{rel}","templated":true}]}}