{"id":624310,"date":"2025-07-02T18:06:45","date_gmt":"2025-07-02T22:06:45","guid":{"rendered":"https:\/\/diariodominicano.com\/?p=624310"},"modified":"2025-07-02T18:06:49","modified_gmt":"2025-07-02T22:06:49","slug":"ministro-freund-el-100-de-las-instituciones-estaran-integradas-en-esquema-de-horario-escalonado-para-el-proximo-lunes","status":"publish","type":"post","link":"https:\/\/diariodominicano.com\/?p=624310","title":{"rendered":"Ministro Freund: El 100% de las instituciones estar\u00e1n integradas en esquema de horario escalonado para el pr\u00f3ximo lunes"},"content":{"rendered":"\n<p><em>Garantiza plan se ha ido implementando con \u00e9xito y que m\u00e1s de 60 instituciones ya se encuentran cumpliendo con lo dispuesto.<\/em><\/p>\n\n\n\n<p><strong>Santo Domingo, RD. \u2013&nbsp;<\/strong>&#8211; El ministro de Administraci\u00f3n P\u00fablica, Sigmund Freund, asegur\u00f3 esta ma\u00f1ana que, para el inicio de la pr\u00f3xima semana, el 100% de las instituciones se habr\u00e1n integrado de manera oficial al nuevo esquema de horario escalonado, el cual forma parte del plan para descongestionar las calles del Gran Santo Domingo.<\/p>\n\n\n\n<p>\u00abTenemos que entender que hay muchas instituciones que tienen naturalezas complejas, la cantidad de empleados que tienen, poder coordinar y cuadrar los horarios con personas con diferentes realidades, no es una tarea sencilla; o sea, que lo que nosotros siempre pensamos, y as\u00ed se est\u00e1 estableciendo, es que a partir del d\u00eda de ayer iba a ser escalonado y no se iba a completar el 100% el mismo primero de julio\u00bb, explic\u00f3 Freund.<\/p>\n\n\n\n<p>El titular del Ministerio de Administraci\u00f3n P\u00fablica (MAP) asegur\u00f3 que hasta el momento el plan marcha de acuerdo a lo estipulado, y que 68 instituciones p\u00fablicas ya han comenzado con la implementaci\u00f3n de este. Destac\u00f3 que ese resultado fue logrado gracias a qu\u00e9 desde el momento en que fue emitida la Circular 008962, d\u00f3nde se oficializa el escalonamiento de los horarios, se ha ido trabajando con cada una de las entidades gubernamentales para que logren cumplir con lo dispuesto en el documento.<\/p>\n\n\n\n<p>La meta planteada en la circular emitida por el MAP es lograr que las instituciones p\u00fablicas, con presencia en el Gran Santo Domingo, deber\u00e1n dividir el 70% de su personal en los horarios de 7:00 am \u2013 3:00 pm y de 7:30 am \u2013 3:30 pm; mientras que el 30% se podr\u00e1 mantener en su horario habitual, de 8:00 am a 4:00 pm.<\/p>\n\n\n\n<p><strong>M\u00e1s de 20,000 servidores se han integrado<\/strong><\/p>\n\n\n\n<p>El ministro Freund inform\u00f3 que durante el primer d\u00eda de implementaci\u00f3n, m\u00e1s de 20,000 servidores p\u00fablicos se integraron al esquema del horario escalonado.<\/p>\n\n\n\n<p>Un comunicado emitido por esta instituci\u00f3n este martes, precisa que 21,806 servidores p\u00fablicos iniciaron en los nuevos horarios, unos 4,200 de 7:00 a. m. a 3:00 p. m.; 11,204 de 7:30 a. m. a 3:30 p. m, mientras que 6,402 se quedaron con la jornada habitual de 8:00 a. m. a 4:00 p. m.<\/p>\n\n\n\n<p>El ministro de Administraci\u00f3n P\u00fablica ofreci\u00f3 estas declaraciones al ser abordado por representantes de los medios de comunicaci\u00f3n tras participar en la ceremonia de premiaci\u00f3n del iTICge 2024, organizada por la Oficina Gubernamental de Tecnolog\u00edas de la Informaci\u00f3n y Comunicaci\u00f3n (OGTIC), donde se reconocieron a 17 instituciones del Estado por su destacado uso de las TIC y la innovaci\u00f3n para mejorar los servicios p\u00fablicos y ofrecer soluciones m\u00e1s efectivas a la ciudadan\u00eda.<\/p>\n\n\n\n<p>Prensa MAP <a href=\"mailto:prensa@map.gob.do\">prensa@map.gob.do<\/a><\/p>\n","protected":false},"excerpt":{"rendered":"<p>Garantiza plan se ha ido implementando con \u00e9xito y que m\u00e1s de 60 instituciones ya se encuentran cumpliendo con lo dispuesto. Santo Domingo, RD. \u2013&nbsp;&#8211; El ministro de Administraci\u00f3n P\u00fablica, Sigmund Freund, asegur\u00f3 esta ma\u00f1ana que, para el inicio de la pr\u00f3xima semana, el 100% de las instituciones se habr\u00e1n integrado de manera oficial al [&hellip;]<\/p>\n","protected":false},"author":7,"featured_media":624313,"comment_status":"closed","ping_status":"closed","sticky":false,"template":"","format":"standard","meta":{"footnotes":""},"categories":[20],"tags":[501],"class_list":["post-624310","post","type-post","status-publish","format-standard","has-post-thumbnail","hentry","category-dominicana-hoy","tag-ministro-de-administracion-publica"],"_links":{"self":[{"href":"https:\/\/diariodominicano.com\/index.php?rest_route=\/wp\/v2\/posts\/624310","targetHints":{"allow":["GET"]}}],"collection":[{"href":"https:\/\/diariodominicano.com\/index.php?rest_route=\/wp\/v2\/posts"}],"about":[{"href":"https:\/\/diariodominicano.com\/index.php?rest_route=\/wp\/v2\/types\/post"}],"author":[{"embeddable":true,"href":"https:\/\/diariodominicano.com\/index.php?rest_route=\/wp\/v2\/users\/7"}],"replies":[{"embeddable":true,"href":"https:\/\/diariodominicano.com\/index.php?rest_route=%2Fwp%2Fv2%2Fcomments&post=624310"}],"version-history":[{"count":1,"href":"https:\/\/diariodominicano.com\/index.php?rest_route=\/wp\/v2\/posts\/624310\/revisions"}],"predecessor-version":[{"id":624314,"href":"https:\/\/diariodominicano.com\/index.php?rest_route=\/wp\/v2\/posts\/624310\/revisions\/624314"}],"wp:featuredmedia":[{"embeddable":true,"href":"https:\/\/diariodominicano.com\/index.php?rest_route=\/wp\/v2\/media\/624313"}],"wp:attachment":[{"href":"https:\/\/diariodominicano.com\/index.php?rest_route=%2Fwp%2Fv2%2Fmedia&parent=624310"}],"wp:term":[{"taxonomy":"category","embeddable":true,"href":"https:\/\/diariodominicano.com\/index.php?rest_route=%2Fwp%2Fv2%2Fcategories&post=624310"},{"taxonomy":"post_tag","embeddable":true,"href":"https:\/\/diariodominicano.com\/index.php?rest_route=%2Fwp%2Fv2%2Ftags&post=624310"}],"curies":[{"name":"wp","href":"https:\/\/api.w.org\/{rel}","templated":true}]}}