{"id":624256,"date":"2025-07-02T16:31:43","date_gmt":"2025-07-02T20:31:43","guid":{"rendered":"https:\/\/diariodominicano.com\/?p=624256"},"modified":"2025-07-02T16:31:45","modified_gmt":"2025-07-02T20:31:45","slug":"condenan-hombre-acusado-de-herir-a-otro-con-un-arma-de-fuego-ilegal-en-salcedo","status":"publish","type":"post","link":"https:\/\/diariodominicano.com\/?p=624256","title":{"rendered":"Condenan hombre acusado de herir a otro con un arma de fuego ilegal en Salcedo"},"content":{"rendered":"\n<p><strong>SANTO DOMINGO (Rep\u00fablica Dominicana).-<\/strong>&nbsp;Tras acoger la acusaci\u00f3n del Ministerio P\u00fablico, un tribunal de la provincia Hermanas Mirabal conden\u00f3 a tres a\u00f1os de prisi\u00f3n a un hombre que hiri\u00f3 a otro con un arma de fuego ilegal y lo dej\u00f3 con lesiones permanentes.<\/p>\n\n\n\n<p>La decisi\u00f3n fue tomada por el magistrado Manuel Antonio Carela, juez del Tribunal Unipersonal del Distrito Judicial de Hermanas Mirabal, contra Estever Adolfo Abreu Liriano (Fofi), quien deber\u00e1 cumplir la pena en el Centro de Privaci\u00f3n de Libertad (CPL) Juana N\u00fa\u00f1ez de Salcedo, por las lesiones causadas a Rafael Eduardo Ramos Castro.<\/p>\n\n\n\n<p>El hecho ocurri\u00f3 en medio de un incidente entre los dos hombres, ocurrido el pasado a\u00f1o, en el sector Villa Flor, del municipio Salcedo.<\/p>\n\n\n\n<p>La acusaci\u00f3n presentada por Jos\u00e9 Orlando Liriano, en representaci\u00f3n del Ministerio P\u00fablico de Hermanas Mirabal, establece que el incidente inici\u00f3 en el sector San Antonio, del referido municipio, la noche del 29 de enero del 2024, cuando la v\u00edctima sostuvo una confrontaci\u00f3n con el condenado Abreu Liriano, a quien le reclamaba por amenazar a una de sus hijas menor de edad.&nbsp;<\/p>\n\n\n\n<p>El expediente se\u00f1ala que luego de la discusi\u00f3n, la v\u00edctima se march\u00f3 del lugar, siendo perseguido por Abreu Liriano por varias cuadras del sector, gener\u00e1ndose entre ambos una nueva discusi\u00f3n.<\/p>\n\n\n\n<p>El Ministerio P\u00fablico relata que, posteriormente, cerca de las 12:00 de la medianoche, el ahora condenado esper\u00f3 a la v\u00edctima frente a su casa materna, donde le hizo varios disparos con un arma de fuego que portaba de manera ilegal.<\/p>\n\n\n\n<p>La v\u00edctima recibi\u00f3 heridas que le provocaron una fractura del f\u00e9mur, en su pierna izquierda, dej\u00e1ndole una lesi\u00f3n permanente por amputaci\u00f3n, seg\u00fan evaluaci\u00f3n m\u00e9dica legal realizada por un m\u00e9dico legista del Instituto Nacional de Ciencias Forenses (Inacif).<\/p>\n\n\n\n<p>En el juicio, el fiscal litigante demostr\u00f3 la culpabilidad penal del condenado, quien fue procesado por violentar las disposiciones establecidas en el art\u00edculo 309 del C\u00f3digo Penal Dominicano, que tipifica los golpes y las heridas, en este caso contra Ramos Castro, as\u00ed como violaciones a la Ley 631-16, para el Control y Regulaci\u00f3n de Armas, Municiones y Materiales Relacionados.<\/p>\n\n\n\n<p><strong>Direcci\u00f3n General de Comunicaci\u00f3n, Prensa y RRPP<\/strong><\/p>\n\n\n\n<p><strong>Ministerio P\u00fablico RD<\/strong><\/p>\n\n\n\n<p>Comunicaciones PGR <a href=\"mailto:comunicaciones@pgr.gob.do\">comunicaciones@pgr.gob.do<\/a><\/p>\n","protected":false},"excerpt":{"rendered":"<p>SANTO DOMINGO (Rep\u00fablica Dominicana).-&nbsp;Tras acoger la acusaci\u00f3n del Ministerio P\u00fablico, un tribunal de la provincia Hermanas Mirabal conden\u00f3 a tres a\u00f1os de prisi\u00f3n a un hombre que hiri\u00f3 a otro con un arma de fuego ilegal y lo dej\u00f3 con lesiones permanentes. La decisi\u00f3n fue tomada por el magistrado Manuel Antonio Carela, juez del Tribunal [&hellip;]<\/p>\n","protected":false},"author":7,"featured_media":495896,"comment_status":"closed","ping_status":"closed","sticky":false,"template":"","format":"standard","meta":{"footnotes":""},"categories":[24],"tags":[171],"class_list":["post-624256","post","type-post","status-publish","format-standard","has-post-thumbnail","hentry","category-justicia-y-derecho","tag-ministerio-publico"],"_links":{"self":[{"href":"https:\/\/diariodominicano.com\/index.php?rest_route=\/wp\/v2\/posts\/624256","targetHints":{"allow":["GET"]}}],"collection":[{"href":"https:\/\/diariodominicano.com\/index.php?rest_route=\/wp\/v2\/posts"}],"about":[{"href":"https:\/\/diariodominicano.com\/index.php?rest_route=\/wp\/v2\/types\/post"}],"author":[{"embeddable":true,"href":"https:\/\/diariodominicano.com\/index.php?rest_route=\/wp\/v2\/users\/7"}],"replies":[{"embeddable":true,"href":"https:\/\/diariodominicano.com\/index.php?rest_route=%2Fwp%2Fv2%2Fcomments&post=624256"}],"version-history":[{"count":1,"href":"https:\/\/diariodominicano.com\/index.php?rest_route=\/wp\/v2\/posts\/624256\/revisions"}],"predecessor-version":[{"id":624275,"href":"https:\/\/diariodominicano.com\/index.php?rest_route=\/wp\/v2\/posts\/624256\/revisions\/624275"}],"wp:featuredmedia":[{"embeddable":true,"href":"https:\/\/diariodominicano.com\/index.php?rest_route=\/wp\/v2\/media\/495896"}],"wp:attachment":[{"href":"https:\/\/diariodominicano.com\/index.php?rest_route=%2Fwp%2Fv2%2Fmedia&parent=624256"}],"wp:term":[{"taxonomy":"category","embeddable":true,"href":"https:\/\/diariodominicano.com\/index.php?rest_route=%2Fwp%2Fv2%2Fcategories&post=624256"},{"taxonomy":"post_tag","embeddable":true,"href":"https:\/\/diariodominicano.com\/index.php?rest_route=%2Fwp%2Fv2%2Ftags&post=624256"}],"curies":[{"name":"wp","href":"https:\/\/api.w.org\/{rel}","templated":true}]}}