{"id":624255,"date":"2025-07-02T16:26:06","date_gmt":"2025-07-02T20:26:06","guid":{"rendered":"https:\/\/diariodominicano.com\/?p=624255"},"modified":"2025-07-02T16:26:08","modified_gmt":"2025-07-02T20:26:08","slug":"unapec-juramenta-nuevo-rector-erik-perez-vega-asume-compromiso-de-robustecer-capacidades-para-encarar-demandas-del-siglo-xxi","status":"publish","type":"post","link":"https:\/\/diariodominicano.com\/?p=624255","title":{"rendered":"UNAPEC juramenta nuevo rector Erik P\u00e9rez Vega asume compromiso de robustecer capacidades para encarar demandas del siglo XXI\u201d"},"content":{"rendered":"\n<p>La excelencia acad\u00e9mica, innovaci\u00f3n pedag\u00f3gica, y la vinculaci\u00f3n con el entorno local y global son ejes de su promesa de valor<\/p>\n\n\n\n<p><strong>Santo Domingo, D.N.<\/strong>&nbsp;\u2014&nbsp;En una ceremonia solemne el Lic. Erik P\u00e9rez Vega fue juramentado como nuevo rector de la Universidad APEC (UNAPEC), marcando el inicio de una nueva etapa para esta instituci\u00f3n que este a\u00f1o celebra su 60 aniversario como referente de la educaci\u00f3n superior en Rep\u00fablica Dominicana.<\/p>\n\n\n\n<figure class=\"wp-block-gallery has-nested-images columns-default is-cropped wp-block-gallery-1 is-layout-flex wp-block-gallery-is-layout-flex\">\n<figure class=\"wp-block-image size-large\"><img loading=\"lazy\" decoding=\"async\" width=\"388\" height=\"310\" data-id=\"624272\" src=\"https:\/\/diariodominicano.com\/wp-content\/uploads\/2025\/07\/El-rector-entrante-Erik-Perez-Vega-recibe-los-simbolos-institucionalesel-birrete-esclavina-y-bandera-de-Unapec-del-rector-saliente-Dr.-Franklyn-Holguin-Hache.jpg\" alt=\"\" class=\"wp-image-624272\" srcset=\"https:\/\/diariodominicano.com\/wp-content\/uploads\/2025\/07\/El-rector-entrante-Erik-Perez-Vega-recibe-los-simbolos-institucionalesel-birrete-esclavina-y-bandera-de-Unapec-del-rector-saliente-Dr.-Franklyn-Holguin-Hache.jpg 388w, https:\/\/diariodominicano.com\/wp-content\/uploads\/2025\/07\/El-rector-entrante-Erik-Perez-Vega-recibe-los-simbolos-institucionalesel-birrete-esclavina-y-bandera-de-Unapec-del-rector-saliente-Dr.-Franklyn-Holguin-Hache-300x240.jpg 300w\" sizes=\"auto, (max-width: 388px) 100vw, 388px\" \/><figcaption class=\"wp-element-caption\">El rector entrante Erik P\u00e9rez Vega recibe los s\u00edmbolos institucionales,el birrete, esclavina y bandera de Unapec, del rector saliente, Dr. Franklyn Holgu\u00edn Hach\u00e9 <\/figcaption><\/figure>\n<\/figure>\n\n\n\n<p>Ante la presencia del ministro de Educaci\u00f3n Superior, Ciencia y Tecnolog\u00eda, Dr. Franklin Garc\u00eda Ferm\u00edn; la presidenta de la Junta de Directores de UNAPEC, Dra. Elena Viyella; el presidente del Consejo de Directores del Grupo APEC, Lic. Carlos Ortega, y otras destacadas personalidades del \u00e1mbito acad\u00e9mico y empresarial, P\u00e9rez Vega asumi\u00f3 su compromiso con la excelencia acad\u00e9mica y\u00a0la garant\u00eda de una educaci\u00f3n que transforme las vidas del estudiantado en agentes de cambio positivo.<\/p>\n\n\n\n<figure class=\"wp-block-gallery has-nested-images columns-default is-cropped wp-block-gallery-2 is-layout-flex wp-block-gallery-is-layout-flex\">\n<figure class=\"wp-block-image size-large\"><img loading=\"lazy\" decoding=\"async\" width=\"453\" height=\"310\" data-id=\"624271\" src=\"https:\/\/diariodominicano.com\/wp-content\/uploads\/2025\/07\/El-nuevo-rector-de-Unapec-Lic.-Erik-Perez-Vega-durante-su-discurso-de-toma-de-posesion.jpg\" alt=\"\" class=\"wp-image-624271\" srcset=\"https:\/\/diariodominicano.com\/wp-content\/uploads\/2025\/07\/El-nuevo-rector-de-Unapec-Lic.-Erik-Perez-Vega-durante-su-discurso-de-toma-de-posesion.jpg 453w, https:\/\/diariodominicano.com\/wp-content\/uploads\/2025\/07\/El-nuevo-rector-de-Unapec-Lic.-Erik-Perez-Vega-durante-su-discurso-de-toma-de-posesion-300x205.jpg 300w\" sizes=\"auto, (max-width: 453px) 100vw, 453px\" \/><figcaption class=\"wp-element-caption\">El nuevo rector de Unapec, Lic. Erik P\u00e9rez Vega, durante su discurso de toma de posesi\u00f3n <\/figcaption><\/figure>\n<\/figure>\n\n\n\n<p><a>Asumo este compromiso con la certeza de que solo juntos podemos responder a las demandas del siglo XXI\u201d,&nbsp;<\/a>afirm\u00f3 el nuevo rector en su intervenci\u00f3n.<\/p>\n\n\n\n<p>Deline\u00f3 en su discurso los ejes que definir\u00e1n su gesti\u00f3n: excelencia acad\u00e9mica, innovaci\u00f3n pedag\u00f3gica, atenci\u00f3n integral al estudiante y vinculaci\u00f3n estrat\u00e9gica con el entorno local y global.<\/p>\n\n\n\n<figure class=\"wp-block-gallery has-nested-images columns-default is-cropped wp-block-gallery-3 is-layout-flex wp-block-gallery-is-layout-flex\">\n<figure class=\"wp-block-image size-large\"><img loading=\"lazy\" decoding=\"async\" width=\"963\" height=\"770\" data-id=\"624270\" src=\"https:\/\/diariodominicano.com\/wp-content\/uploads\/2025\/07\/La-Dra.-Elena-Viyella-toma-juramento-al-nuevo-rector-de-Unapec-Erik-Perez-Vega.jpg\" alt=\"\" class=\"wp-image-624270\" srcset=\"https:\/\/diariodominicano.com\/wp-content\/uploads\/2025\/07\/La-Dra.-Elena-Viyella-toma-juramento-al-nuevo-rector-de-Unapec-Erik-Perez-Vega.jpg 963w, https:\/\/diariodominicano.com\/wp-content\/uploads\/2025\/07\/La-Dra.-Elena-Viyella-toma-juramento-al-nuevo-rector-de-Unapec-Erik-Perez-Vega-300x240.jpg 300w, https:\/\/diariodominicano.com\/wp-content\/uploads\/2025\/07\/La-Dra.-Elena-Viyella-toma-juramento-al-nuevo-rector-de-Unapec-Erik-Perez-Vega-768x614.jpg 768w, https:\/\/diariodominicano.com\/wp-content\/uploads\/2025\/07\/La-Dra.-Elena-Viyella-toma-juramento-al-nuevo-rector-de-Unapec-Erik-Perez-Vega-816x652.jpg 816w\" sizes=\"auto, (max-width: 963px) 100vw, 963px\" \/><figcaption class=\"wp-element-caption\">La Dra. Elena Viyella toma juramento al nuevo rector de Unapec, Erik P\u00e9rez Vega <\/figcaption><\/figure>\n<\/figure>\n\n\n\n<p>\u201cHoy, m\u00e1s que nunca, enfrentamos un escenario din\u00e1mico y desafiante, marcado por avances tecnol\u00f3gicos, cambios sociales y demandas globales. Debemos renovar nuestro compromiso con la excelencia acad\u00e9mica y garantizar una educaci\u00f3n que transforme vidas y convierta a nuestros estudiantes en agentes de cambio positivo\u201d.<\/p>\n\n\n\n<p>Durante su discurso,&nbsp;<strong>P\u00e9rez Vega<\/strong>&nbsp;resalt\u00f3 su compromiso de trabajar de forma cercana con la comunidad universitaria, fortaleciendo el pensamiento cr\u00edtico, la creatividad, el liderazgo responsable y la generaci\u00f3n de conocimiento aplicado, como pilares para formar profesionales capaces de contribuir activamente al desarrollo sostenible del pa\u00eds y la regi\u00f3n.<\/p>\n\n\n\n<p>Por su parte, la presidenta de la Junta de Directores,&nbsp;<strong>Dra. Elena Viyella<\/strong>, destac\u00f3 que este relevo rectoral simboliza la continuidad de un proyecto acad\u00e9mico que honra seis d\u00e9cadas de aportes a la sociedad dominicana, apuntalando que bajo esta nueva gesti\u00f3n se proyecta consolidar su presencia regional como una universidad innovadora, pertinente y comprometida con los m\u00e1s altos est\u00e1ndares de calidad.<\/p>\n\n\n\n<p>Del mismo modo, acot\u00f3 que la universidad no solo forma profesionales: forma ciudadanos, l\u00edderes y seres humanos capaces de transformar su entorno.<\/p>\n\n\n\n<p>&lt;&lt; Ese es nuestro legado y nuestra responsabilidad compartida. Hoy renovamos ese compromiso, con la esperanza de que cada paso que demos reafirme nuestra convicci\u00f3n de que la educaci\u00f3n sigue siendo el camino m\u00e1s seguro para construir un mejor pa\u00eds &gt;&gt;, precis\u00f3 Viyella.<\/p>\n\n\n\n<p>La ceremonia de juramentaci\u00f3n cont\u00f3 con la participaci\u00f3n de autoridades acad\u00e9micas, docentes, estudiantes, egresados y representantes del sector productivo, quienes manifestaron su respaldo a la nueva etapa institucional.<\/p>\n\n\n\n<p>Con esta designaci\u00f3n, UNAPEC reafirma su misi\u00f3n de formar ciudadanos cr\u00edticos, creativos y comprometidos con la transformaci\u00f3n positiva de su entorno, manteniendo como norte la excelencia, la innovaci\u00f3n y la responsabilidad social.<\/p>\n\n\n\n<p>Direcci\u00f3n de Comunicaci\u00f3n Estrat\u00e9gica y RRPP<\/p>\n\n\n\n<p>Universidad APEC\/UNAPEC<\/p>\n\n\n\n<p>Rosa Mar\u00eda Jim\u00e9nez<\/p>\n\n\n\n<p><a href=\"mailto:rmj.comunicaciones@gmail.com\" target=\"_blank\" rel=\"noreferrer noopener\">rmj.comunicaciones@gmail.com<\/a><\/p>\n","protected":false},"excerpt":{"rendered":"<p>La excelencia acad\u00e9mica, innovaci\u00f3n pedag\u00f3gica, y la vinculaci\u00f3n con el entorno local y global son ejes de su promesa de valor Santo Domingo, D.N.&nbsp;\u2014&nbsp;En una ceremonia solemne el Lic. Erik P\u00e9rez Vega fue juramentado como nuevo rector de la Universidad APEC (UNAPEC), marcando el inicio de una nueva etapa para esta instituci\u00f3n que este a\u00f1o [&hellip;]<\/p>\n","protected":false},"author":7,"featured_media":624273,"comment_status":"closed","ping_status":"open","sticky":false,"template":"","format":"standard","meta":{"footnotes":""},"categories":[36],"tags":[985],"class_list":["post-624255","post","type-post","status-publish","format-standard","has-post-thumbnail","hentry","category-hombresmujeresycosas","tag-unapec"],"_links":{"self":[{"href":"https:\/\/diariodominicano.com\/index.php?rest_route=\/wp\/v2\/posts\/624255","targetHints":{"allow":["GET"]}}],"collection":[{"href":"https:\/\/diariodominicano.com\/index.php?rest_route=\/wp\/v2\/posts"}],"about":[{"href":"https:\/\/diariodominicano.com\/index.php?rest_route=\/wp\/v2\/types\/post"}],"author":[{"embeddable":true,"href":"https:\/\/diariodominicano.com\/index.php?rest_route=\/wp\/v2\/users\/7"}],"replies":[{"embeddable":true,"href":"https:\/\/diariodominicano.com\/index.php?rest_route=%2Fwp%2Fv2%2Fcomments&post=624255"}],"version-history":[{"count":1,"href":"https:\/\/diariodominicano.com\/index.php?rest_route=\/wp\/v2\/posts\/624255\/revisions"}],"predecessor-version":[{"id":624274,"href":"https:\/\/diariodominicano.com\/index.php?rest_route=\/wp\/v2\/posts\/624255\/revisions\/624274"}],"wp:featuredmedia":[{"embeddable":true,"href":"https:\/\/diariodominicano.com\/index.php?rest_route=\/wp\/v2\/media\/624273"}],"wp:attachment":[{"href":"https:\/\/diariodominicano.com\/index.php?rest_route=%2Fwp%2Fv2%2Fmedia&parent=624255"}],"wp:term":[{"taxonomy":"category","embeddable":true,"href":"https:\/\/diariodominicano.com\/index.php?rest_route=%2Fwp%2Fv2%2Fcategories&post=624255"},{"taxonomy":"post_tag","embeddable":true,"href":"https:\/\/diariodominicano.com\/index.php?rest_route=%2Fwp%2Fv2%2Ftags&post=624255"}],"curies":[{"name":"wp","href":"https:\/\/api.w.org\/{rel}","templated":true}]}}