{"id":624254,"date":"2025-07-02T16:32:00","date_gmt":"2025-07-02T20:32:00","guid":{"rendered":"https:\/\/diariodominicano.com\/?p=624254"},"modified":"2025-07-02T16:32:02","modified_gmt":"2025-07-02T20:32:02","slug":"cimen-inaugura-en-san-francisco-de-macoris-el-centro-de-diagnostico-mas-grande-y-avanzado-del-pais","status":"publish","type":"post","link":"https:\/\/diariodominicano.com\/?p=624254","title":{"rendered":"CIMEN inaugura en San Francisco de Macor\u00eds el centro de diagn\u00f3stico m\u00e1s grande y avanzado del pa\u00eds"},"content":{"rendered":"\n<p>Con m\u00e1s de 2,000 metros cuadrados de infraestructura, una inversi\u00f3n superior a los RD$500 millones y tecnolog\u00eda m\u00e9dica de \u00faltima generaci\u00f3n, CIMEN redefine el est\u00e1ndar del diagn\u00f3stico especializado en la regi\u00f3n Nordeste.<\/p>\n\n\n\n<p>San Francisco de Macor\u00eds, provincia Duarte.\u2014&nbsp;Consolidando su compromiso con la salud y el bienestar de la regi\u00f3n Nordeste, CIMEN abri\u00f3 un centro de diagn\u00f3sticos m\u00e9dicos de vanguardia en la ciudad de San Francisco de Macor\u00eds, proyecto que incorpora lo m\u00e1s avanzado en tecnolog\u00eda m\u00e9dica para garantizar resultados confiables y procedimientos eficientes para la ciudad y sus alrededores.<\/p>\n\n\n\n<figure class=\"wp-block-image size-large\"><img loading=\"lazy\" decoding=\"async\" width=\"1024\" height=\"682\" src=\"https:\/\/diariodominicano.com\/wp-content\/uploads\/2025\/07\/Consejo-de-Administracion-CIMEN-y-las-autoridades-1024x682.jpg\" alt=\"\" class=\"wp-image-624268\" srcset=\"https:\/\/diariodominicano.com\/wp-content\/uploads\/2025\/07\/Consejo-de-Administracion-CIMEN-y-las-autoridades-1024x682.jpg 1024w, https:\/\/diariodominicano.com\/wp-content\/uploads\/2025\/07\/Consejo-de-Administracion-CIMEN-y-las-autoridades-300x200.jpg 300w, https:\/\/diariodominicano.com\/wp-content\/uploads\/2025\/07\/Consejo-de-Administracion-CIMEN-y-las-autoridades-768x512.jpg 768w, https:\/\/diariodominicano.com\/wp-content\/uploads\/2025\/07\/Consejo-de-Administracion-CIMEN-y-las-autoridades-816x544.jpg 816w, https:\/\/diariodominicano.com\/wp-content\/uploads\/2025\/07\/Consejo-de-Administracion-CIMEN-y-las-autoridades.jpg 1043w\" sizes=\"auto, (max-width: 1024px) 100vw, 1024px\" \/><figcaption class=\"wp-element-caption\">Consejo de Administraci\u00f3n CIMEN y las autoridades <\/figcaption><\/figure>\n\n\n\n<p>Durante el discurso central, el doctor Ho Chi Veras, presidente de CIMEN, comparti\u00f3 la emotiva historia detr\u00e1s de este logro, recordando c\u00f3mo, hace m\u00e1s de dos d\u00e9cadas, so\u00f1\u00f3 con traer la medicina nuclear a la Rep\u00fablica Dominicana, incluso cuando muchos lo consideraban imposible.<\/p>\n\n\n\n<p>\u00abEsa misma convicci\u00f3n que dio origen a CIMEN es la que hoy nos ha tra\u00eddo hasta la Ciudad del Jaya: la firme decisi\u00f3n de acercar la medicina nuclear, una herramienta esencial para el diagn\u00f3stico oportuno, a nuestro pa\u00eds, a nuestra gente, a la provincia Duarte\u00bb, expres\u00f3 el profesional de la salud.<\/p>\n\n\n\n<p>De igual manera indic\u00f3 que su relaci\u00f3n con la regi\u00f3n no es nueva, puesto que ha acompa\u00f1ado a millas de pacientes del Nordeste del pa\u00eds con un enfoque t\u00e9cnico riguroso y, sobre todo, profundamente humano.<\/p>\n\n\n\n<p>\u201cA trav\u00e9s de m\u00e1s de 25.000 estudios de gammagraf\u00eda, hemos sido aliados en el diagn\u00f3stico y seguimiento de enfermedades oncol\u00f3gicas, contribuyendo en silencio, pero con firmeza, al bienestar de muchas familias francomacorisanas\u201d, testimoni\u00f3 el doctor Veras.<\/p>\n\n\n\n<p>El nuevo centro, con una inversi\u00f3n superior a 500 millones de pesos, cuenta con cuatro niveles, 12 consultorios m\u00e9dicos y m\u00e1s de 2,000 metros cuadrados dise\u00f1ados para ofrecer diagn\u00f3sticos precisos y oportunos. Adem\u00e1s, fue concebido con una oferta de diagn\u00f3stico integral, que abarca desde resonancia magn\u00e9tica, tomograf\u00eda computarizada y medicina nuclear, hasta cardiolog\u00eda no invasiva y una amplia gama de estudios especializados.<\/p>\n\n\n\n<p>De acuerdo con el doctor Ho Chi Veras, su objetivo es eliminar las barreras geogr\u00e1ficas y econ\u00f3micas que hist\u00f3ricamente han limitado el acceso a estudios especializados en la regi\u00f3n.<\/p>\n\n\n\n<p>Las palabras de bienvenida estuvieron a cargo de Carlos Cerda, gerente general y secretario del Consejo de Administraci\u00f3n de CIMEN, quien present\u00f3 la oferta tecnol\u00f3gica del centro, destacando su nivel de especializaci\u00f3n y cobertura regional.<\/p>\n\n\n\n<p>La nueva sede de CIMEN cuenta con un Laboratorio Cl\u00ednico de alta capacidad y unidades diagn\u00f3sticas de \u00faltima generaci\u00f3n, entre ellas: Rayos X Siemens, sonograf\u00eda con cinco equipos Mindray, densitometr\u00eda \u00f3sea Hologic y mamograf\u00eda avanzada con tomos\u00edntesis, contraste y biopsia estereot\u00e1xica. Tambi\u00e9n integra un tom\u00f3grafo Siemens de 128 cortes con inteligencia artificial, un resonador magn\u00e9tico de 1.5 Tesla, una c\u00e1mara gamma SPECT y una completa unidad de cardiolog\u00eda no invasiva.<\/p>\n\n\n\n<p>Todos los servicios est\u00e1n disponibles con seguros m\u00e9dicos, incluyendo SeNaSa subsidiado, garantizando acceso, precisi\u00f3n y tecnolog\u00eda de vanguardia para toda la regi\u00f3n.<\/p>\n\n\n\n<p>Participaron del corte protocolar en la inauguraci\u00f3n: Alex D\u00edaz, Alcalde del Municipio de San Francisco de Macor\u00eds; Franklin Romero, Senador de la Provincia Duarte, as\u00ed como los miembros del Consejo de Administraci\u00f3n de CIMEN.<\/p>\n\n\n\n<p>El acto incluy\u00f3 un recorrido por las modernas instalaciones, donde los invitados pudieron apreciar los equipos de \u00faltima generaci\u00f3n y conversar con los miembros del Consejo de Administraci\u00f3n y colaboradores de Cimen.<\/p>\n\n\n\n<p>(+) Sobre CIMEN<\/p>\n\n\n\n<p>Desde su fundaci\u00f3n en 2005, CIMEN se ha convertido en un referente de excelencia en diagn\u00f3sticos m\u00e9dicos en Rep\u00fablica Dominicana. Con una red de centros que incluye Las Colinas, Tamboril, Bella Vista y ahora San Francisco de Macor\u00eds, la instituci\u00f3n ha revolucionado el sector al combinar tecnolog\u00eda de \u00faltima generaci\u00f3n con un enfoque humano y personalizado.<\/p>\n\n\n\n<p>Johanna Benoit <a href=\"mailto:benoit181182@gmail.com\">benoit181182@gmail.com<\/a><\/p>\n","protected":false},"excerpt":{"rendered":"<p>Con m\u00e1s de 2,000 metros cuadrados de infraestructura, una inversi\u00f3n superior a los RD$500 millones y tecnolog\u00eda m\u00e9dica de \u00faltima generaci\u00f3n, CIMEN redefine el est\u00e1ndar del diagn\u00f3stico especializado en la regi\u00f3n Nordeste. San Francisco de Macor\u00eds, provincia Duarte.\u2014&nbsp;Consolidando su compromiso con la salud y el bienestar de la regi\u00f3n Nordeste, CIMEN abri\u00f3 un centro de [&hellip;]<\/p>\n","protected":false},"author":7,"featured_media":624267,"comment_status":"closed","ping_status":"closed","sticky":false,"template":"","format":"standard","meta":{"footnotes":""},"categories":[36],"tags":[2772],"class_list":["post-624254","post","type-post","status-publish","format-standard","has-post-thumbnail","hentry","category-hombresmujeresycosas","tag-cimen"],"_links":{"self":[{"href":"https:\/\/diariodominicano.com\/index.php?rest_route=\/wp\/v2\/posts\/624254","targetHints":{"allow":["GET"]}}],"collection":[{"href":"https:\/\/diariodominicano.com\/index.php?rest_route=\/wp\/v2\/posts"}],"about":[{"href":"https:\/\/diariodominicano.com\/index.php?rest_route=\/wp\/v2\/types\/post"}],"author":[{"embeddable":true,"href":"https:\/\/diariodominicano.com\/index.php?rest_route=\/wp\/v2\/users\/7"}],"replies":[{"embeddable":true,"href":"https:\/\/diariodominicano.com\/index.php?rest_route=%2Fwp%2Fv2%2Fcomments&post=624254"}],"version-history":[{"count":1,"href":"https:\/\/diariodominicano.com\/index.php?rest_route=\/wp\/v2\/posts\/624254\/revisions"}],"predecessor-version":[{"id":624276,"href":"https:\/\/diariodominicano.com\/index.php?rest_route=\/wp\/v2\/posts\/624254\/revisions\/624276"}],"wp:featuredmedia":[{"embeddable":true,"href":"https:\/\/diariodominicano.com\/index.php?rest_route=\/wp\/v2\/media\/624267"}],"wp:attachment":[{"href":"https:\/\/diariodominicano.com\/index.php?rest_route=%2Fwp%2Fv2%2Fmedia&parent=624254"}],"wp:term":[{"taxonomy":"category","embeddable":true,"href":"https:\/\/diariodominicano.com\/index.php?rest_route=%2Fwp%2Fv2%2Fcategories&post=624254"},{"taxonomy":"post_tag","embeddable":true,"href":"https:\/\/diariodominicano.com\/index.php?rest_route=%2Fwp%2Fv2%2Ftags&post=624254"}],"curies":[{"name":"wp","href":"https:\/\/api.w.org\/{rel}","templated":true}]}}