{"id":624252,"date":"2025-07-02T15:58:40","date_gmt":"2025-07-02T19:58:40","guid":{"rendered":"https:\/\/diariodominicano.com\/?p=624252"},"modified":"2025-07-02T15:58:42","modified_gmt":"2025-07-02T19:58:42","slug":"ministerio-publico-solicitara-que-se-mantenga-la-prision-preventiva-a-imputado-del-caso-guepardo","status":"publish","type":"post","link":"https:\/\/diariodominicano.com\/?p=624252","title":{"rendered":"Ministerio P\u00fablico solicitar\u00e1 que se mantenga la prisi\u00f3n preventiva a imputado del Caso Guepardo"},"content":{"rendered":"\n<p><em><u>Unas 300 querellas de igual n\u00famero de afectados de la estafa inmobiliaria y lavado de activos han sido presentadas ante el \u00f3rgano persecutor<\/u><\/em><\/p>\n\n\n\n<p><strong>SANTO DOMINGO (Rep\u00fablica Dominicana).-<\/strong>&nbsp;El Ministerio P\u00fablico solicitar\u00e1, a trav\u00e9s de la Procuradur\u00eda Especializada contra el Lavado de Activos y el Financiamiento del Terrorismo y la Fiscal\u00eda de La Romana, que sea confirmada la prisi\u00f3n preventiva de 18 meses impuesta a Yves Alexandre Giroux, uno de los principales cabecillas de la red de estafa electr\u00f3nica de car\u00e1cter inmobiliario del Caso Guepardo.<\/p>\n\n\n\n<p>La jueza Vicky Chalas, del Segundo Juzgado de la Instrucci\u00f3n del Distrito Judicial de La Romana, aplaz\u00f3 hasta el pr\u00f3ximo 5 de agosto la audiencia para la revisi\u00f3n obligatoria de la medida impuesta a Giroux.<\/p>\n\n\n\n<p>En este proceso, las imputadas Roc\u00edo del Alba Rodr\u00edguez de Moya y Marisol Nova Nolasco recurrieron en apelaci\u00f3n, siendo fijada la audiencia para el 11 de julio de 2025 por ante la Corte de Apelaci\u00f3n del Departamento Judicial de San Pedro de Macor\u00eds.<\/p>\n\n\n\n<p>Para el martes 1 de julio tambi\u00e9n se hab\u00eda fijado una revisi\u00f3n obligatoria de la medida de coerci\u00f3n de 18 meses de prisi\u00f3n preventiva a ambas imputadas, declar\u00e1ndose el sobreseimiento de la misma hasta tanto haya una decisi\u00f3n en la Corte de Apelaci\u00f3n.<\/p>\n\n\n\n<p>En cuanto a Loany Ortiz, la principal cabecilla de la estructura junto a Yves Alexandre Giroux, se encuentra a\u00fan detenida en Bogot\u00e1, Colombia, enfrentando el proceso de extradici\u00f3n requerido por el Ministerio P\u00fablico dominicano y se espera que sea enviado lo antes posible al pa\u00eds, para que responda por sus hechos.<\/p>\n\n\n\n<p>Giroux cumple la prisi\u00f3n preventiva en el Centro de Correcci\u00f3n y Rehabilitaci\u00f3n (CCR) de San Pedro de Macor\u00eds, mientras que Rodr\u00edguez de Moya y Nova Nolasco en el CCR Najayo Mujeres, en la provincia San Crist\u00f3bal.<\/p>\n\n\n\n<p>La estructura criminal se dedicaba a promocionar proyectos inmobiliarios, atrayendo compradores de Rep\u00fablica Dominicana, Puerto Rico, Estados Unidos y Europa, a trav\u00e9s de la promoci\u00f3n de RE\/MAX, una empresa internacional reconocida en el mercado.<\/p>\n\n\n\n<p>En el transcurso de la investigaci\u00f3n se ha establecido que los miembros de la organizaci\u00f3n delictiva recibieron la suma de US$18,851,583.12, adem\u00e1s de que han sido incautados bienes inmuebles en Santo Domingo Este, Distrito Nacional, La Romana y La Altagracia, donde se secuestraron veh\u00edculos de alta gama, aparatos electr\u00f3nicos y documentaci\u00f3n relevante.<\/p>\n\n\n\n<p>El equipo de investigaci\u00f3n est\u00e1 compuesto por los fiscales Claudio Cordero, Manuel Castro, Mayerlin Rond\u00f3n y Kelvin Santana, de la Procuradur\u00eda Especializada Antilavado de Activos y la Fiscal\u00eda de La Romana.<\/p>\n\n\n\n<p>La procuradora de corte Ramona Nova y la fiscal Reina Rodr\u00edguez enfatizaron que se contin\u00faa la investigaci\u00f3n y que han recibido unas 300 querellas de igual n\u00famero de afectados de la estafa inmobiliaria y lavado de activos.<\/p>\n\n\n\n<p>El Ministerio P\u00fablico ha indicado que el accionar de estos malhechores constituye una violaci\u00f3n a los art\u00edculos 405, 265 y 266 del C\u00f3digo Penal Dominicano, 15 de la Ley 53-07 sobre Cr\u00edmenes y Delitos de Alta Tecnolog\u00eda y la Ley 155-17, sobre Lavado de Activos y Financiamiento del Terrorismo.<\/p>\n\n\n\n<p><strong>Direcci\u00f3n General de Comunicaci\u00f3n, Prensa y RRPP<\/strong><\/p>\n\n\n\n<p><strong>Ministerio P\u00fablico RD<\/strong><\/p>\n\n\n\n<p>Comunicaciones PGR <a href=\"mailto:comunicaciones@pgr.gob.do\">comunicaciones@pgr.gob.do<\/a><\/p>\n","protected":false},"excerpt":{"rendered":"<p>Unas 300 querellas de igual n\u00famero de afectados de la estafa inmobiliaria y lavado de activos han sido presentadas ante el \u00f3rgano persecutor SANTO DOMINGO (Rep\u00fablica Dominicana).-&nbsp;El Ministerio P\u00fablico solicitar\u00e1, a trav\u00e9s de la Procuradur\u00eda Especializada contra el Lavado de Activos y el Financiamiento del Terrorismo y la Fiscal\u00eda de La Romana, que sea confirmada [&hellip;]<\/p>\n","protected":false},"author":7,"featured_media":495896,"comment_status":"closed","ping_status":"closed","sticky":false,"template":"","format":"standard","meta":{"footnotes":""},"categories":[24],"tags":[171],"class_list":["post-624252","post","type-post","status-publish","format-standard","has-post-thumbnail","hentry","category-justicia-y-derecho","tag-ministerio-publico"],"_links":{"self":[{"href":"https:\/\/diariodominicano.com\/index.php?rest_route=\/wp\/v2\/posts\/624252","targetHints":{"allow":["GET"]}}],"collection":[{"href":"https:\/\/diariodominicano.com\/index.php?rest_route=\/wp\/v2\/posts"}],"about":[{"href":"https:\/\/diariodominicano.com\/index.php?rest_route=\/wp\/v2\/types\/post"}],"author":[{"embeddable":true,"href":"https:\/\/diariodominicano.com\/index.php?rest_route=\/wp\/v2\/users\/7"}],"replies":[{"embeddable":true,"href":"https:\/\/diariodominicano.com\/index.php?rest_route=%2Fwp%2Fv2%2Fcomments&post=624252"}],"version-history":[{"count":1,"href":"https:\/\/diariodominicano.com\/index.php?rest_route=\/wp\/v2\/posts\/624252\/revisions"}],"predecessor-version":[{"id":624258,"href":"https:\/\/diariodominicano.com\/index.php?rest_route=\/wp\/v2\/posts\/624252\/revisions\/624258"}],"wp:featuredmedia":[{"embeddable":true,"href":"https:\/\/diariodominicano.com\/index.php?rest_route=\/wp\/v2\/media\/495896"}],"wp:attachment":[{"href":"https:\/\/diariodominicano.com\/index.php?rest_route=%2Fwp%2Fv2%2Fmedia&parent=624252"}],"wp:term":[{"taxonomy":"category","embeddable":true,"href":"https:\/\/diariodominicano.com\/index.php?rest_route=%2Fwp%2Fv2%2Fcategories&post=624252"},{"taxonomy":"post_tag","embeddable":true,"href":"https:\/\/diariodominicano.com\/index.php?rest_route=%2Fwp%2Fv2%2Ftags&post=624252"}],"curies":[{"name":"wp","href":"https:\/\/api.w.org\/{rel}","templated":true}]}}