{"id":624251,"date":"2025-07-02T15:50:07","date_gmt":"2025-07-02T19:50:07","guid":{"rendered":"https:\/\/diariodominicano.com\/?p=624251"},"modified":"2025-07-02T15:50:09","modified_gmt":"2025-07-02T19:50:09","slug":"condena-a-10-anos-para-hombre-por-trafico-de-drogas-en-samana","status":"publish","type":"post","link":"https:\/\/diariodominicano.com\/?p=624251","title":{"rendered":"Condena a 10 a\u00f1os para hombre por tr\u00e1fico de drogas en Saman\u00e1"},"content":{"rendered":"\n<p>SANTO DOMINGO (Rep\u00fablica Dominicana).- A petici\u00f3n del Ministerio P\u00fablico, un tribunal de Saman\u00e1 conden\u00f3 a 10 a\u00f1os de prisi\u00f3n a un hombre que se dedicaba al tr\u00e1fico de drogas en el municipio de Las Terrenas.<\/p>\n\n\n\n<p>Los fiscales Reinaldo Quevedo, Anni Concepci\u00f3n y Natanael Fr\u00edas demostraron la culpabilidad de Manuel Galv\u00e1n, arrestado en flagrante delito, con posesi\u00f3n de drogas en la vivienda que compart\u00eda con su pareja sentimental, hijos menores de edad y su suegra.<\/p>\n\n\n\n<p>Galv\u00e1n fue arrestado durante un allanamiento realizado en su vivienda, donde fueron encontrados en el ba\u00f1o de su habitaci\u00f3n, encima de una tabla, dos porciones de coca\u00edna, una porci\u00f3n envuelta en funda pl\u00e1stica con rayas de colores azul y transparente la cual pesaba aproximadamente 122.9 gramos, y la otra porci\u00f3n envuelta en funda pl\u00e1stica con rayas de colores negro y transparente con un peso aproximado de 114.1 gramos, para un peso total de 233.76 de esta sustancia penada por la ley.<\/p>\n\n\n\n<p>El \u00f3rgano persecutor del delito demostr\u00f3 a los jueces Edward Jose Soto, Eriberto Jhonson, Martha Javier Cedano, del Tribunal Colegiado de Saman\u00e1, que con sus acciones, Galv\u00e1n incurri\u00f3 en la violaci\u00f3n a los art\u00edculos 4-D, 5-A, 28 y 75-II de la Ley 50-88 sobre Drogas y Sustancias Controladas.<\/p>\n\n\n\n<p>Por disposici\u00f3n del tribunal, el procesado cumplir\u00e1 la sentencia en la c\u00e1rcel p\u00fablica de Saman\u00e1.<\/p>\n\n\n\n<p><strong>Direcci\u00f3n General de Comunicaci\u00f3n, Prensa, y RRPP<\/strong><\/p>\n\n\n\n<p>Ministerio P\u00fablico&nbsp;.&nbsp;R&nbsp;.&nbsp;D&nbsp;.<\/p>\n\n\n\n<p>Comunicaciones PGR <a href=\"mailto:comunicaciones@pgr.gob.do\">comunicaciones@pgr.gob.do<\/a><\/p>\n","protected":false},"excerpt":{"rendered":"<p>SANTO DOMINGO (Rep\u00fablica Dominicana).- A petici\u00f3n del Ministerio P\u00fablico, un tribunal de Saman\u00e1 conden\u00f3 a 10 a\u00f1os de prisi\u00f3n a un hombre que se dedicaba al tr\u00e1fico de drogas en el municipio de Las Terrenas. Los fiscales Reinaldo Quevedo, Anni Concepci\u00f3n y Natanael Fr\u00edas demostraron la culpabilidad de Manuel Galv\u00e1n, arrestado en flagrante delito, con [&hellip;]<\/p>\n","protected":false},"author":7,"featured_media":576746,"comment_status":"closed","ping_status":"closed","sticky":false,"template":"","format":"standard","meta":{"footnotes":""},"categories":[24],"tags":[171],"class_list":["post-624251","post","type-post","status-publish","format-standard","has-post-thumbnail","hentry","category-justicia-y-derecho","tag-ministerio-publico"],"_links":{"self":[{"href":"https:\/\/diariodominicano.com\/index.php?rest_route=\/wp\/v2\/posts\/624251","targetHints":{"allow":["GET"]}}],"collection":[{"href":"https:\/\/diariodominicano.com\/index.php?rest_route=\/wp\/v2\/posts"}],"about":[{"href":"https:\/\/diariodominicano.com\/index.php?rest_route=\/wp\/v2\/types\/post"}],"author":[{"embeddable":true,"href":"https:\/\/diariodominicano.com\/index.php?rest_route=\/wp\/v2\/users\/7"}],"replies":[{"embeddable":true,"href":"https:\/\/diariodominicano.com\/index.php?rest_route=%2Fwp%2Fv2%2Fcomments&post=624251"}],"version-history":[{"count":1,"href":"https:\/\/diariodominicano.com\/index.php?rest_route=\/wp\/v2\/posts\/624251\/revisions"}],"predecessor-version":[{"id":624257,"href":"https:\/\/diariodominicano.com\/index.php?rest_route=\/wp\/v2\/posts\/624251\/revisions\/624257"}],"wp:featuredmedia":[{"embeddable":true,"href":"https:\/\/diariodominicano.com\/index.php?rest_route=\/wp\/v2\/media\/576746"}],"wp:attachment":[{"href":"https:\/\/diariodominicano.com\/index.php?rest_route=%2Fwp%2Fv2%2Fmedia&parent=624251"}],"wp:term":[{"taxonomy":"category","embeddable":true,"href":"https:\/\/diariodominicano.com\/index.php?rest_route=%2Fwp%2Fv2%2Fcategories&post=624251"},{"taxonomy":"post_tag","embeddable":true,"href":"https:\/\/diariodominicano.com\/index.php?rest_route=%2Fwp%2Fv2%2Ftags&post=624251"}],"curies":[{"name":"wp","href":"https:\/\/api.w.org\/{rel}","templated":true}]}}