{"id":624086,"date":"2025-07-02T00:57:09","date_gmt":"2025-07-02T04:57:09","guid":{"rendered":"https:\/\/diariodominicano.com\/?p=624086"},"modified":"2025-07-02T00:57:12","modified_gmt":"2025-07-02T04:57:12","slug":"digesett-y-parqueate-rd-activan-operativo-no-estacione-del-plan-rd-se-mueve","status":"publish","type":"post","link":"https:\/\/diariodominicano.com\/?p=624086","title":{"rendered":"DIGESETT y Parqu\u00e9ate RD activan operativo NO estacione del plan \u201cRD se mueve\u201d"},"content":{"rendered":"\n<p>La Direcci\u00f3n General de Seguridad de Tr\u00e1nsito y Transporte Terrestre (DIGESETT) en coordinaci\u00f3n con el INTRANT y ParqueateRD inici\u00f3 este martes 1 de julio el operativo NO estaciones del plan nacional \u201cRD se mueve\u201d, enfocado en la regulaci\u00f3n y fiscalizaci\u00f3n de los veh\u00edculos mal estacionados en las principales v\u00edas del pa\u00eds.<\/p>\n\n\n\n<p>Con esta nueva etapa del plan, la DIGESETT ha desplegado un amplio operativo en distintos puntos espec\u00edficos, donde los agentes supervisan, fiscalizan y remolcan veh\u00edculos que obstruyen la circulaci\u00f3n vial. La medida busca garantizar el cumplimiento de las normativas de tr\u00e1nsito, promover el uso adecuado de los espacios p\u00fablicos y contribuir a una movilidad m\u00e1s fluida y segura para todos los ciudadanos.<\/p>\n\n\n\n<figure class=\"wp-block-image\"><img decoding=\"async\" src=\"https:\/\/diariodominicano.com\/wp-content\/uploads\/2025\/07\/DIGESETT-y-Parqueate-RD-activan-operativo-NO-estacione-plan-RD-se-mueve-971x1024.jpg\" alt=\"\"\/><\/figure>\n\n\n\n<p>El propio director DIGESETT, general Pascual Cruz M\u00e9ndez, P.N., supervis\u00f3 personalmente las labores en el terreno, demostrando su compromiso con una gesti\u00f3n activa, cercana y efectiva.<\/p>\n\n\n\n<p>Mientras que, la ciudadan\u00eda ha manifestado su satisfacci\u00f3n ante esta iniciativa, destacando la mejor\u00eda en la movilidad, la disminuci\u00f3n del caos vehicular y el orden recuperado en las calles intervenidas.<\/p>\n\n\n\n<p><strong>Departamento de Comunicaciones DIGESETT<\/strong><\/p>\n","protected":false},"excerpt":{"rendered":"<p>La Direcci\u00f3n General de Seguridad de Tr\u00e1nsito y Transporte Terrestre (DIGESETT) en coordinaci\u00f3n con el INTRANT y ParqueateRD inici\u00f3 este martes 1 de julio el operativo NO estaciones del plan nacional \u201cRD se mueve\u201d, enfocado en la regulaci\u00f3n y fiscalizaci\u00f3n de los veh\u00edculos mal estacionados en las principales v\u00edas del pa\u00eds. Con esta nueva etapa [&hellip;]<\/p>\n","protected":false},"author":7,"featured_media":624102,"comment_status":"closed","ping_status":"closed","sticky":false,"template":"","format":"standard","meta":{"footnotes":""},"categories":[20],"tags":[],"class_list":["post-624086","post","type-post","status-publish","format-standard","has-post-thumbnail","hentry","category-dominicana-hoy"],"_links":{"self":[{"href":"https:\/\/diariodominicano.com\/index.php?rest_route=\/wp\/v2\/posts\/624086","targetHints":{"allow":["GET"]}}],"collection":[{"href":"https:\/\/diariodominicano.com\/index.php?rest_route=\/wp\/v2\/posts"}],"about":[{"href":"https:\/\/diariodominicano.com\/index.php?rest_route=\/wp\/v2\/types\/post"}],"author":[{"embeddable":true,"href":"https:\/\/diariodominicano.com\/index.php?rest_route=\/wp\/v2\/users\/7"}],"replies":[{"embeddable":true,"href":"https:\/\/diariodominicano.com\/index.php?rest_route=%2Fwp%2Fv2%2Fcomments&post=624086"}],"version-history":[{"count":1,"href":"https:\/\/diariodominicano.com\/index.php?rest_route=\/wp\/v2\/posts\/624086\/revisions"}],"predecessor-version":[{"id":624105,"href":"https:\/\/diariodominicano.com\/index.php?rest_route=\/wp\/v2\/posts\/624086\/revisions\/624105"}],"wp:featuredmedia":[{"embeddable":true,"href":"https:\/\/diariodominicano.com\/index.php?rest_route=\/wp\/v2\/media\/624102"}],"wp:attachment":[{"href":"https:\/\/diariodominicano.com\/index.php?rest_route=%2Fwp%2Fv2%2Fmedia&parent=624086"}],"wp:term":[{"taxonomy":"category","embeddable":true,"href":"https:\/\/diariodominicano.com\/index.php?rest_route=%2Fwp%2Fv2%2Fcategories&post=624086"},{"taxonomy":"post_tag","embeddable":true,"href":"https:\/\/diariodominicano.com\/index.php?rest_route=%2Fwp%2Fv2%2Ftags&post=624086"}],"curies":[{"name":"wp","href":"https:\/\/api.w.org\/{rel}","templated":true}]}}