{"id":624085,"date":"2025-07-02T00:18:53","date_gmt":"2025-07-02T04:18:53","guid":{"rendered":"https:\/\/diariodominicano.com\/?p=624085"},"modified":"2025-07-02T00:18:55","modified_gmt":"2025-07-02T04:18:55","slug":"banreservas-inaugura-expo-hogar-2025-con-tasas-desde-7-84","status":"publish","type":"post","link":"https:\/\/diariodominicano.com\/?p=624085","title":{"rendered":"Banreservas inaugura Expo Hogar 2025 con tasas desde 7.84 %\u202f\u00a0"},"content":{"rendered":"\n<p><em>La feria inmobiliaria se desarrollar\u00e1 en todo el pa\u00eds durante el mes de julio&nbsp;<\/em><\/p>\n\n\n\n<p>El Banco de Reservas inaugur\u00f3 su tradicional feria inmobiliaria Expo Hogar Banreservas 2025 con tasas desde 7.84%, fija por seis meses y la disponibilidad de diversas facilidades de financiamiento para la adquisici\u00f3n de viviendas durante el mes de julio, donde los clientes tambi\u00e9n podr\u00e1n optar por diversas propiedades inmobiliarias.<\/p>\n\n\n\n<p>Otras tasas disponibles para viviendas son: 10.84%, a un a\u00f1o; 12.84%, a tres a\u00f1os; 13.84%, a cinco a\u00f1os; y 14.84%, a 10 a\u00f1os. Para locales comerciales el financiamiento ser\u00e1 de un 12.84%, a un a\u00f1o.<\/p>\n\n\n\n<figure class=\"wp-block-gallery has-nested-images columns-default is-cropped wp-block-gallery-1 is-layout-flex wp-block-gallery-is-layout-flex\">\n<figure class=\"wp-block-image size-large\"><img loading=\"lazy\" decoding=\"async\" width=\"845\" height=\"564\" data-id=\"624094\" src=\"https:\/\/diariodominicano.com\/wp-content\/uploads\/2025\/07\/Samuel-Pereyra-y-Noelia-Garcia-de-Pereyra-junto-a-los-ejecutivos-de-Banreservas-durante-el-lanzamiento-de-la-feria-inmobiliaria-Expo-Hogar-2025.jpg\" alt=\"\" class=\"wp-image-624094\" srcset=\"https:\/\/diariodominicano.com\/wp-content\/uploads\/2025\/07\/Samuel-Pereyra-y-Noelia-Garcia-de-Pereyra-junto-a-los-ejecutivos-de-Banreservas-durante-el-lanzamiento-de-la-feria-inmobiliaria-Expo-Hogar-2025.jpg 845w, https:\/\/diariodominicano.com\/wp-content\/uploads\/2025\/07\/Samuel-Pereyra-y-Noelia-Garcia-de-Pereyra-junto-a-los-ejecutivos-de-Banreservas-durante-el-lanzamiento-de-la-feria-inmobiliaria-Expo-Hogar-2025-300x200.jpg 300w, https:\/\/diariodominicano.com\/wp-content\/uploads\/2025\/07\/Samuel-Pereyra-y-Noelia-Garcia-de-Pereyra-junto-a-los-ejecutivos-de-Banreservas-durante-el-lanzamiento-de-la-feria-inmobiliaria-Expo-Hogar-2025-768x513.jpg 768w, https:\/\/diariodominicano.com\/wp-content\/uploads\/2025\/07\/Samuel-Pereyra-y-Noelia-Garcia-de-Pereyra-junto-a-los-ejecutivos-de-Banreservas-durante-el-lanzamiento-de-la-feria-inmobiliaria-Expo-Hogar-2025-816x545.jpg 816w\" sizes=\"auto, (max-width: 845px) 100vw, 845px\" \/><\/figure>\n<\/figure>\n\n\n\n<p>Al anunciar las facilidades crediticias, Samuel Pereyra, presidente ejecutivo de la instituci\u00f3n financiera, afirm\u00f3 que esta iniciativa apoya los sue\u00f1os de todos los dominicanos, brind\u00e1ndoles la oportunidad de tener su casa propia y un local comercial para el desarrollo de sus negocios, gracias a las facilidades que se ofrecen en esta edici\u00f3n 2025.<\/p>\n\n\n\n<figure class=\"wp-block-gallery has-nested-images columns-default is-cropped wp-block-gallery-2 is-layout-flex wp-block-gallery-is-layout-flex\">\n<figure class=\"wp-block-image size-large\"><img loading=\"lazy\" decoding=\"async\" width=\"852\" height=\"617\" data-id=\"624093\" src=\"https:\/\/diariodominicano.com\/wp-content\/uploads\/2025\/07\/Samuel-Pereyra-Expo-Hogar-2025.jpeg\" alt=\"\" class=\"wp-image-624093\" srcset=\"https:\/\/diariodominicano.com\/wp-content\/uploads\/2025\/07\/Samuel-Pereyra-Expo-Hogar-2025.jpeg 852w, https:\/\/diariodominicano.com\/wp-content\/uploads\/2025\/07\/Samuel-Pereyra-Expo-Hogar-2025-300x217.jpeg 300w, https:\/\/diariodominicano.com\/wp-content\/uploads\/2025\/07\/Samuel-Pereyra-Expo-Hogar-2025-768x556.jpeg 768w, https:\/\/diariodominicano.com\/wp-content\/uploads\/2025\/07\/Samuel-Pereyra-Expo-Hogar-2025-816x591.jpeg 816w\" sizes=\"auto, (max-width: 852px) 100vw, 852px\" \/><\/figure>\n<\/figure>\n\n\n\n<p>\u00abNuestra misi\u00f3n es servirles, por lo que cada persona interesada puede acercarse a nosotros, y as\u00ed ser due\u00f1os de su propia vivienda, que se extiende tambi\u00e9n a todos aquellos cuyo objetivo es obtener un local comercial o un solar, lo que contribuir\u00e1 al crecimiento de nuestra econom\u00eda, al desarrollo de la industria de la construcci\u00f3n y a la generaci\u00f3n de empleos\u00bb, expres\u00f3.<\/p>\n\n\n\n<p>Refiri\u00e9ndose al respaldo del Banco al desarrollo inmobiliario en el pa\u00eds, agreg\u00f3 que \u201cpara la adquisici\u00f3n de viviendas y otros inmuebles en el periodo 2020-2024, es decir en los \u00faltimos cuatro a\u00f1os, hemos desembolsado por ese concepto la suma de m\u00e1s de RD$30,123 millones, lo que demuestra el enorme \u00e9xito que ha tenido esta actividad por ese cuatrienio. Esa cifra evidencia, tambi\u00e9n, que hemos respaldado la adquisici\u00f3n de unos 6,871 inmuebles en todo el territorio\u201d.<\/p>\n\n\n\n<p><strong>Financiamiento hasta 90%&nbsp;<\/strong><\/p>\n\n\n\n<p>Para el financiamiento de viviendas terminadas los solicitantes pueden optar hasta el 90% del valor del inmueble y hasta 20 a\u00f1os para pagar, incluyendo los impuestos y gastos legales. Para los locales comerciales la opci\u00f3n es de hasta el 80% y un plazo de hasta 10 a\u00f1os para pagar, y los solares de hasta el 70% de su valor y siete a\u00f1os para pagar.<\/p>\n\n\n\n<p>Como en cada Expo Hogar, participan todos los desarrolladores y agendes inmobiliarios con viviendas terminadas y dem\u00e1s espacios habitables. Los futuros adquirientes pueden residir en el pa\u00eds o en el exterior y acercarse a las oficinas de la entidad bancaria o tramitar el pr\u00e9stamo con las agencias inmobiliarias asociadas a Banreservas.<\/p>\n\n\n\n<p>La v\u00eda digital para precalificarse es a trav\u00e9s de la asistente virtual Alma, enviando un mensaje al WhatsApp 809-960-2110. Para ver m\u00e1s detalles y la lista de proyectos pueden ingresar al minisite banreservas.com\/expohogar o llamar al centro de contacto 809-960-2121.<\/p>\n\n\n\n<p>El lanzamiento de Expo Hogar se efectu\u00f3 en el local de la Coopera Banreservas, ubicada en la avenida John f. Kennedy, del Ensanche Kennedy, con la presencia de desarrolladores, representantes de agencias inmobiliarias y ejecutivos de negocios de Banreservas y sus empresas filiales.<\/p>\n\n\n\n<p><strong>Vicepresidencia de Relaciones P\u00fablicas&nbsp;<\/strong><\/p>\n\n\n\n<p><strong>Buzon Gerencia de Medios de Comunicaci\u00f3n &lt;<\/strong><a href=\"mailto:buzoninformefinancie@banreservas.com\"><strong>buzoninformefinancie@banreservas.com<\/strong><\/a><strong>&gt;&nbsp;<\/strong><\/p>\n","protected":false},"excerpt":{"rendered":"<p>La feria inmobiliaria se desarrollar\u00e1 en todo el pa\u00eds durante el mes de julio&nbsp; El Banco de Reservas inaugur\u00f3 su tradicional feria inmobiliaria Expo Hogar Banreservas 2025 con tasas desde 7.84%, fija por seis meses y la disponibilidad de diversas facilidades de financiamiento para la adquisici\u00f3n de viviendas durante el mes de julio, donde los [&hellip;]<\/p>\n","protected":false},"author":7,"featured_media":624092,"comment_status":"closed","ping_status":"closed","sticky":false,"template":"","format":"standard","meta":{"footnotes":""},"categories":[18],"tags":[301,2771],"class_list":["post-624085","post","type-post","status-publish","format-standard","has-post-thumbnail","hentry","category-economia","tag-banreservas","tag-expo-hogar"],"_links":{"self":[{"href":"https:\/\/diariodominicano.com\/index.php?rest_route=\/wp\/v2\/posts\/624085","targetHints":{"allow":["GET"]}}],"collection":[{"href":"https:\/\/diariodominicano.com\/index.php?rest_route=\/wp\/v2\/posts"}],"about":[{"href":"https:\/\/diariodominicano.com\/index.php?rest_route=\/wp\/v2\/types\/post"}],"author":[{"embeddable":true,"href":"https:\/\/diariodominicano.com\/index.php?rest_route=\/wp\/v2\/users\/7"}],"replies":[{"embeddable":true,"href":"https:\/\/diariodominicano.com\/index.php?rest_route=%2Fwp%2Fv2%2Fcomments&post=624085"}],"version-history":[{"count":1,"href":"https:\/\/diariodominicano.com\/index.php?rest_route=\/wp\/v2\/posts\/624085\/revisions"}],"predecessor-version":[{"id":624095,"href":"https:\/\/diariodominicano.com\/index.php?rest_route=\/wp\/v2\/posts\/624085\/revisions\/624095"}],"wp:featuredmedia":[{"embeddable":true,"href":"https:\/\/diariodominicano.com\/index.php?rest_route=\/wp\/v2\/media\/624092"}],"wp:attachment":[{"href":"https:\/\/diariodominicano.com\/index.php?rest_route=%2Fwp%2Fv2%2Fmedia&parent=624085"}],"wp:term":[{"taxonomy":"category","embeddable":true,"href":"https:\/\/diariodominicano.com\/index.php?rest_route=%2Fwp%2Fv2%2Fcategories&post=624085"},{"taxonomy":"post_tag","embeddable":true,"href":"https:\/\/diariodominicano.com\/index.php?rest_route=%2Fwp%2Fv2%2Ftags&post=624085"}],"curies":[{"name":"wp","href":"https:\/\/api.w.org\/{rel}","templated":true}]}}