{"id":624084,"date":"2025-07-01T22:30:44","date_gmt":"2025-07-02T02:30:44","guid":{"rendered":"https:\/\/diariodominicano.com\/?p=624084"},"modified":"2025-07-01T22:30:55","modified_gmt":"2025-07-02T02:30:55","slug":"ministerio-publico-tiene-en-marcha-la-operacion-jaguar-contra-una-red-de-narcotrafico","status":"publish","type":"post","link":"https:\/\/diariodominicano.com\/?p=624084","title":{"rendered":"Ministerio P\u00fablico tiene en marcha la Operaci\u00f3n Jaguar contra una red de narcotr\u00e1fico"},"content":{"rendered":"\n<p><em><u>Un equipo de fiscales, conjuntamente con agentes de la Polic\u00eda y la DNCD y con el apoyo del Ministerio de Defensa, realizaron 26 allanamientos en los que han arrestado a 10 personas y ocupado una gran cantidad de documentos y equipos electr\u00f3nicos.<\/u><\/em><\/p>\n\n\n\n<p><strong>SANTO DOMINGO (Rep\u00fablica Dominicana).-<\/strong>&nbsp;El Ministerio P\u00fablico puso en marcha este martes la Operaci\u00f3n Jaguar contra el narcotr\u00e1fico y otras actividades del crimen organizado, conjuntamente con la Polic\u00eda Nacional y la Direcci\u00f3n Nacional de Control de Drogas (DNCD).<\/p>\n\n\n\n<p>Unos 35 fiscales coordinados por la Direcci\u00f3n General de Persecuci\u00f3n del Ministerio P\u00fablico se movilizan en las acciones en las que participan 300 agentes, incluyendo a 63 miembros de la DNCD y m\u00e1s de 170 de la Polic\u00eda, apoyados por el Ministerio Defensa, a trav\u00e9s de sus distintos \u00f3rganos, como la Fuerza A\u00e9rea.<\/p>\n\n\n\n<p>La operaci\u00f3n cuenta adem\u00e1s con la cooperaci\u00f3n internacional de la Administraci\u00f3n de Control de Drogas (DEA) y la Oficina de Aduanas y Protecci\u00f3n Fronteriza de Estados Unidos (CBP).<\/p>\n\n\n\n<p>Las acciones procuraban obtener equipos electr\u00f3nicos y documentos para avanzar en la investigaci\u00f3n en contra de una red de droga internacional.<\/p>\n\n\n\n<p>Los allanamientos, que cumplieron con sus objetivos, fueron exitosos al permitir a las autoridades ocupar una gran cantidad de documentos y equipos electr\u00f3nicos, los cuales son analizados por los fiscales junto a los agentes actuantes.<\/p>\n\n\n\n<p>En ese sentido, los fiscales actuantes adelantaron que han ocupado documentos y equipos electr\u00f3nicos que figuran entre los principales objetivos de la operaci\u00f3n. Tambi\u00e9n, armas, veh\u00edculos y dinero en efectivo en pesos y d\u00f3lares.<\/p>\n\n\n\n<p>Explicaron, adem\u00e1s, que en 26 todos los an\u00e1lisis realizados en Cotu\u00ed, San Francisco de Macor\u00eds y Santiago como parte de la investigaci\u00f3n en curso fueron arrestadas 10 personas.<\/p>\n\n\n\n<p>El Ministerio P\u00fablico descubri\u00f3 que tiene evidencias de participaci\u00f3n de miembros de la organizaci\u00f3n criminal que opera tanto en M\u00e9xico como en Rep\u00fablica Dominicana.<\/p>\n\n\n\n<p>La organizaci\u00f3n enfrentada con la Operaci\u00f3n Jaguar, adem\u00e1s de narcotr\u00e1fico y lavado de activos, es investigada por sicariato internacional.<\/p>\n\n\n\n<p><strong>Direcci\u00f3n General de Comunicaci\u00f3n, Prensa y RRPP<\/strong><\/p>\n\n\n\n<p><strong>Ministerio P\u00fablico RD<\/strong><\/p>\n\n\n\n<p>Comunicaciones PGR <a href=\"mailto:comunicaciones@pgr.gob.do\">comunicaciones@pgr.gob.do<\/a><\/p>\n","protected":false},"excerpt":{"rendered":"<p>Un equipo de fiscales, conjuntamente con agentes de la Polic\u00eda y la DNCD y con el apoyo del Ministerio de Defensa, realizaron 26 allanamientos en los que han arrestado a 10 personas y ocupado una gran cantidad de documentos y equipos electr\u00f3nicos. SANTO DOMINGO (Rep\u00fablica Dominicana).-&nbsp;El Ministerio P\u00fablico puso en marcha este martes la Operaci\u00f3n [&hellip;]<\/p>\n","protected":false},"author":7,"featured_media":495896,"comment_status":"closed","ping_status":"closed","sticky":false,"template":"","format":"standard","meta":{"footnotes":""},"categories":[24],"tags":[171],"class_list":["post-624084","post","type-post","status-publish","format-standard","has-post-thumbnail","hentry","category-justicia-y-derecho","tag-ministerio-publico"],"_links":{"self":[{"href":"https:\/\/diariodominicano.com\/index.php?rest_route=\/wp\/v2\/posts\/624084","targetHints":{"allow":["GET"]}}],"collection":[{"href":"https:\/\/diariodominicano.com\/index.php?rest_route=\/wp\/v2\/posts"}],"about":[{"href":"https:\/\/diariodominicano.com\/index.php?rest_route=\/wp\/v2\/types\/post"}],"author":[{"embeddable":true,"href":"https:\/\/diariodominicano.com\/index.php?rest_route=\/wp\/v2\/users\/7"}],"replies":[{"embeddable":true,"href":"https:\/\/diariodominicano.com\/index.php?rest_route=%2Fwp%2Fv2%2Fcomments&post=624084"}],"version-history":[{"count":1,"href":"https:\/\/diariodominicano.com\/index.php?rest_route=\/wp\/v2\/posts\/624084\/revisions"}],"predecessor-version":[{"id":624088,"href":"https:\/\/diariodominicano.com\/index.php?rest_route=\/wp\/v2\/posts\/624084\/revisions\/624088"}],"wp:featuredmedia":[{"embeddable":true,"href":"https:\/\/diariodominicano.com\/index.php?rest_route=\/wp\/v2\/media\/495896"}],"wp:attachment":[{"href":"https:\/\/diariodominicano.com\/index.php?rest_route=%2Fwp%2Fv2%2Fmedia&parent=624084"}],"wp:term":[{"taxonomy":"category","embeddable":true,"href":"https:\/\/diariodominicano.com\/index.php?rest_route=%2Fwp%2Fv2%2Fcategories&post=624084"},{"taxonomy":"post_tag","embeddable":true,"href":"https:\/\/diariodominicano.com\/index.php?rest_route=%2Fwp%2Fv2%2Ftags&post=624084"}],"curies":[{"name":"wp","href":"https:\/\/api.w.org\/{rel}","templated":true}]}}