{"id":624083,"date":"2025-07-01T22:27:26","date_gmt":"2025-07-02T02:27:26","guid":{"rendered":"https:\/\/diariodominicano.com\/?p=624083"},"modified":"2025-07-01T22:27:28","modified_gmt":"2025-07-02T02:27:28","slug":"espana-extradita-a-republica-dominicana-a-un-hombre-vinculado-a-homicidio-y-robo","status":"publish","type":"post","link":"https:\/\/diariodominicano.com\/?p=624083","title":{"rendered":"Espa\u00f1a extradita a Rep\u00fablica Dominicana a un hombre vinculado a homicidio y robo"},"content":{"rendered":"\n<p><strong>SANTO DOMINGO (Rep\u00fablica Dominicana).-<\/strong>&nbsp;Tras acoger una petici\u00f3n de las autoridades de Rep\u00fablica Dominicana, el Reino Espa\u00f1a extradit\u00f3 al ciudadano dominicano Daneury Tejeda Santana (Guatey), quien enfrenta cargos en el pa\u00eds por homicidio y robo.<\/p>\n\n\n\n<p>Tejeda Santana, de 34 a\u00f1os de edad, fue extraditado ayer a la Rep\u00fablica Dominicana para ser juzgado por los delitos de homicidio y robo cometidos contra el se\u00f1or Ricardo Alfredo Quezada Calder\u00f3n (Ripil).<\/p>\n\n\n\n<p>Su extradici\u00f3n se ejecut\u00f3 mediante el Auto No. 144\/25, emitido por la Audiencia Nacional, Sala de lo Penal de la Secci\u00f3n 2, Madrid, Espa\u00f1a, en fecha 28 de febrero de 2025.<\/p>\n\n\n\n<p>En su decisi\u00f3n el tribunal espa\u00f1ol inici\u00f3 que se cumpli\u00f3 con las formalidades documentales y los requisitos legalmente previstos para acceder a la extradici\u00f3n solicitada por la Rep\u00fablica Dominicana.<\/p>\n\n\n\n<p>A trav\u00e9s de un comunicado de prensa, el Ministerio P\u00fablico de Rep\u00fablica Dominicana valor\u00f3 una vez m\u00e1s la cooperaci\u00f3n jur\u00eddica de Espa\u00f1a en el combate del crimen y los delitos graves.<\/p>\n\n\n\n<p>Las autoridades espa\u00f1olas en Barcelona ejecutaron el arresto de Tejeda Santana el 10 de octubre de 2024, en virtud de la orden de arresto No. 530-2018-EMES-010334, emitida por la Oficina Judicial de Servicios de Atenci\u00f3n Permanente del Distrito Judicial de Santo Domingo Este en fecha 28 de mayo de 2018.<\/p>\n\n\n\n<p>Sobre el caso, las investigaciones establecieron que Tejeda Santana cometi\u00f3 el homicidio en fecha 28 del mes de mayo del a\u00f1o 2018, en momentos en que se encontr\u00f3 en el sector Lotes y Servicios de Sabana Perdida, municipio Santo Domingo Este.<\/p>\n\n\n\n<p>La Direcci\u00f3n de Cooperaci\u00f3n Jur\u00eddica Internacional y Derechos Humanos de la Procuradur\u00eda General de la Rep\u00fablica, conjuntamente con la Fiscal\u00eda de Santo Domingo Este, realiz\u00f3 las actuaciones previstas en el Tratado de Extradici\u00f3n y Asistencia Judicial en Materia Penal vigente entre ambos pa\u00edses, logrando que las autoridades espa\u00f1olas concedieran la extradici\u00f3n.<\/p>\n\n\n\n<p>Tejeda Santana ser\u00e1 presentado ante el tribunal correspondiente para conocer el hecho de que el \u00f3rgano persecutor dominicano ha calificado como violaci\u00f3n a los art\u00edculos 295 y 401 del C\u00f3digo Penal Dominicano.<\/p>\n\n\n\n<p><strong>Direcci\u00f3n General de Comunicaci\u00f3n, Prensa y RRPP<\/strong><\/p>\n\n\n\n<p><strong>Ministerio P\u00fablico RD<\/strong><\/p>\n\n\n\n<p>Comunicaciones PGR <a href=\"mailto:comunicaciones@pgr.gob.do\">comunicaciones@pgr.gob.do<\/a><\/p>\n","protected":false},"excerpt":{"rendered":"<p>SANTO DOMINGO (Rep\u00fablica Dominicana).-&nbsp;Tras acoger una petici\u00f3n de las autoridades de Rep\u00fablica Dominicana, el Reino Espa\u00f1a extradit\u00f3 al ciudadano dominicano Daneury Tejeda Santana (Guatey), quien enfrenta cargos en el pa\u00eds por homicidio y robo. Tejeda Santana, de 34 a\u00f1os de edad, fue extraditado ayer a la Rep\u00fablica Dominicana para ser juzgado por los delitos de [&hellip;]<\/p>\n","protected":false},"author":7,"featured_media":495896,"comment_status":"closed","ping_status":"closed","sticky":false,"template":"","format":"standard","meta":{"footnotes":""},"categories":[24],"tags":[171],"class_list":["post-624083","post","type-post","status-publish","format-standard","has-post-thumbnail","hentry","category-justicia-y-derecho","tag-ministerio-publico"],"_links":{"self":[{"href":"https:\/\/diariodominicano.com\/index.php?rest_route=\/wp\/v2\/posts\/624083","targetHints":{"allow":["GET"]}}],"collection":[{"href":"https:\/\/diariodominicano.com\/index.php?rest_route=\/wp\/v2\/posts"}],"about":[{"href":"https:\/\/diariodominicano.com\/index.php?rest_route=\/wp\/v2\/types\/post"}],"author":[{"embeddable":true,"href":"https:\/\/diariodominicano.com\/index.php?rest_route=\/wp\/v2\/users\/7"}],"replies":[{"embeddable":true,"href":"https:\/\/diariodominicano.com\/index.php?rest_route=%2Fwp%2Fv2%2Fcomments&post=624083"}],"version-history":[{"count":1,"href":"https:\/\/diariodominicano.com\/index.php?rest_route=\/wp\/v2\/posts\/624083\/revisions"}],"predecessor-version":[{"id":624087,"href":"https:\/\/diariodominicano.com\/index.php?rest_route=\/wp\/v2\/posts\/624083\/revisions\/624087"}],"wp:featuredmedia":[{"embeddable":true,"href":"https:\/\/diariodominicano.com\/index.php?rest_route=\/wp\/v2\/media\/495896"}],"wp:attachment":[{"href":"https:\/\/diariodominicano.com\/index.php?rest_route=%2Fwp%2Fv2%2Fmedia&parent=624083"}],"wp:term":[{"taxonomy":"category","embeddable":true,"href":"https:\/\/diariodominicano.com\/index.php?rest_route=%2Fwp%2Fv2%2Fcategories&post=624083"},{"taxonomy":"post_tag","embeddable":true,"href":"https:\/\/diariodominicano.com\/index.php?rest_route=%2Fwp%2Fv2%2Ftags&post=624083"}],"curies":[{"name":"wp","href":"https:\/\/api.w.org\/{rel}","templated":true}]}}