{"id":624045,"date":"2025-07-01T21:20:52","date_gmt":"2025-07-02T01:20:52","guid":{"rendered":"https:\/\/diariodominicano.com\/?p=624045"},"modified":"2025-07-02T00:24:08","modified_gmt":"2025-07-02T04:24:08","slug":"nj-productora-es-reconocida-a-traves-de-los-comunicadores-judith-valdez-y-nicolas-grullon-por-adepe-en-su-50-aniversario","status":"publish","type":"post","link":"https:\/\/diariodominicano.com\/?p=624045","title":{"rendered":"NJ Productora es reconocida a trav\u00e9s de los comunicadores Judith Valdez y Nicol\u00e1s Grull\u00f3n por ADEPE en su 50 aniversario"},"content":{"rendered":"\n<p>Moca, RD \u2013 En el marco del 50 aniversario de la Asociaci\u00f3n para el Desarrollo de la Provincia Espaillat (ADEPE), la plataforma NJ Productora fue reconocida por su valioso aporte a la comunicaci\u00f3n comunitaria, a trav\u00e9s de sus fundadores, productores y conductores, Nicol\u00e1s Grull\u00f3n y Judith Valdez.<\/p>\n\n\n\n<p>La distinci\u00f3n fue entregada durante el Foro ADEPE: Medio Siglo de Innovaci\u00f3n y Liderazgo, una actividad conmemorativa que reuni\u00f3 a l\u00edderes institucionales, empresariales y sociales de la provincia, en celebraci\u00f3n de medio siglo de trabajo en favor del desarrollo integral de Espaillat.<\/p>\n\n\n\n<figure class=\"wp-block-gallery has-nested-images columns-default is-cropped wp-block-gallery-1 is-layout-flex wp-block-gallery-is-layout-flex\">\n<figure class=\"wp-block-image size-large\"><img loading=\"lazy\" decoding=\"async\" width=\"678\" height=\"453\" data-id=\"624071\" src=\"https:\/\/diariodominicano.com\/wp-content\/uploads\/2025\/07\/NJ-Productora-es-reconocida-a-traves-de-los-comunicadores-Judith-Valdez-y-Nicolas-Grullon-por-ADEPE-en-50-aniversario.jpg\" alt=\"\" class=\"wp-image-624071\" srcset=\"https:\/\/diariodominicano.com\/wp-content\/uploads\/2025\/07\/NJ-Productora-es-reconocida-a-traves-de-los-comunicadores-Judith-Valdez-y-Nicolas-Grullon-por-ADEPE-en-50-aniversario.jpg 678w, https:\/\/diariodominicano.com\/wp-content\/uploads\/2025\/07\/NJ-Productora-es-reconocida-a-traves-de-los-comunicadores-Judith-Valdez-y-Nicolas-Grullon-por-ADEPE-en-50-aniversario-300x200.jpg 300w\" sizes=\"auto, (max-width: 678px) 100vw, 678px\" \/><\/figure>\n<\/figure>\n\n\n\n<p>Tanto Grull\u00f3n como Valdez agradecieron el reconocimiento, destacando que representa un est\u00edmulo para continuar su labor con m\u00e1s compromiso, pasi\u00f3n y responsabilidad. Expresaron adem\u00e1s que este logro pertenece a todo el equipo que conforma NJ Productora, una plataforma que naci\u00f3 con el prop\u00f3sito de \u00a0nformar, educar y conectar a la comunidad con<\/p>\n\n\n\n<figure class=\"wp-block-gallery has-nested-images columns-default is-cropped wp-block-gallery-2 is-layout-flex wp-block-gallery-is-layout-flex\">\n<figure class=\"wp-block-image size-large\"><img loading=\"lazy\" decoding=\"async\" width=\"678\" height=\"453\" data-id=\"624070\" src=\"https:\/\/diariodominicano.com\/wp-content\/uploads\/2025\/07\/NJ-Productora-es-reconocida-a-traves-de-los-comunicadores-Judith-Valdez-y-Nicolas-Grullon-por-ADEPE-su-50-aniversario.jpg\" alt=\"\" class=\"wp-image-624070\" srcset=\"https:\/\/diariodominicano.com\/wp-content\/uploads\/2025\/07\/NJ-Productora-es-reconocida-a-traves-de-los-comunicadores-Judith-Valdez-y-Nicolas-Grullon-por-ADEPE-su-50-aniversario.jpg 678w, https:\/\/diariodominicano.com\/wp-content\/uploads\/2025\/07\/NJ-Productora-es-reconocida-a-traves-de-los-comunicadores-Judith-Valdez-y-Nicolas-Grullon-por-ADEPE-su-50-aniversario-300x200.jpg 300w\" sizes=\"auto, (max-width: 678px) 100vw, 678px\" \/><\/figure>\n<\/figure>\n\n\n\n<p>contenido de calidad y sentido humano.<\/p>\n\n\n\n<p>La Asociaci\u00f3n para el Desarrollo de la Provincia Espaillat, presidida<\/p>\n\n\n\n<p>actualmente por el licenciado Amable Guzm\u00e1n, resalt\u00f3 con este gesto la<\/p>\n\n\n\n<p>importancia de respaldar iniciativas locales que contribuyen de manera<\/p>\n\n\n\n<p>activa al fortalecimiento del tejido social, el acceso a la<\/p>\n\n\n\n<p>informaci\u00f3n y la participaci\u00f3n ciudadana.<\/p>\n\n\n\n<p>NICOLAS GRULLON COMUNICADOR <a href=\"mailto:nicolasgrulloncomunicador@gmail.com\">nicolasgrulloncomunicador@gmail.com<\/a><\/p>\n","protected":false},"excerpt":{"rendered":"<p>Moca, RD \u2013 En el marco del 50 aniversario de la Asociaci\u00f3n para el Desarrollo de la Provincia Espaillat (ADEPE), la plataforma NJ Productora fue reconocida por su valioso aporte a la comunicaci\u00f3n comunitaria, a trav\u00e9s de sus fundadores, productores y conductores, Nicol\u00e1s Grull\u00f3n y Judith Valdez. La distinci\u00f3n fue entregada durante el Foro ADEPE: [&hellip;]<\/p>\n","protected":false},"author":7,"featured_media":624073,"comment_status":"closed","ping_status":"closed","sticky":false,"template":"","format":"standard","meta":{"footnotes":""},"categories":[36],"tags":[1697],"class_list":["post-624045","post","type-post","status-publish","format-standard","has-post-thumbnail","hentry","category-hombresmujeresycosas","tag-adepe"],"_links":{"self":[{"href":"https:\/\/diariodominicano.com\/index.php?rest_route=\/wp\/v2\/posts\/624045","targetHints":{"allow":["GET"]}}],"collection":[{"href":"https:\/\/diariodominicano.com\/index.php?rest_route=\/wp\/v2\/posts"}],"about":[{"href":"https:\/\/diariodominicano.com\/index.php?rest_route=\/wp\/v2\/types\/post"}],"author":[{"embeddable":true,"href":"https:\/\/diariodominicano.com\/index.php?rest_route=\/wp\/v2\/users\/7"}],"replies":[{"embeddable":true,"href":"https:\/\/diariodominicano.com\/index.php?rest_route=%2Fwp%2Fv2%2Fcomments&post=624045"}],"version-history":[{"count":1,"href":"https:\/\/diariodominicano.com\/index.php?rest_route=\/wp\/v2\/posts\/624045\/revisions"}],"predecessor-version":[{"id":624074,"href":"https:\/\/diariodominicano.com\/index.php?rest_route=\/wp\/v2\/posts\/624045\/revisions\/624074"}],"wp:featuredmedia":[{"embeddable":true,"href":"https:\/\/diariodominicano.com\/index.php?rest_route=\/wp\/v2\/media\/624073"}],"wp:attachment":[{"href":"https:\/\/diariodominicano.com\/index.php?rest_route=%2Fwp%2Fv2%2Fmedia&parent=624045"}],"wp:term":[{"taxonomy":"category","embeddable":true,"href":"https:\/\/diariodominicano.com\/index.php?rest_route=%2Fwp%2Fv2%2Fcategories&post=624045"},{"taxonomy":"post_tag","embeddable":true,"href":"https:\/\/diariodominicano.com\/index.php?rest_route=%2Fwp%2Fv2%2Ftags&post=624045"}],"curies":[{"name":"wp","href":"https:\/\/api.w.org\/{rel}","templated":true}]}}