{"id":624007,"date":"2025-07-01T19:24:34","date_gmt":"2025-07-01T23:24:34","guid":{"rendered":"https:\/\/diariodominicano.com\/?p=624007"},"modified":"2025-07-01T19:24:37","modified_gmt":"2025-07-01T23:24:37","slug":"el-senado-aprobo-en-segunda-lectura-el-proyecto-que-crea-la-corte-de-apelacion-en-la-provincia-valverde","status":"publish","type":"post","link":"https:\/\/diariodominicano.com\/?p=624007","title":{"rendered":"El Senado aprob\u00f3 en segunda lectura el proyecto que crea la Corte de Apelaci\u00f3n en la provincia Valverde"},"content":{"rendered":"\n<p><strong>La iniciativa busca fortalecer el sistema judicial en la regi\u00f3n Noroeste del pa\u00eds.<\/strong><\/p>\n\n\n\n<p><strong>Santo Domingo. &#8211; El Senado de la Rep\u00fablica aprob\u00f3 en segunda lectura el proyecto de ley que crea la Corte de Apelaci\u00f3n de la provincia Valverde, presentado por los senadores Odalis Rodr\u00edguez y Antonio Marte.<\/strong><\/p>\n\n\n\n<p><strong>Este proyecto tiene como objetivo establecer, mediante ley, una Corte de Apelaci\u00f3n con sede en el municipio de Santa Cruz de Mao. La nueva instancia judicial estar\u00e1 conformada por dos c\u00e1maras una especializada en asuntos civiles y comerciales, y otra para los asuntos penales, incluyendo para esta \u00faltima el conocimiento de los recursos contra las providencias calificativas y otros autos decisorios de los Juzgados de Instrucci\u00f3n conforme a la ley.<\/strong><\/p>\n\n\n\n<figure class=\"wp-block-image\"><img decoding=\"async\" src=\"https:\/\/diariodominicano.com\/wp-content\/uploads\/2025\/07\/El-Senado-aprobo-en-segunda-lectura-el-proyecto-que-crea-la-Corte-de-Apelacion-en-la-provincia-Valverde-1024x682.jpg\" alt=\"\"\/><\/figure>\n\n\n\n<p><strong>La Corte de Apelaci\u00f3n de Santa Cruz de Mao tendr\u00e1 jurisdicci\u00f3n sobre los Distritos Judiciales de las provincias Valverde y Santiago Rodr\u00edguez, permitiendo as\u00ed una cobertura efectiva en la regi\u00f3n. La creaci\u00f3n de esta Corte responde al crecimiento poblacional, demogr\u00e1fico y econ\u00f3mico registrado en los \u00faltimos a\u00f1os en ambas provincias, lo que ha generado una mayor demanda de servicios judiciales eficientes y accesibles. Se busca, adem\u00e1s, facilitar las diligencias judiciales en materia de apelaci\u00f3n y garantizar una administraci\u00f3n de justicia oportuna y eficaz para los habitantes de estas zonas y sus alrededores.<\/strong><\/p>\n\n\n\n<p><strong>En \u00fanica lectura los senadores aprobaron varias resoluciones, entre ellas, la que solicita al senador Luis Abinader, que instruya al director ejecutivo de la Unidad T\u00e9cnica Ejecutora de Titulaci\u00f3n de Terrenos del Estado (UTECT), Duarte M\u00e9ndez Pe\u00f1a, para dotar de t\u00edtulo de propiedad de manera gratuita a todos los due\u00f1os de solares y mejoras pertenecientes a la provincia Hato Mayor, propuesta del legislador Crist\u00f3bal Venerado Antonio Castillo Liriano.<\/strong><\/p>\n\n\n\n<p><strong>Adem\u00e1s, fue sancionada la resoluci\u00f3n que solicita al presidente, Luis Abinader, que disponga la construcci\u00f3n de un nuevo cuartel de la Polic\u00eda Nacional, en la ciudad de La Romana, provincia del mismo nombre, presentado por el senador Eduard Alexis Espiritusanto Castillo.<\/strong><\/p>\n\n\n\n<p><strong>En la sesi\u00f3n se aprob\u00f3 la resoluci\u00f3n que solicita al presidente Luis Abinader, que disponga la construcci\u00f3n de un polideportivo techado en el distrito municipal de San Francisco de Jacagua, municipio de Santiago, iniciativa presentada por el senador de la provincia Santiago, Daniel Enrique De Jes\u00fas Rivera Reyes.<\/strong><\/p>\n\n\n\n<p><strong>En los trabajos legislativos se aprob\u00f3 la resoluci\u00f3n que solicita al ministro de Salud P\u00fablica y Asistencia Social, V\u00edctor Atallah, implementar campa\u00f1as de concientizaci\u00f3n sobre los riesgos mortales asociados al uso de fentanilo, a solicitud del senador Eduard Alexis Espiritusanto Castillo.<\/strong><\/p>\n\n\n\n<p><strong>Tambi\u00e9n, se aprob\u00f3 la resoluci\u00f3n que solicita al presidente Luis Abinader, que disponga el remozamiento de la Escuela P\u00fablica Francisco Javier Suero, distrito municipal de pedro corto, del municipio de San Juan, propuesto por los senadores F\u00e9lix Ram\u00f3n Bautista Rosario y Casimiro Antonio Marte Familia.<\/strong><\/p>\n\n\n\n<p><strong>De igual modo, fue sancionada la resoluci\u00f3n que dispone que la Comisi\u00f3n Permanente de Obras P\u00fablicas del Senado investigue todo lo relacionado con las edificaciones e instalaciones ubicadas en el entorno del muelle Manzanillo, provincia Montecristi y sobre la aplicaci\u00f3n del Decreto n\u00fam.61-06, del 22 de febrero de 2006, que declara de utilidad p\u00fablica varias porciones de terreno en Gozuela, Pepillo Salcedo, provincia Montecristi, para ser destinadas a la instalaci\u00f3n de una central el\u00e9ctrica a carb\u00f3n. Esta iniciativa fue presentada por el senador Bernardo Alem\u00e1n Rodr\u00edguez.<\/strong><\/p>\n\n\n\n<p><strong>El Senado de la Rep\u00fablica aprob\u00f3 la ratificaci\u00f3n del nombramiento diplom\u00e1tico de Erika Ylonca \u00c1lvarez Rodr\u00edguez, como embajadora extraordinaria y plenipotenciaria, concurrente, de la Rep\u00fablica Dominicana en la Rep\u00fablica de Namibia, con sede en la Rep\u00fablica de Sud\u00e1frica.<\/strong><\/p>\n\n\n\n<p><strong>Tambi\u00e9n, fue ratificado el nombramiento diplom\u00e1tico Erika Ylonca \u00c1lvarez Rodr\u00edguez, como embajadora extraordinaria y plenipotenciaria, concurrente, de la Rep\u00fablica Dominicana en la Rep\u00fablica de Zimbabue, con sede en la Rep\u00fablica de Sud\u00e1frica.<\/strong><\/p>\n\n\n\n<p><strong>De los Santos convoc\u00f3 a sesi\u00f3n para el pr\u00f3ximo jueves 3 de julio a las 10 de la ma\u00f1ana.<\/strong><\/p>\n\n\n\n<p><strong>Senado<\/strong><\/p>\n","protected":false},"excerpt":{"rendered":"<p>La iniciativa busca fortalecer el sistema judicial en la regi\u00f3n Noroeste del pa\u00eds. Santo Domingo. &#8211; El Senado de la Rep\u00fablica aprob\u00f3 en segunda lectura el proyecto de ley que crea la Corte de Apelaci\u00f3n de la provincia Valverde, presentado por los senadores Odalis Rodr\u00edguez y Antonio Marte. Este proyecto tiene como objetivo establecer, mediante [&hellip;]<\/p>\n","protected":false},"author":7,"featured_media":624038,"comment_status":"closed","ping_status":"closed","sticky":false,"template":"","format":"standard","meta":{"footnotes":""},"categories":[36],"tags":[2359],"class_list":["post-624007","post","type-post","status-publish","format-standard","has-post-thumbnail","hentry","category-hombresmujeresycosas","tag-senado"],"_links":{"self":[{"href":"https:\/\/diariodominicano.com\/index.php?rest_route=\/wp\/v2\/posts\/624007","targetHints":{"allow":["GET"]}}],"collection":[{"href":"https:\/\/diariodominicano.com\/index.php?rest_route=\/wp\/v2\/posts"}],"about":[{"href":"https:\/\/diariodominicano.com\/index.php?rest_route=\/wp\/v2\/types\/post"}],"author":[{"embeddable":true,"href":"https:\/\/diariodominicano.com\/index.php?rest_route=\/wp\/v2\/users\/7"}],"replies":[{"embeddable":true,"href":"https:\/\/diariodominicano.com\/index.php?rest_route=%2Fwp%2Fv2%2Fcomments&post=624007"}],"version-history":[{"count":1,"href":"https:\/\/diariodominicano.com\/index.php?rest_route=\/wp\/v2\/posts\/624007\/revisions"}],"predecessor-version":[{"id":624040,"href":"https:\/\/diariodominicano.com\/index.php?rest_route=\/wp\/v2\/posts\/624007\/revisions\/624040"}],"wp:featuredmedia":[{"embeddable":true,"href":"https:\/\/diariodominicano.com\/index.php?rest_route=\/wp\/v2\/media\/624038"}],"wp:attachment":[{"href":"https:\/\/diariodominicano.com\/index.php?rest_route=%2Fwp%2Fv2%2Fmedia&parent=624007"}],"wp:term":[{"taxonomy":"category","embeddable":true,"href":"https:\/\/diariodominicano.com\/index.php?rest_route=%2Fwp%2Fv2%2Fcategories&post=624007"},{"taxonomy":"post_tag","embeddable":true,"href":"https:\/\/diariodominicano.com\/index.php?rest_route=%2Fwp%2Fv2%2Ftags&post=624007"}],"curies":[{"name":"wp","href":"https:\/\/api.w.org\/{rel}","templated":true}]}}