{"id":623992,"date":"2025-07-01T13:11:59","date_gmt":"2025-07-01T17:11:59","guid":{"rendered":"https:\/\/diariodominicano.com\/?p=623992"},"modified":"2025-07-01T13:14:01","modified_gmt":"2025-07-01T17:14:01","slug":"ifb-promueve-charla-sobre-la-reputacion-y-testimonio-personal-como-reflejo-del-caracter-de-cristo","status":"publish","type":"post","link":"https:\/\/diariodominicano.com\/?p=623992","title":{"rendered":"IFB promueve charla sobre la reputaci\u00f3n y testimonio personal como reflejo del car\u00e1cter de Cristo"},"content":{"rendered":"\n<p> Pastor Oscar Arocha<\/p>\n\n\n\n<p><strong>SANTO DOMINGO ESTE.<\/strong>&nbsp;\u2014 En un encuentro fraterno con pastores y l\u00edderes eclesiales de la Zona Oriental, auspiciado por la Iglesia Fundamento B\u00edblico (IFB) el reconocido pastor \u00d3scar Arocha ofreci\u00f3 una charla centrada en el tema: \u201cLa reputaci\u00f3n y el cuidado desde la \u00f3ptica cristiana\u201d, en la cual exhort\u00f3 a la iglesia a valorar, proteger y restaurar el buen testimonio de los creyentes como una expresi\u00f3n del amor y la gracia de Dios.<\/p>\n\n\n\n<figure class=\"wp-block-image size-large\"><img loading=\"lazy\" decoding=\"async\" width=\"1024\" height=\"768\" src=\"https:\/\/diariodominicano.com\/wp-content\/uploads\/2025\/07\/pastores-participantes-1024x768.jpg\" alt=\"\" class=\"wp-image-623994\" srcset=\"https:\/\/diariodominicano.com\/wp-content\/uploads\/2025\/07\/pastores-participantes-1024x768.jpg 1024w, https:\/\/diariodominicano.com\/wp-content\/uploads\/2025\/07\/pastores-participantes-300x225.jpg 300w, https:\/\/diariodominicano.com\/wp-content\/uploads\/2025\/07\/pastores-participantes-768x576.jpg 768w, https:\/\/diariodominicano.com\/wp-content\/uploads\/2025\/07\/pastores-participantes-1536x1152.jpg 1536w, https:\/\/diariodominicano.com\/wp-content\/uploads\/2025\/07\/pastores-participantes-816x612.jpg 816w, https:\/\/diariodominicano.com\/wp-content\/uploads\/2025\/07\/pastores-participantes.jpg 1600w\" sizes=\"auto, (max-width: 1024px) 100vw, 1024px\" \/><\/figure>\n\n\n\n<p>\u00a0 Grupo de los 150 pastores de SDE quienes participaron en las charlas.&#8211;<\/p>\n\n\n\n<p>En su intervenci\u00f3n el pastor \u00c1ngel Castillo, ofreci\u00f3 palabras de agradecimiento a nombre de los presentes al pastor Arocha por el tiempo de capacitaci\u00f3n en beneficio de las congregaciones participantes; al tiempo que informo sobre curso intensivo como ser un \u00abL\u00edder y un Pastor B\u00edblico\u00bb, como forma de seguir contribuyendo al conocimiento del ministerio pastoral, programada para el mes de agosto 2025..<\/p>\n\n\n\n<p>\u00abQueremos seguir capacitando al cuerpo de Cristo para que Dios sea glorificado, y que se predique desde las congregaciones un evangelio central de la fe cristiana, sin a\u00f1adiduras humanas ni distorsiones culturales\u00bb, a\u00f1adi\u00f3 Castillo.<\/p>\n\n\n\n<figure class=\"wp-block-image size-large\"><img loading=\"lazy\" decoding=\"async\" width=\"1024\" height=\"768\" src=\"https:\/\/diariodominicano.com\/wp-content\/uploads\/2025\/07\/foto-pastores-Castillo-y-ARocha-1024x768.jpg\" alt=\"\" class=\"wp-image-623996\" srcset=\"https:\/\/diariodominicano.com\/wp-content\/uploads\/2025\/07\/foto-pastores-Castillo-y-ARocha-1024x768.jpg 1024w, https:\/\/diariodominicano.com\/wp-content\/uploads\/2025\/07\/foto-pastores-Castillo-y-ARocha-300x225.jpg 300w, https:\/\/diariodominicano.com\/wp-content\/uploads\/2025\/07\/foto-pastores-Castillo-y-ARocha-768x576.jpg 768w, https:\/\/diariodominicano.com\/wp-content\/uploads\/2025\/07\/foto-pastores-Castillo-y-ARocha-1536x1152.jpg 1536w, https:\/\/diariodominicano.com\/wp-content\/uploads\/2025\/07\/foto-pastores-Castillo-y-ARocha-816x612.jpg 816w, https:\/\/diariodominicano.com\/wp-content\/uploads\/2025\/07\/foto-pastores-Castillo-y-ARocha.jpg 1600w\" sizes=\"auto, (max-width: 1024px) 100vw, 1024px\" \/><\/figure>\n\n\n\n<p>Durante su exposici\u00f3n, el pastor Arocha destac\u00f3 que \u201cla reputaci\u00f3n del cristiano es un tesoro delicado y precioso\u201d, afirmando que Dios no solo cuida de sus redimidos, sino que tambi\u00e9n vela por su buen nombre. A partir de numerosos ejemplos b\u00edblicos \u2014como los casos de Jos\u00e9, David, Sa\u00fal y el creyente arrepentido en Corinto\u2014, el expositor enfatiz\u00f3 que el trato piadoso hacia la reputaci\u00f3n del pr\u00f3jimo es un acto de obediencia, justicia y ternura cristiana.<\/p>\n\n\n\n<p>Uno de los puntos centrales de la ense\u00f1anza fue el llamado a no difamar a los hermanos en la fe, incluso cuando han cometido errores, y a fomentar una cultura de perd\u00f3n, restauraci\u00f3n y amor. Citando textos clave como 2 Samuel 1:20 y 2 Corintios 2:7\u20138, el pastor Arocha record\u00f3 que \u201cen todo acto de disciplina, el objetivo debe ser redimir, no destruir\u201d.<\/p>\n\n\n\n<p>La actividad, que reuni\u00f3 a unos 150 pastores y l\u00edderes congregacionales, fue tambi\u00e9n un espacio de reflexi\u00f3n sobre la responsabilidad \u00e9tica y espiritual que tienen los pastores de cuidar no solo la doctrina, sino tambi\u00e9n el testimonio p\u00fablico de quienes forman parte del Cuerpo de Cristo.<\/p>\n\n\n\n<p>Este evento forma parte de una serie de encuentros mensuales que organiza la Iglesia Fundamento B\u00edblico (IFB) y la Fundaci\u00f3n AYO, orientados a fortalecer el liderazgo cristiano, promover un esp\u00edritu de unidad, madurez y compasi\u00f3n en la iglesia cristiana del municipio.<\/p>\n\n\n\n<p>En otro aspecto, el pastor Arocha hizo menci\u00f3n al tema del diezmo, el cual consider\u00f3 no como una imposici\u00f3n legalista del Antiguo Pacto, sino una expresi\u00f3n continua de adoraci\u00f3n y obediencia, vigente para la Iglesia bajo el se\u00f1or\u00edo de Jesucristo.<\/p>\n\n\n\n<p>Felix Caraballo<\/p>\n\n\n\n<p>Felix Caraballo (De tus contactos de Google)<\/p>\n\n\n\n<p><a target=\"_blank\" href=\"mailto:felixcaraballor@gmail.com\" rel=\"noreferrer noopener\">felixcaraballor@gmail.com<\/a><\/p>\n","protected":false},"excerpt":{"rendered":"<p>Pastor Oscar Arocha SANTO DOMINGO ESTE.&nbsp;\u2014 En un encuentro fraterno con pastores y l\u00edderes eclesiales de la Zona Oriental, auspiciado por la Iglesia Fundamento B\u00edblico (IFB) el reconocido pastor \u00d3scar Arocha ofreci\u00f3 una charla centrada en el tema: \u201cLa reputaci\u00f3n y el cuidado desde la \u00f3ptica cristiana\u201d, en la cual exhort\u00f3 a la iglesia a [&hellip;]<\/p>\n","protected":false},"author":2,"featured_media":623993,"comment_status":"closed","ping_status":"closed","sticky":false,"template":"","format":"standard","meta":{"footnotes":""},"categories":[36,20],"tags":[],"class_list":["post-623992","post","type-post","status-publish","format-standard","has-post-thumbnail","hentry","category-hombresmujeresycosas","category-dominicana-hoy"],"_links":{"self":[{"href":"https:\/\/diariodominicano.com\/index.php?rest_route=\/wp\/v2\/posts\/623992","targetHints":{"allow":["GET"]}}],"collection":[{"href":"https:\/\/diariodominicano.com\/index.php?rest_route=\/wp\/v2\/posts"}],"about":[{"href":"https:\/\/diariodominicano.com\/index.php?rest_route=\/wp\/v2\/types\/post"}],"author":[{"embeddable":true,"href":"https:\/\/diariodominicano.com\/index.php?rest_route=\/wp\/v2\/users\/2"}],"replies":[{"embeddable":true,"href":"https:\/\/diariodominicano.com\/index.php?rest_route=%2Fwp%2Fv2%2Fcomments&post=623992"}],"version-history":[{"count":2,"href":"https:\/\/diariodominicano.com\/index.php?rest_route=\/wp\/v2\/posts\/623992\/revisions"}],"predecessor-version":[{"id":623998,"href":"https:\/\/diariodominicano.com\/index.php?rest_route=\/wp\/v2\/posts\/623992\/revisions\/623998"}],"wp:featuredmedia":[{"embeddable":true,"href":"https:\/\/diariodominicano.com\/index.php?rest_route=\/wp\/v2\/media\/623993"}],"wp:attachment":[{"href":"https:\/\/diariodominicano.com\/index.php?rest_route=%2Fwp%2Fv2%2Fmedia&parent=623992"}],"wp:term":[{"taxonomy":"category","embeddable":true,"href":"https:\/\/diariodominicano.com\/index.php?rest_route=%2Fwp%2Fv2%2Fcategories&post=623992"},{"taxonomy":"post_tag","embeddable":true,"href":"https:\/\/diariodominicano.com\/index.php?rest_route=%2Fwp%2Fv2%2Ftags&post=623992"}],"curies":[{"name":"wp","href":"https:\/\/api.w.org\/{rel}","templated":true}]}}