{"id":623951,"date":"2025-07-01T02:23:32","date_gmt":"2025-07-01T06:23:32","guid":{"rendered":"https:\/\/diariodominicano.com\/?p=623951"},"modified":"2025-07-01T02:23:47","modified_gmt":"2025-07-01T06:23:47","slug":"edanco-celebrara-su-20-aniversario-con-una-edicion-especial","status":"publish","type":"post","link":"https:\/\/diariodominicano.com\/?p=623951","title":{"rendered":"EDANCO celebrar\u00e1 su 20 aniversario con una edici\u00f3n especial\u00a0"},"content":{"rendered":"\n<p><em>Este festival conmemorar\u00e1 su vig\u00e9simo aniversario reuniendo a destacados bailarines de compa\u00f1\u00edas locales e internacionales que vienen a brindar su arte, adem\u00e1s ofrecer\u00e1 una agenda art\u00edstica que busca seguir impulsando la excelencia de la danza en Rep\u00fablica Dominicana<\/em><\/p>\n\n\n\n<p><strong>Santo Domingo, junio 2025.-<\/strong>&nbsp;La Fundaci\u00f3n Encuentro de Danza Contempor\u00e1nea anunci\u00f3 que la celebraci\u00f3n de la vig\u00e9sima edici\u00f3n del Festival Internacional de Danza Contempor\u00e1nea (EDANCO 2025), se llevar\u00e1 a cabo desde viernes 19 de septiembre al domingo 5 de octubre, en el Palacio de Bellas Artes y en diversos espacios alternativos de Santo Domingo.<\/p>\n\n\n\n<p>Patricia Ortega, directora art\u00edstica general de EDANCO afirm\u00f3 que \u201ceste importante evento cultural, considerado uno de los festivales de danza contempor\u00e1nea m\u00e1s relevantes de la regi\u00f3n, celebrar\u00e1 dos d\u00e9cadas de trayectoria ininterrumpida promoviendo el arte, la danza y la cultura en Rep\u00fablica Dominicana\u201d.<\/p>\n\n\n\n<figure class=\"wp-block-gallery has-nested-images columns-default is-cropped wp-block-gallery-1 is-layout-flex wp-block-gallery-is-layout-flex\">\n<figure class=\"wp-block-image size-large\"><img loading=\"lazy\" decoding=\"async\" width=\"839\" height=\"560\" data-id=\"623964\" src=\"https:\/\/diariodominicano.com\/wp-content\/uploads\/2025\/07\/EDANCO-celebrara-20-aniversario-con-una-edicion-especial.jpg\" alt=\"\" class=\"wp-image-623964\" srcset=\"https:\/\/diariodominicano.com\/wp-content\/uploads\/2025\/07\/EDANCO-celebrara-20-aniversario-con-una-edicion-especial.jpg 839w, https:\/\/diariodominicano.com\/wp-content\/uploads\/2025\/07\/EDANCO-celebrara-20-aniversario-con-una-edicion-especial-300x200.jpg 300w, https:\/\/diariodominicano.com\/wp-content\/uploads\/2025\/07\/EDANCO-celebrara-20-aniversario-con-una-edicion-especial-768x513.jpg 768w, https:\/\/diariodominicano.com\/wp-content\/uploads\/2025\/07\/EDANCO-celebrara-20-aniversario-con-una-edicion-especial-816x545.jpg 816w\" sizes=\"auto, (max-width: 839px) 100vw, 839px\" \/><\/figure>\n<\/figure>\n\n\n\n<p>Adelant\u00f3 que esta edici\u00f3n contar\u00e1 con la participaci\u00f3n de compa\u00f1\u00edas internacionales provenientes de Europa, Sudam\u00e9rica, Centroam\u00e9rica, Asia y el Caribe, que se sumar\u00e1n a esta plataforma art\u00edstica que reunir\u00e1 lo mejor de la danza contempor\u00e1nea global en la celebraci\u00f3n de 20 a\u00f1os de trabajo\u00a0ininterrumpido\u00a0en favor de la danza y la cultura en nuestro pa\u00eds.<\/p>\n\n\n\n<figure class=\"wp-block-gallery has-nested-images columns-default is-cropped wp-block-gallery-2 is-layout-flex wp-block-gallery-is-layout-flex\">\n<figure class=\"wp-block-image size-large\"><img loading=\"lazy\" decoding=\"async\" width=\"849\" height=\"566\" data-id=\"623963\" src=\"https:\/\/diariodominicano.com\/wp-content\/uploads\/2025\/07\/EDANCO-celebrara-su-20-aniversario-con-una-edicion-especial.jpg\" alt=\"\" class=\"wp-image-623963\" srcset=\"https:\/\/diariodominicano.com\/wp-content\/uploads\/2025\/07\/EDANCO-celebrara-su-20-aniversario-con-una-edicion-especial.jpg 849w, https:\/\/diariodominicano.com\/wp-content\/uploads\/2025\/07\/EDANCO-celebrara-su-20-aniversario-con-una-edicion-especial-300x200.jpg 300w, https:\/\/diariodominicano.com\/wp-content\/uploads\/2025\/07\/EDANCO-celebrara-su-20-aniversario-con-una-edicion-especial-768x512.jpg 768w, https:\/\/diariodominicano.com\/wp-content\/uploads\/2025\/07\/EDANCO-celebrara-su-20-aniversario-con-una-edicion-especial-816x544.jpg 816w\" sizes=\"auto, (max-width: 849px) 100vw, 849px\" \/><\/figure>\n<\/figure>\n\n\n\n<p>Ortega indic\u00f3 que, adem\u00e1s de las presentaciones esc\u00e9nicas, el festival ofrecer\u00e1 una interesante programaci\u00f3n de actividades complementarias, que incluir\u00e1 talleres, conferencias, conversatorios, exposiciones fotogr\u00e1ficas y proyecciones de videodanza. \u201cEstas iniciativas tienen como objetivo fortalecer el v\u00ednculo entre el p\u00fablico y la danza, beneficiando especialmente a los colectivos art\u00edsticos y a las comunidades locales\u201d.<\/p>\n\n\n\n<figure class=\"wp-block-gallery has-nested-images columns-default is-cropped wp-block-gallery-3 is-layout-flex wp-block-gallery-is-layout-flex\">\n<figure class=\"wp-block-image size-large\"><img loading=\"lazy\" decoding=\"async\" width=\"728\" height=\"486\" data-id=\"623965\" src=\"https:\/\/diariodominicano.com\/wp-content\/uploads\/2025\/07\/EDANCO-celebrara-su-20-aniversario-con-una-edicion-especial.jpeg\" alt=\"\" class=\"wp-image-623965\" srcset=\"https:\/\/diariodominicano.com\/wp-content\/uploads\/2025\/07\/EDANCO-celebrara-su-20-aniversario-con-una-edicion-especial.jpeg 728w, https:\/\/diariodominicano.com\/wp-content\/uploads\/2025\/07\/EDANCO-celebrara-su-20-aniversario-con-una-edicion-especial-300x200.jpeg 300w\" sizes=\"auto, (max-width: 728px) 100vw, 728px\" \/><figcaption class=\"wp-element-caption\">EDANCO 21 &#8211; Endanza, \u00abAg\u00fcita de Mayo\u00bb 04\/10\/21 @mikpasco<\/figcaption><\/figure>\n<\/figure>\n\n\n\n<p>Edmundo Poy, presidente de la Fundaci\u00f3n EDANCO destac\u00f3 que, desde su creaci\u00f3n en 2005, este festival se ha consolidado como un punto de encuentro clave para destacados bailarines, maestros y core\u00f3grafos nacionales e internacionales, convirti\u00e9ndose en un motor de desarrollo para la danza contempor\u00e1nea en el pa\u00eds.<\/p>\n\n\n\n<p>\u201cNos enorgullece ser un referente del sector cultural y art\u00edstico dominicano, atrayendo a miles de personas interesadas en disfrutar de la danza como expresi\u00f3n cultural. Este festival tambi\u00e9n ha tenido un impacto significativo en el desarrollo de la danza contempor\u00e1nea y otros estilos, as\u00ed como en el turismo cultural, posicionando a Rep\u00fablica Dominicana como un destino cultural de primer nivel\u201d, expres\u00f3 Poy.<\/p>\n\n\n\n<p>Asimismo, dijo que gracias a esta plataforma, artistas de todo el mundo han encontrado un espacio para presentar su talento, lo que ha contribuido a proyectar al pa\u00eds en la escena art\u00edstica internacional. \u201cPor eso, nos alegra expresar que EDANCO 2025 ser\u00e1 una edici\u00f3n hist\u00f3rica, marcada por la celebraci\u00f3n de 20 a\u00f1os de legado, intercambio cultural y excelencia art\u00edstica\u201d.<\/p>\n\n\n\n<p>Mar\u00eda Mercedes <a href=\"mailto:sonrie210@yahoo.es\">sonrie210@yahoo.es<\/a><\/p>\n","protected":false},"excerpt":{"rendered":"<p>Este festival conmemorar\u00e1 su vig\u00e9simo aniversario reuniendo a destacados bailarines de compa\u00f1\u00edas locales e internacionales que vienen a brindar su arte, adem\u00e1s ofrecer\u00e1 una agenda art\u00edstica que busca seguir impulsando la excelencia de la danza en Rep\u00fablica Dominicana Santo Domingo, junio 2025.-&nbsp;La Fundaci\u00f3n Encuentro de Danza Contempor\u00e1nea anunci\u00f3 que la celebraci\u00f3n de la vig\u00e9sima edici\u00f3n [&hellip;]<\/p>\n","protected":false},"author":7,"featured_media":623962,"comment_status":"closed","ping_status":"closed","sticky":false,"template":"","format":"standard","meta":{"footnotes":""},"categories":[36],"tags":[2764],"class_list":["post-623951","post","type-post","status-publish","format-standard","has-post-thumbnail","hentry","category-hombresmujeresycosas","tag-edanco"],"_links":{"self":[{"href":"https:\/\/diariodominicano.com\/index.php?rest_route=\/wp\/v2\/posts\/623951","targetHints":{"allow":["GET"]}}],"collection":[{"href":"https:\/\/diariodominicano.com\/index.php?rest_route=\/wp\/v2\/posts"}],"about":[{"href":"https:\/\/diariodominicano.com\/index.php?rest_route=\/wp\/v2\/types\/post"}],"author":[{"embeddable":true,"href":"https:\/\/diariodominicano.com\/index.php?rest_route=\/wp\/v2\/users\/7"}],"replies":[{"embeddable":true,"href":"https:\/\/diariodominicano.com\/index.php?rest_route=%2Fwp%2Fv2%2Fcomments&post=623951"}],"version-history":[{"count":1,"href":"https:\/\/diariodominicano.com\/index.php?rest_route=\/wp\/v2\/posts\/623951\/revisions"}],"predecessor-version":[{"id":623966,"href":"https:\/\/diariodominicano.com\/index.php?rest_route=\/wp\/v2\/posts\/623951\/revisions\/623966"}],"wp:featuredmedia":[{"embeddable":true,"href":"https:\/\/diariodominicano.com\/index.php?rest_route=\/wp\/v2\/media\/623962"}],"wp:attachment":[{"href":"https:\/\/diariodominicano.com\/index.php?rest_route=%2Fwp%2Fv2%2Fmedia&parent=623951"}],"wp:term":[{"taxonomy":"category","embeddable":true,"href":"https:\/\/diariodominicano.com\/index.php?rest_route=%2Fwp%2Fv2%2Fcategories&post=623951"},{"taxonomy":"post_tag","embeddable":true,"href":"https:\/\/diariodominicano.com\/index.php?rest_route=%2Fwp%2Fv2%2Ftags&post=623951"}],"curies":[{"name":"wp","href":"https:\/\/api.w.org\/{rel}","templated":true}]}}