{"id":623950,"date":"2025-07-01T02:19:29","date_gmt":"2025-07-01T06:19:29","guid":{"rendered":"https:\/\/diariodominicano.com\/?p=623950"},"modified":"2025-07-01T02:19:31","modified_gmt":"2025-07-01T06:19:31","slug":"unapec-impulsa-la-reflexion-sobre-innovacion-inteligencia-artificial-y-nuevos-retos-educativos-en-su-iii-congreso-internacional-de-docentes","status":"publish","type":"post","link":"https:\/\/diariodominicano.com\/?p=623950","title":{"rendered":"UNAPEC impulsa la reflexi\u00f3n sobre innovaci\u00f3n, inteligencia artificial y nuevos retos educativos en su III Congreso Internacional de Docentes"},"content":{"rendered":"\n<p><strong>Santo Domingo, 2025&nbsp;<\/strong><strong>\u2013<\/strong>&nbsp;En un mundo donde la educaci\u00f3n superior enfrenta transformaciones vertiginosas impulsadas por la tecnolog\u00eda y nuevas din\u00e1micas de aprendizaje, la Universidad APEC (UNAPEC) inaugur\u00f3 este s\u00e1bado 28 la tercera edici\u00f3n de su Congreso Internacional de Docentes, un espacio acad\u00e9mico que re\u00fane a expertos nacionales e internacionales para debatir, compartir experiencias y anticipar los desaf\u00edos del futuro educativo.<\/p>\n\n\n\n<p>Cerca&nbsp;de 400 docentes procedentes de las&nbsp;facultades de Ciencias Econ\u00f3micas y Empresariales, Humanidades, Ciencias e Ingenier\u00eda, y la Escuela de Idiomas de la&nbsp;Universidad APEC, se dieron cita en esta ocasi\u00f3n formulando un llamado a resignificar el rol del profesorado como agente clave de cambio, en un entorno donde las aulas, los saberes y las formas de aprender se ven profundamente desafiadas por la tecnolog\u00eda, la inteligencia artificial (IA) y la cultura digital.<\/p>\n\n\n\n<figure class=\"wp-block-gallery has-nested-images columns-default is-cropped wp-block-gallery-1 is-layout-flex wp-block-gallery-is-layout-flex\">\n<figure class=\"wp-block-image size-large\"><img loading=\"lazy\" decoding=\"async\" width=\"991\" height=\"845\" data-id=\"623960\" src=\"https:\/\/diariodominicano.com\/wp-content\/uploads\/2025\/07\/Salvador-Poncorbo-Yajaira-Oviedo.jpg\" alt=\"\" class=\"wp-image-623960\" srcset=\"https:\/\/diariodominicano.com\/wp-content\/uploads\/2025\/07\/Salvador-Poncorbo-Yajaira-Oviedo.jpg 991w, https:\/\/diariodominicano.com\/wp-content\/uploads\/2025\/07\/Salvador-Poncorbo-Yajaira-Oviedo-300x256.jpg 300w, https:\/\/diariodominicano.com\/wp-content\/uploads\/2025\/07\/Salvador-Poncorbo-Yajaira-Oviedo-768x655.jpg 768w, https:\/\/diariodominicano.com\/wp-content\/uploads\/2025\/07\/Salvador-Poncorbo-Yajaira-Oviedo-816x696.jpg 816w\" sizes=\"auto, (max-width: 991px) 100vw, 991px\" \/><figcaption class=\"wp-element-caption\">Salvador Poncorbo, Yajaira Oviedo <\/figcaption><\/figure>\n\n\n\n<figure class=\"wp-block-image size-large\"><img loading=\"lazy\" decoding=\"async\" width=\"310\" height=\"252\" data-id=\"623959\" src=\"https:\/\/diariodominicano.com\/wp-content\/uploads\/2025\/07\/Andres-Hernandez-Alicia-Alvarez-Ricardo-Perez.jpg\" alt=\"\" class=\"wp-image-623959\" srcset=\"https:\/\/diariodominicano.com\/wp-content\/uploads\/2025\/07\/Andres-Hernandez-Alicia-Alvarez-Ricardo-Perez.jpg 310w, https:\/\/diariodominicano.com\/wp-content\/uploads\/2025\/07\/Andres-Hernandez-Alicia-Alvarez-Ricardo-Perez-300x244.jpg 300w\" sizes=\"auto, (max-width: 310px) 100vw, 310px\" \/><figcaption class=\"wp-element-caption\">Andr\u00e9s Hern\u00e1ndez, Alicia \u00c1lvarez, Ricardo P\u00e9rez<\/figcaption><\/figure>\n\n\n\n<figure class=\"wp-block-image size-large\"><img loading=\"lazy\" decoding=\"async\" width=\"305\" height=\"244\" data-id=\"623958\" src=\"https:\/\/diariodominicano.com\/wp-content\/uploads\/2025\/07\/Maricela-Almanzar-Rossanna-Matos.jpg\" alt=\"\" class=\"wp-image-623958\" srcset=\"https:\/\/diariodominicano.com\/wp-content\/uploads\/2025\/07\/Maricela-Almanzar-Rossanna-Matos.jpg 305w, https:\/\/diariodominicano.com\/wp-content\/uploads\/2025\/07\/Maricela-Almanzar-Rossanna-Matos-300x240.jpg 300w\" sizes=\"auto, (max-width: 305px) 100vw, 305px\" \/><figcaption class=\"wp-element-caption\">Maricela Almanzar, Rossanna Matos <\/figcaption><\/figure>\n\n\n\n<figure class=\"wp-block-image size-large\"><img loading=\"lazy\" decoding=\"async\" width=\"301\" height=\"244\" data-id=\"623957\" src=\"https:\/\/diariodominicano.com\/wp-content\/uploads\/2025\/07\/Carolyn-Feliz-Rafael-Alvarez-Emelyn-Concepcion.jpg\" alt=\"\" class=\"wp-image-623957\"\/><figcaption class=\"wp-element-caption\">Carolyn Feliz, Rafael Alvarez, Emelyn Concepci\u00f3n <\/figcaption><\/figure>\n\n\n\n<figure class=\"wp-block-image size-large\"><img loading=\"lazy\" decoding=\"async\" width=\"989\" height=\"713\" data-id=\"623956\" src=\"https:\/\/diariodominicano.com\/wp-content\/uploads\/2025\/07\/Dorka-Corletteo-Luisa-Maldonado.jpg\" alt=\"\" class=\"wp-image-623956\" srcset=\"https:\/\/diariodominicano.com\/wp-content\/uploads\/2025\/07\/Dorka-Corletteo-Luisa-Maldonado.jpg 989w, https:\/\/diariodominicano.com\/wp-content\/uploads\/2025\/07\/Dorka-Corletteo-Luisa-Maldonado-300x216.jpg 300w, https:\/\/diariodominicano.com\/wp-content\/uploads\/2025\/07\/Dorka-Corletteo-Luisa-Maldonado-768x554.jpg 768w, https:\/\/diariodominicano.com\/wp-content\/uploads\/2025\/07\/Dorka-Corletteo-Luisa-Maldonado-816x588.jpg 816w\" sizes=\"auto, (max-width: 989px) 100vw, 989px\" \/><figcaption class=\"wp-element-caption\">Dorka Corletteo, Luisa Maldonado <\/figcaption><\/figure>\n<\/figure>\n\n\n\n<p>Durante la apertura, la rectora en funciones de Unapec, Rosangela S\u00e1nchez, enfatiz\u00f3 en su mensaje que &lt;&lt; m\u00e1s que un encuentro acad\u00e9mico, el evento constituye una invitaci\u00f3n a renovar nuestro compromiso como educadores, a desafiar modelos tradicionales y a poner la innovaci\u00f3n y la inteligencia artificial al servicio de la formaci\u00f3n de ciudadanos cr\u00edticos, \u00e9ticos y capaces de transformar su entorno &gt;&gt;.<\/p>\n\n\n\n<p>Considera que la educaci\u00f3n superior est\u00e1 llamada a liderar la adaptaci\u00f3n y la integraci\u00f3n de las tecnolog\u00edas emergentes, sin perder de vista los valores fundamentales que sostienen la misi\u00f3n universitaria.<\/p>\n\n\n\n<p>&lt;&lt; Por eso, este congreso reafirma nuestra convicci\u00f3n de que el docente es y seguir\u00e1 siendo un agente de cambio clave en esta nueva era digital &gt;&gt;.<\/p>\n\n\n\n<p>Bajo esta premisa, el III Congreso Internacional de Docentes de UNAPEC despleg\u00f3 una programaci\u00f3n acad\u00e9mica de alto nivel abordando temas cruciales como la aplicaci\u00f3n de la inteligencia artificial en la docencia, la innovaci\u00f3n curricular, la integraci\u00f3n de EdTech, la internacionalizaci\u00f3n acad\u00e9mica en entornos digitales y la gesti\u00f3n universitaria \u00e9tica en tiempos de disrupci\u00f3n tecnol\u00f3gica.<\/p>\n\n\n\n<p>Entre los conferencistas destacados, concurri\u00f3 el Dr. Jos\u00e9 Omar Tam\u00e1rez, director de Planificaci\u00f3n y Desarrollo Estrat\u00e9gico de UNAPEC, quien abri\u00f3 la agenda de temas con&nbsp;<em>\u00bfY si el aula que conoces ya no existe? Hacia un ecosistema inteligente con IA, tecnolog\u00eda y una nueva cultura docente<\/em>, implicando una reflexi\u00f3n cr\u00edtica sobre c\u00f3mo se redefinen los espacios educativos ante los cambios generacionales.<\/p>\n\n\n\n<p>Desde Colombia, Henry Taquez, l\u00edder de Inteligencia Artificial y Tecnolog\u00eda de la Universidad ICESI, comparti\u00f3 experiencias pr\u00e1cticas en su ponencia&nbsp;<em>Liderar la innovaci\u00f3n desde la academia: Experiencias y perspectivas sobre IA y tecnolog\u00eda en la Educaci\u00f3n Superior<\/em>, mientras que Jos\u00e9 Andr\u00e9s G\u00f3mez, de la Universidad de Alcal\u00e1 (Espa\u00f1a), profundiz\u00f3 en la&nbsp;<em>Gesti\u00f3n universitaria inteligente, equilibrando innovaci\u00f3n y \u00e9tica en la toma de decisiones estrat\u00e9gicas.<\/em><\/p>\n\n\n\n<p>La agenda incluy\u00f3 tambi\u00e9n la participaci\u00f3n de Mar\u00eda Laura Cuccaro, de Coursera, con la conferencia&nbsp;<em>Integraci\u00f3n curricular de herramientas de EdTech e IA en la educaci\u00f3n superior<\/em>, y de Elsa Moquete, vicerrectora Acad\u00e9mica Interina de UNAPEC, quien present\u00f3&nbsp;<em>Conectividad sin Fronteras: Nuevos Modelos de Internacionalizaci\u00f3n Acad\u00e9mica en la Era Digital.<\/em><\/p>\n\n\n\n<p>Complement\u00f3 este enfoque humanista, el Dr. Luis Alberto Rodr\u00edguez Santos con&nbsp;<em>Praxis para resignificar las Filosof\u00edas de Ocio<\/em>, invitando a repensar la educaci\u00f3n m\u00e1s all\u00e1 de lo t\u00e9cnico.<\/p>\n\n\n\n<p>El c\u00f3nclave cerr\u00f3 con broche de oro con el panel&nbsp;<em>Hacia una educaci\u00f3n inteligente: Claves para integrar IA e innovaci\u00f3n con sentido,&nbsp;<\/em>moderado por Jos\u00e9 Antonio Gil, decano de la Facultad de Ciencias Econ\u00f3micas y Empresariales de UNAPEC, con la participaci\u00f3n de Carlixto Juliao, Piero G\u00f3mez y Kelvin Jerez.<\/p>\n\n\n\n<p>&lt;&lt; Este congreso no solo anticipa las tendencias que transformar\u00e1n la ense\u00f1anza universitaria, sino que nos invita a liderarlas desde la responsabilidad, la creatividad y la confianza en el poder de la comunidad docente para generar cambios reales &gt;&gt;, precis\u00f3 Rosangela S\u00e1nchez.<\/p>\n\n\n\n<p>Al tiempo de a\u00f1adir &lt;&lt; y de esta manera Unapec reafirma su misi\u00f3n de ser un referente en la construcci\u00f3n de una cultura docente capaz de adaptarse, innovar y transformar realidades para responder a los desaf\u00edos del presente y del porvenir &gt;&gt;.<\/p>\n\n\n\n<p>Con esta tercera edici\u00f3n, UNAPEC consolida su compromiso con una educaci\u00f3n superior de calidad, alineada a los est\u00e1ndares globales, pero firme en los valores que la sostienen: pensamiento cr\u00edtico, \u00e9tica y colaboraci\u00f3n. Este congreso reafirma el papel de la universidad como plataforma de encuentro, reflexi\u00f3n y proyecci\u00f3n de las tendencias que definir\u00e1n la ense\u00f1anza universitaria de las pr\u00f3ximas d\u00e9cadas.<\/p>\n\n\n\n<p>Yakayra Suero Tavarez, MGCC <a href=\"mailto:ybsuero@adm.unapec.edu.do\">ybsuero@adm.unapec.edu.do<\/a><\/p>\n","protected":false},"excerpt":{"rendered":"<p>Santo Domingo, 2025&nbsp;\u2013&nbsp;En un mundo donde la educaci\u00f3n superior enfrenta transformaciones vertiginosas impulsadas por la tecnolog\u00eda y nuevas din\u00e1micas de aprendizaje, la Universidad APEC (UNAPEC) inaugur\u00f3 este s\u00e1bado 28 la tercera edici\u00f3n de su Congreso Internacional de Docentes, un espacio acad\u00e9mico que re\u00fane a expertos nacionales e internacionales para debatir, compartir experiencias y anticipar los [&hellip;]<\/p>\n","protected":false},"author":7,"featured_media":623955,"comment_status":"closed","ping_status":"closed","sticky":false,"template":"","format":"standard","meta":{"footnotes":""},"categories":[36],"tags":[],"class_list":["post-623950","post","type-post","status-publish","format-standard","has-post-thumbnail","hentry","category-hombresmujeresycosas"],"_links":{"self":[{"href":"https:\/\/diariodominicano.com\/index.php?rest_route=\/wp\/v2\/posts\/623950","targetHints":{"allow":["GET"]}}],"collection":[{"href":"https:\/\/diariodominicano.com\/index.php?rest_route=\/wp\/v2\/posts"}],"about":[{"href":"https:\/\/diariodominicano.com\/index.php?rest_route=\/wp\/v2\/types\/post"}],"author":[{"embeddable":true,"href":"https:\/\/diariodominicano.com\/index.php?rest_route=\/wp\/v2\/users\/7"}],"replies":[{"embeddable":true,"href":"https:\/\/diariodominicano.com\/index.php?rest_route=%2Fwp%2Fv2%2Fcomments&post=623950"}],"version-history":[{"count":1,"href":"https:\/\/diariodominicano.com\/index.php?rest_route=\/wp\/v2\/posts\/623950\/revisions"}],"predecessor-version":[{"id":623961,"href":"https:\/\/diariodominicano.com\/index.php?rest_route=\/wp\/v2\/posts\/623950\/revisions\/623961"}],"wp:featuredmedia":[{"embeddable":true,"href":"https:\/\/diariodominicano.com\/index.php?rest_route=\/wp\/v2\/media\/623955"}],"wp:attachment":[{"href":"https:\/\/diariodominicano.com\/index.php?rest_route=%2Fwp%2Fv2%2Fmedia&parent=623950"}],"wp:term":[{"taxonomy":"category","embeddable":true,"href":"https:\/\/diariodominicano.com\/index.php?rest_route=%2Fwp%2Fv2%2Fcategories&post=623950"},{"taxonomy":"post_tag","embeddable":true,"href":"https:\/\/diariodominicano.com\/index.php?rest_route=%2Fwp%2Fv2%2Ftags&post=623950"}],"curies":[{"name":"wp","href":"https:\/\/api.w.org\/{rel}","templated":true}]}}