{"id":623877,"date":"2025-06-30T19:58:18","date_gmt":"2025-06-30T23:58:18","guid":{"rendered":"https:\/\/diariodominicano.com\/?p=623877"},"modified":"2025-06-30T19:58:21","modified_gmt":"2025-06-30T23:58:21","slug":"seleccion-dominicana-femenina-afronta-segundo-ensayo-ante-mexico","status":"publish","type":"post","link":"https:\/\/diariodominicano.com\/?p=623877","title":{"rendered":"Selecci\u00f3n Dominicana Femenina afronta segundo ensayo ante M\u00e9xico"},"content":{"rendered":"\n<p>SANTO DOMINGO.- El combinado femenino de mayores de Rep\u00fablica Dominicana disputar\u00e1 este martes 1 de julio de 2025 su segundo enfrentamiento ante M\u00e9xico Sub-23 en el Centro de Alto Rendimiento de la Federaci\u00f3n Mexicana de F\u00fatbol, ubicado en Ciudad de M\u00e9xico. El compromiso est\u00e1 pausado para las 12:30 del mediod\u00eda (Hora de RD).<\/p>\n\n\n\n<p>Las incidencias del encuentro ser\u00e1n transmitidas a trav\u00e9s de CDN Deportes en vivo.<\/p>\n\n\n\n<p>Este ser\u00e1 el segundo desaf\u00edo entre ambas selecciones durante la presente Ventana FIFA Femenina. En el primero las mexicanas se quedaron con el triunfo tres por cero.<\/p>\n\n\n\n<figure class=\"wp-block-image size-full\"><img loading=\"lazy\" decoding=\"async\" width=\"852\" height=\"568\" src=\"https:\/\/diariodominicano.com\/wp-content\/uploads\/2025\/06\/Seleccion-Dominicana-Femenina-afronta-segundo-ensayo-ante-Mexico.jpg\" alt=\"\" class=\"wp-image-623883\" srcset=\"https:\/\/diariodominicano.com\/wp-content\/uploads\/2025\/06\/Seleccion-Dominicana-Femenina-afronta-segundo-ensayo-ante-Mexico.jpg 852w, https:\/\/diariodominicano.com\/wp-content\/uploads\/2025\/06\/Seleccion-Dominicana-Femenina-afronta-segundo-ensayo-ante-Mexico-300x200.jpg 300w, https:\/\/diariodominicano.com\/wp-content\/uploads\/2025\/06\/Seleccion-Dominicana-Femenina-afronta-segundo-ensayo-ante-Mexico-768x512.jpg 768w, https:\/\/diariodominicano.com\/wp-content\/uploads\/2025\/06\/Seleccion-Dominicana-Femenina-afronta-segundo-ensayo-ante-Mexico-816x544.jpg 816w\" sizes=\"auto, (max-width: 852px) 100vw, 852px\" \/><\/figure>\n\n\n\n<p>Para la Selecci\u00f3n Dominicana Femenina es de mucho provecho tener este tipo de compromisos con rivales exigentes que permitir\u00e1n evaluar y levantar el nivel tanto individual como colectivo en el ciclo que reci\u00e9n comienza para la seleccionadora criolla Betzaida Ubri.<\/p>\n\n\n\n<p>Adem\u00e1s, estos compromisos permiten que la escuadra nacional vaya haciendo ajustes de cara a las venideras competiciones oficiales como lo son las Eliminatorias Concacaf Mundial FIFA Brasil 2027 y los Juegos Deportivos Centroamericanos y del Caribe Santo Domingo 2026.<\/p>\n\n\n\n<p><strong>Johnny Nieto<\/strong><\/p>\n\n\n\n<p><strong>Departamento de Comunicaciones FDF<\/strong><\/p>\n\n\n\n<p>Fedofutbol Prensa <a href=\"mailto:fedofutbolprensa2019@gmail.com\">fedofutbolprensa2019@gmail.com<\/a><\/p>\n","protected":false},"excerpt":{"rendered":"<p>SANTO DOMINGO.- El combinado femenino de mayores de Rep\u00fablica Dominicana disputar\u00e1 este martes 1 de julio de 2025 su segundo enfrentamiento ante M\u00e9xico Sub-23 en el Centro de Alto Rendimiento de la Federaci\u00f3n Mexicana de F\u00fatbol, ubicado en Ciudad de M\u00e9xico. El compromiso est\u00e1 pausado para las 12:30 del mediod\u00eda (Hora de RD). Las incidencias [&hellip;]<\/p>\n","protected":false},"author":7,"featured_media":623884,"comment_status":"closed","ping_status":"closed","sticky":false,"template":"","format":"standard","meta":{"footnotes":""},"categories":[17],"tags":[1532],"class_list":["post-623877","post","type-post","status-publish","format-standard","has-post-thumbnail","hentry","category-deportes","tag-fedofutbol"],"_links":{"self":[{"href":"https:\/\/diariodominicano.com\/index.php?rest_route=\/wp\/v2\/posts\/623877","targetHints":{"allow":["GET"]}}],"collection":[{"href":"https:\/\/diariodominicano.com\/index.php?rest_route=\/wp\/v2\/posts"}],"about":[{"href":"https:\/\/diariodominicano.com\/index.php?rest_route=\/wp\/v2\/types\/post"}],"author":[{"embeddable":true,"href":"https:\/\/diariodominicano.com\/index.php?rest_route=\/wp\/v2\/users\/7"}],"replies":[{"embeddable":true,"href":"https:\/\/diariodominicano.com\/index.php?rest_route=%2Fwp%2Fv2%2Fcomments&post=623877"}],"version-history":[{"count":1,"href":"https:\/\/diariodominicano.com\/index.php?rest_route=\/wp\/v2\/posts\/623877\/revisions"}],"predecessor-version":[{"id":623885,"href":"https:\/\/diariodominicano.com\/index.php?rest_route=\/wp\/v2\/posts\/623877\/revisions\/623885"}],"wp:featuredmedia":[{"embeddable":true,"href":"https:\/\/diariodominicano.com\/index.php?rest_route=\/wp\/v2\/media\/623884"}],"wp:attachment":[{"href":"https:\/\/diariodominicano.com\/index.php?rest_route=%2Fwp%2Fv2%2Fmedia&parent=623877"}],"wp:term":[{"taxonomy":"category","embeddable":true,"href":"https:\/\/diariodominicano.com\/index.php?rest_route=%2Fwp%2Fv2%2Fcategories&post=623877"},{"taxonomy":"post_tag","embeddable":true,"href":"https:\/\/diariodominicano.com\/index.php?rest_route=%2Fwp%2Fv2%2Ftags&post=623877"}],"curies":[{"name":"wp","href":"https:\/\/api.w.org\/{rel}","templated":true}]}}