{"id":623849,"date":"2025-06-30T16:28:14","date_gmt":"2025-06-30T20:28:14","guid":{"rendered":"https:\/\/diariodominicano.com\/?p=623849"},"modified":"2025-06-30T16:28:16","modified_gmt":"2025-06-30T20:28:16","slug":"comision-especial-revisa-ultimos-articulos-del-proyecto-de-ley-modifica-codigo-de-trabajo","status":"publish","type":"post","link":"https:\/\/diariodominicano.com\/?p=623849","title":{"rendered":"Comisi\u00f3n Especial revisa \u00faltimos art\u00edculos del proyecto de ley modifica C\u00f3digo de Trabajo"},"content":{"rendered":"\n<p>SANTO DOMINGO. \u2013 La Comisi\u00f3n Especial del Senado, designada para estudiar el proyecto de ley que introduce modificaciones a la Ley n\u00fam. 16-92, del 29 de mayo de 1992, que aprueba el C\u00f3digo de Trabajo, revis\u00f3 de manera puntual m\u00e1s de nueve art\u00edculos de la iniciativa, los cuales hab\u00edan sido dejados sobre la mesa para determinar su posible modificaci\u00f3n.<\/p>\n\n\n\n<p>Entre los componentes de la pieza legislativa que fueron evaluados durante la reuni\u00f3n de este lunes, figuran los art\u00edculos 16, 32 y 713, algunos de los cuales terminaron con la aplicaci\u00f3n de readecuaciones.<\/p>\n\n\n\n<p>El presidente de la comisi\u00f3n, Rafael Bar\u00f3n Duluc Rijo, valor\u00f3 el trabajo que los senadores han realizado hasta el m\u2026<\/p>\n\n\n\n<p>[3:27 p.&nbsp;m., 30\/6\/2025] EDDY HERRERA: Comisi\u00f3n Especial revisa \u00faltimos art\u00edculos del proyecto de ley modifica C\u00f3digo de Trabajo<\/p>\n\n\n\n<p>SANTO DOMINGO. \u2013 La Comisi\u00f3n Especial del Senado, designada para estudiar el proyecto de ley que introduce modificaciones a la Ley n\u00fam. 16-92, del 29 de mayo de 1992, que aprueba el C\u00f3digo de Trabajo, revis\u00f3 de manera puntual m\u00e1s de nueve art\u00edculos de la iniciativa, los cuales hab\u00edan sido dejados sobre la mesa para determinar su posible modificaci\u00f3n.<\/p>\n\n\n\n<p>Entre los componentes de la pieza legislativa que fueron evaluados durante la reuni\u00f3n de este lunes, figuran los art\u00edculos 16, 32 y 713, algunos de los cuales terminaron con la aplicaci\u00f3n de readecuaciones.<\/p>\n\n\n\n<p>El presidente de la comisi\u00f3n, Rafael Bar\u00f3n Duluc Rijo, valor\u00f3 el trabajo que los senadores han realizado hasta el momento, para aplicar mejoras significativas al proyecto de ley, a fin de dotar al pa\u00eds de un marco legal que beneficie a todos los trabajadores y empleadores de la Rep\u00fablica Dominicana.<\/p>\n\n\n\n<p>\u201cLa iniciativa ha sido consensuada con los diferentes sectores sociales de nuestro pa\u00eds, y nosotros los senadores hemos tomado las decisiones que consideramos correctas, por eso procederemos a dar los toques finales\u201d, dijo el legislador.<\/p>\n\n\n\n<p>Adem\u00e1s de Rafael Bar\u00f3n Duluc Rijo (La Altagracia), presidente de la comisi\u00f3n, estuvieron en la reuni\u00f3n los senadores Pedro Catrain (Saman\u00e1); Mar\u00eda Mercedes Ortiz (Hermanas Mirabal); Omar Fern\u00e1ndez (Distrito Nacional); Crist\u00f3bal Castillo (Hato Mayor).<\/p>\n\n\n\n<p>Por Elvis Castro Hern\u00e1ndez<\/p>\n\n\n\n<p>Senado<\/p>\n","protected":false},"excerpt":{"rendered":"<p>SANTO DOMINGO. \u2013 La Comisi\u00f3n Especial del Senado, designada para estudiar el proyecto de ley que introduce modificaciones a la Ley n\u00fam. 16-92, del 29 de mayo de 1992, que aprueba el C\u00f3digo de Trabajo, revis\u00f3 de manera puntual m\u00e1s de nueve art\u00edculos de la iniciativa, los cuales hab\u00edan sido dejados sobre la mesa para [&hellip;]<\/p>\n","protected":false},"author":7,"featured_media":619021,"comment_status":"closed","ping_status":"closed","sticky":false,"template":"","format":"standard","meta":{"footnotes":""},"categories":[24],"tags":[2359],"class_list":["post-623849","post","type-post","status-publish","format-standard","has-post-thumbnail","hentry","category-justicia-y-derecho","tag-senado"],"_links":{"self":[{"href":"https:\/\/diariodominicano.com\/index.php?rest_route=\/wp\/v2\/posts\/623849","targetHints":{"allow":["GET"]}}],"collection":[{"href":"https:\/\/diariodominicano.com\/index.php?rest_route=\/wp\/v2\/posts"}],"about":[{"href":"https:\/\/diariodominicano.com\/index.php?rest_route=\/wp\/v2\/types\/post"}],"author":[{"embeddable":true,"href":"https:\/\/diariodominicano.com\/index.php?rest_route=\/wp\/v2\/users\/7"}],"replies":[{"embeddable":true,"href":"https:\/\/diariodominicano.com\/index.php?rest_route=%2Fwp%2Fv2%2Fcomments&post=623849"}],"version-history":[{"count":1,"href":"https:\/\/diariodominicano.com\/index.php?rest_route=\/wp\/v2\/posts\/623849\/revisions"}],"predecessor-version":[{"id":623859,"href":"https:\/\/diariodominicano.com\/index.php?rest_route=\/wp\/v2\/posts\/623849\/revisions\/623859"}],"wp:featuredmedia":[{"embeddable":true,"href":"https:\/\/diariodominicano.com\/index.php?rest_route=\/wp\/v2\/media\/619021"}],"wp:attachment":[{"href":"https:\/\/diariodominicano.com\/index.php?rest_route=%2Fwp%2Fv2%2Fmedia&parent=623849"}],"wp:term":[{"taxonomy":"category","embeddable":true,"href":"https:\/\/diariodominicano.com\/index.php?rest_route=%2Fwp%2Fv2%2Fcategories&post=623849"},{"taxonomy":"post_tag","embeddable":true,"href":"https:\/\/diariodominicano.com\/index.php?rest_route=%2Fwp%2Fv2%2Ftags&post=623849"}],"curies":[{"name":"wp","href":"https:\/\/api.w.org\/{rel}","templated":true}]}}