{"id":623515,"date":"2025-06-27T21:20:12","date_gmt":"2025-06-28T01:20:12","guid":{"rendered":"https:\/\/diariodominicano.com\/?p=623515"},"modified":"2025-06-28T00:34:36","modified_gmt":"2025-06-28T04:34:36","slug":"gobierno-adquiere-cuatro-nuevos-transformadores-de-potencia-para-construccion-y-ampliacion-de-subestaciones-en-el-distrito-nacional","status":"publish","type":"post","link":"https:\/\/diariodominicano.com\/?p=623515","title":{"rendered":"Gobierno adquiere cuatro nuevos transformadores de potencia para construcci\u00f3n y ampliaci\u00f3n de subestaciones en el Distrito Nacional"},"content":{"rendered":"\n<h3 class=\"wp-block-heading\"><strong>Los nuevos transformadores tienen como objetivo garantizar la calidad, continuidad y eficiencia del servicio de energ\u00eda en las \u00e1reas de influencia de las subestaciones.<\/strong><\/h3>\n\n\n\n<p>Santo Domingo.-&nbsp; A trav\u00e9s de&nbsp;<strong>Edesur Dominicana<\/strong>, el Gobierno dominicano inform\u00f3 que llegaron al pa\u00eds&nbsp;<strong>cuatro nuevos transformadores de potencia<\/strong>&nbsp;para el&nbsp;<strong>Proyecto de Construcci\u00f3n la Nueva Subestaci\u00f3n Centro de Operaciones<\/strong>&nbsp;y la ampliaci\u00f3n de la&nbsp;<strong>subestaci\u00f3n Metropolitano<\/strong>, en el Distrito Nacional.&nbsp;<\/p>\n\n\n\n<p>Los transformadores est\u00e1n siendo desembarcados desde el&nbsp;<strong>Puerto de Sans Souc\u00ed,<\/strong>&nbsp;donde se agotan los tr\u00e1mites aduanales para fines de traslado, instalaci\u00f3n y puesta en funcionamiento.&nbsp;<\/p>\n\n\n\n<p>Los transformadores, de&nbsp;<strong>50 MVA<\/strong>&nbsp;cada uno, para totalizar una potencia instalada de&nbsp;<strong>200 MVA,<\/strong>&nbsp;forman parte del proceso repotenciaci\u00f3n del sistema que lleva a cabo Edesur en su \u00e1rea de concesi\u00f3n.&nbsp;<\/p>\n\n\n\n<p>Dos de lo equipos ser\u00e1n instalados en el&nbsp;<strong>proceso de ampliaci\u00f3n<\/strong>&nbsp;de la subestaci\u00f3n Metropolitana para asegurar mayor&nbsp;<strong>confiabilidad y estabilidad<\/strong>, en beneficio de los sectores Naco, Ensanche Kennedy, Ensanche La Fe, El Vergel, Centro Ol\u00edmpico Juan Pablo Duarte, La Yuca (Naco), la Esperilla, entre otros.&nbsp;<\/p>\n\n\n\n<p>Asimismo, dos de los transformadores ir\u00e1n a la nueva subestaci\u00f3n Centro de Operaciones para&nbsp;<strong>abastecer de energ\u00eda<\/strong>&nbsp;a clientes del Residencial Santo Domingo, Zona Industrial de Herrera, Urbanizaci\u00f3n AESA, Honduras Norte, Costa Caribe, Buenos Aire de la Independencia, Kil\u00f3metro 12 de Haina, El Caf\u00e9, Residencial Costa Verde, Manresa, Quita Sue\u00f1os, Los Platanitos, Mirador del Oeste, entre otros.&nbsp;<\/p>\n\n\n\n<p>Con los equipos se busca disponer de\u00a0<strong>mayor potencia<\/strong>\u00a0para abastecer la demanda de energ\u00eda el\u00e9ctrica en la zona de influencia de las subestaciones. Adem\u00e1s, estas obras contribuir\u00e1n con la estabilidad del\u00a0<strong>Sistema El\u00e9ctrico Nacional Interconectado.<\/strong> <\/p>\n\n\n\n<p><a href=\"https:\/\/presidencia.gob.do\">presidencia.gob.do<\/a> <\/p>\n\n\n\n<p><a href=\"https:\/\/www.presidencia.gob.do\/taxonomy\/term\/78\">EDES<\/a><\/p>\n\n\n\n<p><a href=\"https:\/\/www.presidencia.gob.do\/seccion\/sistema-financiero\">Sistema Financiero<\/a> <\/p>\n","protected":false},"excerpt":{"rendered":"<p>Los nuevos transformadores tienen como objetivo garantizar la calidad, continuidad y eficiencia del servicio de energ\u00eda en las \u00e1reas de influencia de las subestaciones. Santo Domingo.-&nbsp; A trav\u00e9s de&nbsp;Edesur Dominicana, el Gobierno dominicano inform\u00f3 que llegaron al pa\u00eds&nbsp;cuatro nuevos transformadores de potencia&nbsp;para el&nbsp;Proyecto de Construcci\u00f3n la Nueva Subestaci\u00f3n Centro de Operaciones&nbsp;y la ampliaci\u00f3n de la&nbsp;subestaci\u00f3n [&hellip;]<\/p>\n","protected":false},"author":7,"featured_media":623531,"comment_status":"closed","ping_status":"closed","sticky":false,"template":"","format":"standard","meta":{"footnotes":""},"categories":[36],"tags":[751],"class_list":["post-623515","post","type-post","status-publish","format-standard","has-post-thumbnail","hentry","category-hombresmujeresycosas","tag-edeeste"],"_links":{"self":[{"href":"https:\/\/diariodominicano.com\/index.php?rest_route=\/wp\/v2\/posts\/623515","targetHints":{"allow":["GET"]}}],"collection":[{"href":"https:\/\/diariodominicano.com\/index.php?rest_route=\/wp\/v2\/posts"}],"about":[{"href":"https:\/\/diariodominicano.com\/index.php?rest_route=\/wp\/v2\/types\/post"}],"author":[{"embeddable":true,"href":"https:\/\/diariodominicano.com\/index.php?rest_route=\/wp\/v2\/users\/7"}],"replies":[{"embeddable":true,"href":"https:\/\/diariodominicano.com\/index.php?rest_route=%2Fwp%2Fv2%2Fcomments&post=623515"}],"version-history":[{"count":1,"href":"https:\/\/diariodominicano.com\/index.php?rest_route=\/wp\/v2\/posts\/623515\/revisions"}],"predecessor-version":[{"id":623532,"href":"https:\/\/diariodominicano.com\/index.php?rest_route=\/wp\/v2\/posts\/623515\/revisions\/623532"}],"wp:featuredmedia":[{"embeddable":true,"href":"https:\/\/diariodominicano.com\/index.php?rest_route=\/wp\/v2\/media\/623531"}],"wp:attachment":[{"href":"https:\/\/diariodominicano.com\/index.php?rest_route=%2Fwp%2Fv2%2Fmedia&parent=623515"}],"wp:term":[{"taxonomy":"category","embeddable":true,"href":"https:\/\/diariodominicano.com\/index.php?rest_route=%2Fwp%2Fv2%2Fcategories&post=623515"},{"taxonomy":"post_tag","embeddable":true,"href":"https:\/\/diariodominicano.com\/index.php?rest_route=%2Fwp%2Fv2%2Ftags&post=623515"}],"curies":[{"name":"wp","href":"https:\/\/api.w.org\/{rel}","templated":true}]}}