{"id":623511,"date":"2025-06-27T19:47:03","date_gmt":"2025-06-27T23:47:03","guid":{"rendered":"https:\/\/diariodominicano.com\/?p=623511"},"modified":"2025-06-27T19:47:06","modified_gmt":"2025-06-27T23:47:06","slug":"rd-se-enfrenta-a-mexico-en-primer-partido-amistoso-de-la-ventana-femenina","status":"publish","type":"post","link":"https:\/\/diariodominicano.com\/?p=623511","title":{"rendered":"RD se enfrenta a M\u00e9xico en primer partido amistoso de la ventana femenina"},"content":{"rendered":"\n<p>SANTO DOMINGO.- La Selecci\u00f3n Dominicana Femenina se enfrentar\u00e1 este s\u00e1bado 28 de junio a la Sub-23 Femenina de M\u00e9xico en partido de preparaci\u00f3n, duelo pautado en el Centro del Alto Rendimiento de la Federaci\u00f3n Mexicana de F\u00fatbol en Ciudad de M\u00e9xico a partir de las 12:30 del mediod\u00eda (hora de RD. Ser\u00e1 el primero de dos compromisos amistosos.<\/p>\n\n\n\n<p>Por segunda Ventana FIFA consecutivamente las chicas ver\u00e1n acci\u00f3n y en esta ocasi\u00f3n ante un rival de alto calibre. En la ventana correspondiente del 26 de mayo al 3 de junio la Sedof\u00fatbol Femenina acumul\u00f3 una victoria y una derrota contra Honduras en suelo catracho.<\/p>\n\n\n\n<p>El partido se transmitir\u00e1 en vivo a trav\u00e9s del canal de Youtube de la Selecci\u00f3n Mexicana (@MiSeleccionMX).<\/p>\n\n\n\n<figure class=\"wp-block-gallery has-nested-images columns-default is-cropped wp-block-gallery-1 is-layout-flex wp-block-gallery-is-layout-flex\">\n<figure class=\"wp-block-image size-large\"><img loading=\"lazy\" decoding=\"async\" width=\"946\" height=\"631\" data-id=\"623519\" src=\"https:\/\/diariodominicano.com\/wp-content\/uploads\/2025\/06\/RD-se-enfrenta-a-Mexico-en-primer-partido-amistoso-de-la-ventana-femenina.jpg\" alt=\"\" class=\"wp-image-623519\" srcset=\"https:\/\/diariodominicano.com\/wp-content\/uploads\/2025\/06\/RD-se-enfrenta-a-Mexico-en-primer-partido-amistoso-de-la-ventana-femenina.jpg 946w, https:\/\/diariodominicano.com\/wp-content\/uploads\/2025\/06\/RD-se-enfrenta-a-Mexico-en-primer-partido-amistoso-de-la-ventana-femenina-300x200.jpg 300w, https:\/\/diariodominicano.com\/wp-content\/uploads\/2025\/06\/RD-se-enfrenta-a-Mexico-en-primer-partido-amistoso-de-la-ventana-femenina-768x512.jpg 768w, https:\/\/diariodominicano.com\/wp-content\/uploads\/2025\/06\/RD-se-enfrenta-a-Mexico-en-primer-partido-amistoso-de-la-ventana-femenina-816x544.jpg 816w\" sizes=\"auto, (max-width: 946px) 100vw, 946px\" \/><\/figure>\n<\/figure>\n\n\n\n<p>La escuadra nacional comenz\u00f3 a trabajar desde el pasado martes en la medida que los futbolistas convocadas se fueron integrando a la concentraci\u00f3n provenientes desde las diferentes latitudes en las que hacen vida deportiva con sus respectivos clubes.<\/p>\n\n\n\n<p>Betzaida Ubri, seleccionadora nacional, destac\u00f3 el estado f\u00edsico de sus pupilas: \u00abA sabiendas de que muchas de las jugadoras se encuentran en fase de pretemporada con sus equipos las hemos recibido con un buen estado f\u00edsico, se nota que a pesar de no estar en un ritmo competitivo vienen trabajando con sus clubes y tambi\u00e9n de manera personal, lo que a nosotros como cuerpo t\u00e9cnico nos ha facilitado la adaptaci\u00f3n. A nivel general estamos satisfechos con el estado en el que se han presentado las jugadoras\u00bb.<\/p>\n\n\n\n<figure class=\"wp-block-gallery has-nested-images columns-default is-cropped wp-block-gallery-2 is-layout-flex wp-block-gallery-is-layout-flex\">\n<figure class=\"wp-block-image size-large\"><img loading=\"lazy\" decoding=\"async\" width=\"946\" height=\"631\" data-id=\"623517\" src=\"https:\/\/diariodominicano.com\/wp-content\/uploads\/2025\/06\/RD-se-enfrenta-a-Mexico-en-primer-partido-amistoso-la-ventana-femenina.jpg\" alt=\"\" class=\"wp-image-623517\" srcset=\"https:\/\/diariodominicano.com\/wp-content\/uploads\/2025\/06\/RD-se-enfrenta-a-Mexico-en-primer-partido-amistoso-la-ventana-femenina.jpg 946w, https:\/\/diariodominicano.com\/wp-content\/uploads\/2025\/06\/RD-se-enfrenta-a-Mexico-en-primer-partido-amistoso-la-ventana-femenina-300x200.jpg 300w, https:\/\/diariodominicano.com\/wp-content\/uploads\/2025\/06\/RD-se-enfrenta-a-Mexico-en-primer-partido-amistoso-la-ventana-femenina-768x512.jpg 768w, https:\/\/diariodominicano.com\/wp-content\/uploads\/2025\/06\/RD-se-enfrenta-a-Mexico-en-primer-partido-amistoso-la-ventana-femenina-816x544.jpg 816w\" sizes=\"auto, (max-width: 946px) 100vw, 946px\" \/><\/figure>\n<\/figure>\n\n\n\n<p>Tambi\u00e9n indic\u00f3 que \u00abtodas las jugadoras est\u00e1n a disposici\u00f3n del cuerpo t\u00e9cnico, se han realizado las evaluaciones m\u00e9dicas correspondientes y no hay ninguna situaci\u00f3n que impida su participaci\u00f3n durante la presente ventana. El cuerpo t\u00e9cnico de la mano del cuerpo m\u00e9dico sigue muy de cerca cualquier detalle para asegurar que todas est\u00e9n en \u00f3ptimas condiciones para estos compromisos\u00bb.<\/p>\n\n\n\n<p>La estratega habl\u00f3 sobre lo que representa que selecciones de buen nivel como M\u00e9xico muestren inter\u00e9s de jugar contra Rep\u00fablica Dominicana.<\/p>\n\n\n\n<p>\u201cEs un gran orgullo que las selecciones de gran nivel quieran enfrentarse a nosotros, estoy muy contenta por tener esta oportunidad porque refleja el trabajo que se viene realizando no solo a nivel de selecciones absolutas sino tambi\u00e9n de selecciones inferiores y tambi\u00e9n representa una gran oportunidad de aprendizaje y una motivaci\u00f3n adicional para continuar elevando el nivel de nuestras jugadoras\u201d.<\/p>\n\n\n\n<p>\u201cLos objetivos que tenemos como CT y como grupo es preparar el equipo para las Eliminatorias Mundial FIFA Brasil 2027 como para los Juegos Centroamericanos y del Caribe 2026 en donde seremos sede. y adem\u00e1s consolidar una idea clara de juego, competitiva y adaptable ante rivales exigentes como en este caso ser\u00e1 M\u00e9xico. Tambi\u00e9n buscamos evaluar el rendimiento individual y colectivo de las jugadoras en situaciones reales de partidos, fortalecer la cohesi\u00f3n del grupo y continuar construyendo una base s\u00f3lida para competir con grandes selecciones\u201d, concluy\u00f3.<\/p>\n\n\n\n<p>El segundo partido entre ambos conjuntos nacionales se efectuar\u00e1 el martes 1 de julio en el mismo escenario ya la misma hora.<\/p>\n\n\n\n<p>Fedofutbol Prensa <a href=\"mailto:fedofutbolprensa2019@gmail.com\">fedofutbolprensa2019@gmail.com<\/a><\/p>\n","protected":false},"excerpt":{"rendered":"<p>SANTO DOMINGO.- La Selecci\u00f3n Dominicana Femenina se enfrentar\u00e1 este s\u00e1bado 28 de junio a la Sub-23 Femenina de M\u00e9xico en partido de preparaci\u00f3n, duelo pautado en el Centro del Alto Rendimiento de la Federaci\u00f3n Mexicana de F\u00fatbol en Ciudad de M\u00e9xico a partir de las 12:30 del mediod\u00eda (hora de RD. Ser\u00e1 el primero de [&hellip;]<\/p>\n","protected":false},"author":7,"featured_media":623518,"comment_status":"closed","ping_status":"closed","sticky":false,"template":"","format":"standard","meta":{"footnotes":""},"categories":[17],"tags":[2756,2755],"class_list":["post-623511","post","type-post","status-publish","format-standard","has-post-thumbnail","hentry","category-deportes","tag-fifa","tag-sub-23-femenina"],"_links":{"self":[{"href":"https:\/\/diariodominicano.com\/index.php?rest_route=\/wp\/v2\/posts\/623511","targetHints":{"allow":["GET"]}}],"collection":[{"href":"https:\/\/diariodominicano.com\/index.php?rest_route=\/wp\/v2\/posts"}],"about":[{"href":"https:\/\/diariodominicano.com\/index.php?rest_route=\/wp\/v2\/types\/post"}],"author":[{"embeddable":true,"href":"https:\/\/diariodominicano.com\/index.php?rest_route=\/wp\/v2\/users\/7"}],"replies":[{"embeddable":true,"href":"https:\/\/diariodominicano.com\/index.php?rest_route=%2Fwp%2Fv2%2Fcomments&post=623511"}],"version-history":[{"count":1,"href":"https:\/\/diariodominicano.com\/index.php?rest_route=\/wp\/v2\/posts\/623511\/revisions"}],"predecessor-version":[{"id":623520,"href":"https:\/\/diariodominicano.com\/index.php?rest_route=\/wp\/v2\/posts\/623511\/revisions\/623520"}],"wp:featuredmedia":[{"embeddable":true,"href":"https:\/\/diariodominicano.com\/index.php?rest_route=\/wp\/v2\/media\/623518"}],"wp:attachment":[{"href":"https:\/\/diariodominicano.com\/index.php?rest_route=%2Fwp%2Fv2%2Fmedia&parent=623511"}],"wp:term":[{"taxonomy":"category","embeddable":true,"href":"https:\/\/diariodominicano.com\/index.php?rest_route=%2Fwp%2Fv2%2Fcategories&post=623511"},{"taxonomy":"post_tag","embeddable":true,"href":"https:\/\/diariodominicano.com\/index.php?rest_route=%2Fwp%2Fv2%2Ftags&post=623511"}],"curies":[{"name":"wp","href":"https:\/\/api.w.org\/{rel}","templated":true}]}}