{"id":623496,"date":"2025-06-27T18:15:53","date_gmt":"2025-06-27T22:15:53","guid":{"rendered":"https:\/\/diariodominicano.com\/?p=623496"},"modified":"2025-06-27T18:15:57","modified_gmt":"2025-06-27T22:15:57","slug":"crisis-del-senasa-es-responsabilidad-del-presidente-abinader","status":"publish","type":"post","link":"https:\/\/diariodominicano.com\/?p=623496","title":{"rendered":"Crisis del SENASA es responsabilidad del presidente Abinader"},"content":{"rendered":"\n<p><strong><em>Jhovanny Leyba<\/em><\/strong>&nbsp;<em>denuncia crisis financiera en SeNaSa por mala gesti\u00f3n administrativa<\/em><\/p>\n\n\n\n<p><strong>Jhovanny Leyba, miembro del Comit\u00e9 Central del Partido de la Liberaci\u00f3n Dominicana (PLD),<\/strong>&nbsp;responsabiliz\u00f3 al presidente Luis Abinader por la crisis financiera que atraviesa el Servicio Nacional de Salud (SeNaSa) y denunci\u00f3 la mala gesti\u00f3n del actual director, Santiago Hazim, como factores determinantes del deterioro del sistema.<\/p>\n\n\n\n<p>En un despacho de prensa Leyba se\u00f1ala que SeNaSa, que en gobiernos anteriores del Partido de la Liberaci\u00f3n Dominicana (PLD) fue ejemplo de eficiencia y buen manejo, ahora se ha convertido en un foco de denuncias y desesperaci\u00f3n ciudadana debido a la negligencia de las autoridades actuales.<\/p>\n\n\n\n<p>\u201cEl desorden financiero y la falta de transparencia en SeNaSa reflejan la irresponsabilidad del Gobierno, que ha abandonado la salud p\u00fablica y ha permitido que su director, Santiago Hazim destruya una instituci\u00f3n que durante a\u00f1os brind\u00f3 seguridad y calidad a los dominicanos\u201d, afirm\u00f3 Leyba.<\/p>\n\n\n\n<p>El dirigente del PLD record\u00f3 que, durante los mandatos del PLD, SeNaSa destac\u00f3 por su estabilidad y correcto manejo de los recursos, lo que garantizaba la atenci\u00f3n oportuna y el acceso a servicios de salud para millas de afiliados. Sin embargo, denunci\u00f3 que actualmente la entidad enfrenta atrasos en pagos, falta de insumos y un colapso administrativo que pone en riesgo la atenci\u00f3n m\u00e9dica.<\/p>\n\n\n\n<p>\u201cEs urgente que el Gobierno asuma su responsabilidad, cese la mala gesti\u00f3n y garantice la solvencia y transparencia en SeNaSa para proteger la salud de la poblaci\u00f3n dominicana\u201d, concluy\u00f3 Jhovanny Leyba.<\/p>\n\n\n\n<p><strong>SECRETAR\u00cdA DE COMUNICACIONES<\/strong><\/p>\n","protected":false},"excerpt":{"rendered":"<p>Jhovanny Leyba&nbsp;denuncia crisis financiera en SeNaSa por mala gesti\u00f3n administrativa Jhovanny Leyba, miembro del Comit\u00e9 Central del Partido de la Liberaci\u00f3n Dominicana (PLD),&nbsp;responsabiliz\u00f3 al presidente Luis Abinader por la crisis financiera que atraviesa el Servicio Nacional de Salud (SeNaSa) y denunci\u00f3 la mala gesti\u00f3n del actual director, Santiago Hazim, como factores determinantes del deterioro del [&hellip;]<\/p>\n","protected":false},"author":7,"featured_media":623503,"comment_status":"closed","ping_status":"closed","sticky":false,"template":"","format":"standard","meta":{"footnotes":""},"categories":[22],"tags":[175,413],"class_list":["post-623496","post","type-post","status-publish","format-standard","has-post-thumbnail","hentry","category-politica","tag-pld","tag-senasa"],"_links":{"self":[{"href":"https:\/\/diariodominicano.com\/index.php?rest_route=\/wp\/v2\/posts\/623496","targetHints":{"allow":["GET"]}}],"collection":[{"href":"https:\/\/diariodominicano.com\/index.php?rest_route=\/wp\/v2\/posts"}],"about":[{"href":"https:\/\/diariodominicano.com\/index.php?rest_route=\/wp\/v2\/types\/post"}],"author":[{"embeddable":true,"href":"https:\/\/diariodominicano.com\/index.php?rest_route=\/wp\/v2\/users\/7"}],"replies":[{"embeddable":true,"href":"https:\/\/diariodominicano.com\/index.php?rest_route=%2Fwp%2Fv2%2Fcomments&post=623496"}],"version-history":[{"count":1,"href":"https:\/\/diariodominicano.com\/index.php?rest_route=\/wp\/v2\/posts\/623496\/revisions"}],"predecessor-version":[{"id":623504,"href":"https:\/\/diariodominicano.com\/index.php?rest_route=\/wp\/v2\/posts\/623496\/revisions\/623504"}],"wp:featuredmedia":[{"embeddable":true,"href":"https:\/\/diariodominicano.com\/index.php?rest_route=\/wp\/v2\/media\/623503"}],"wp:attachment":[{"href":"https:\/\/diariodominicano.com\/index.php?rest_route=%2Fwp%2Fv2%2Fmedia&parent=623496"}],"wp:term":[{"taxonomy":"category","embeddable":true,"href":"https:\/\/diariodominicano.com\/index.php?rest_route=%2Fwp%2Fv2%2Fcategories&post=623496"},{"taxonomy":"post_tag","embeddable":true,"href":"https:\/\/diariodominicano.com\/index.php?rest_route=%2Fwp%2Fv2%2Ftags&post=623496"}],"curies":[{"name":"wp","href":"https:\/\/api.w.org\/{rel}","templated":true}]}}