{"id":623495,"date":"2025-06-27T18:04:39","date_gmt":"2025-06-27T22:04:39","guid":{"rendered":"https:\/\/diariodominicano.com\/?p=623495"},"modified":"2025-06-27T18:04:41","modified_gmt":"2025-06-27T22:04:41","slug":"defensa-civil-apoya-iniciativa-busca-exonerar-certificacion-de-no-antecedentes-penales-a-voluntarios","status":"publish","type":"post","link":"https:\/\/diariodominicano.com\/?p=623495","title":{"rendered":"Defensa Civil apoya iniciativa busca exonerar \u201cCertificaci\u00f3n de No Antecedentes Penales\u201d a voluntarios"},"content":{"rendered":"\n<p><strong>Santo Domingo.-<\/strong>&nbsp;El presidente de la Comisi\u00f3n Nacional de Emergencias (CNE) y director ejecutivo de la Defensa Civil dominicana, Juan Salas, salud\u00f3 este viernes la iniciativa del diputado, Ignacio Aracena, que busca la exoneraci\u00f3n del costo de la Certificaci\u00f3n de No Antecedentes Penales, a todo ciudadano que ingrese a la instituci\u00f3n como voluntario o voluntaria.<\/p>\n\n\n\n<p>Salas afirm\u00f3 que este tipo de acciones, tomadas en este caso por el diputado Aracena, mejoran significativamente la calidad de vida de los voluntarios y voluntarias que ya forman parte y de aquellas otras personas que deciden ingresar a la Defensa Civil a brindar un servicio de patria, en favor de los m\u00e1s vulnerables en momentos de desastres y emergencias.<\/p>\n\n\n\n<p>\u00abEste es un paso importante hacia la dignificaci\u00f3n de nuestros h\u00e9roes naranja, hombres y mujeres que entregan su tiempo y su vida al servicio de los dem\u00e1s. Constituye adem\u00e1s un hecho que refuerza el cumplimiento con la Ley No.\u202f61-13&nbsp;,&nbsp;que&nbsp;establece el r\u00e9gimen&nbsp;jur\u00eddico&nbsp;para&nbsp;el&nbsp;voluntariado en Rep\u00fablica&nbsp;Dominicana&nbsp;\u201d&nbsp;,&nbsp;dijo Salas.<\/p>\n\n\n\n<p>Asegur\u00f3 que esta certificaci\u00f3n, otorgada por la Procuradur\u00eda General de la Rep\u00fablica, es un requisito com\u00fan en diversos tr\u00e1mites legales y laborales y que una posible eliminaci\u00f3n de su costo para los miembros voluntarios de la Defensa Civil, representa un alivio econ\u00f3mico y una validaci\u00f3n moral para quienes ya han demostrado su integridad sirviendo en emergencias, rescates y asistencia humanitaria.<\/p>\n\n\n\n<p>Reafirm\u00f3 el compromiso que tiene su gesti\u00f3n con el fortalecimiento continuo del voluntariado, por lo que invit\u00f3 a las autoridades competentes a integrar adem\u00e1s a los miembros de la Cruz Roja y de los Bomberos, quienes tambi\u00e9n son parte de la CNE y brindan un servicio importante a la poblaci\u00f3n.<\/p>\n\n\n\n<p>Departamento de Comunicaciones Defensa Civil.<\/p>\n\n\n\n<p>Defensa Civil Dominicana <a href=\"mailto:redesdefensacivil@gmail.com\">redesdefensacivil@gmail.com<\/a><\/p>\n","protected":false},"excerpt":{"rendered":"<p>Santo Domingo.-&nbsp;El presidente de la Comisi\u00f3n Nacional de Emergencias (CNE) y director ejecutivo de la Defensa Civil dominicana, Juan Salas, salud\u00f3 este viernes la iniciativa del diputado, Ignacio Aracena, que busca la exoneraci\u00f3n del costo de la Certificaci\u00f3n de No Antecedentes Penales, a todo ciudadano que ingrese a la instituci\u00f3n como voluntario o voluntaria. Salas [&hellip;]<\/p>\n","protected":false},"author":7,"featured_media":623501,"comment_status":"closed","ping_status":"closed","sticky":false,"template":"","format":"standard","meta":{"footnotes":""},"categories":[36],"tags":[573],"class_list":["post-623495","post","type-post","status-publish","format-standard","has-post-thumbnail","hentry","category-hombresmujeresycosas","tag-defensa-civil"],"_links":{"self":[{"href":"https:\/\/diariodominicano.com\/index.php?rest_route=\/wp\/v2\/posts\/623495","targetHints":{"allow":["GET"]}}],"collection":[{"href":"https:\/\/diariodominicano.com\/index.php?rest_route=\/wp\/v2\/posts"}],"about":[{"href":"https:\/\/diariodominicano.com\/index.php?rest_route=\/wp\/v2\/types\/post"}],"author":[{"embeddable":true,"href":"https:\/\/diariodominicano.com\/index.php?rest_route=\/wp\/v2\/users\/7"}],"replies":[{"embeddable":true,"href":"https:\/\/diariodominicano.com\/index.php?rest_route=%2Fwp%2Fv2%2Fcomments&post=623495"}],"version-history":[{"count":1,"href":"https:\/\/diariodominicano.com\/index.php?rest_route=\/wp\/v2\/posts\/623495\/revisions"}],"predecessor-version":[{"id":623502,"href":"https:\/\/diariodominicano.com\/index.php?rest_route=\/wp\/v2\/posts\/623495\/revisions\/623502"}],"wp:featuredmedia":[{"embeddable":true,"href":"https:\/\/diariodominicano.com\/index.php?rest_route=\/wp\/v2\/media\/623501"}],"wp:attachment":[{"href":"https:\/\/diariodominicano.com\/index.php?rest_route=%2Fwp%2Fv2%2Fmedia&parent=623495"}],"wp:term":[{"taxonomy":"category","embeddable":true,"href":"https:\/\/diariodominicano.com\/index.php?rest_route=%2Fwp%2Fv2%2Fcategories&post=623495"},{"taxonomy":"post_tag","embeddable":true,"href":"https:\/\/diariodominicano.com\/index.php?rest_route=%2Fwp%2Fv2%2Ftags&post=623495"}],"curies":[{"name":"wp","href":"https:\/\/api.w.org\/{rel}","templated":true}]}}