{"id":623469,"date":"2025-06-27T14:18:14","date_gmt":"2025-06-27T18:18:14","guid":{"rendered":"https:\/\/diariodominicano.com\/?p=623469"},"modified":"2025-06-27T14:18:16","modified_gmt":"2025-06-27T18:18:16","slug":"este-sabado-conadis-hara-4-a-jornada-de-inclusion-social-en-santo-domingo","status":"publish","type":"post","link":"https:\/\/diariodominicano.com\/?p=623469","title":{"rendered":"Este s\u00e1bado Conadis har\u00e1 4.\u00aa jornada de inclusi\u00f3n social en Santo Domingo"},"content":{"rendered":"\n<p>Santo Domingo.- El&nbsp;<strong>Consejo Nacional de Discapacidad<\/strong>&nbsp;(Conadis) realizar\u00e1 su cuarta jornada denominada \u201c<strong>Conadis para todos\u201d&nbsp;<\/strong>en el&nbsp;<strong>Gran Santo Domingo,<\/strong>&nbsp;el pr\u00f3ximo s\u00e1bado 28 de junio, de 8 de la ma\u00f1ana hasta las 3 de la tarde. El evento, que busca&nbsp;<strong>promover la inclusi\u00f3n<\/strong>, se llevar\u00e1 a cabo en la&nbsp;<strong>Cl\u00ednica Abreu,<\/strong>&nbsp;ubicada en la calle&nbsp;<strong>Arzobispo Portes,<\/strong>&nbsp;frente al parque&nbsp;<strong>Eugenio Mar\u00eda de Hostos<\/strong>.<\/p>\n\n\n\n<p>Las jornadas de inclusi\u00f3n social son realizadas con el objetivo de&nbsp;<strong>acercar los servicios del Conadis<\/strong>&nbsp;a las personas con discapacidad y sus familias. Tambi\u00e9n se&nbsp;<strong>ofrecer\u00e1n evaluaciones<\/strong>&nbsp;de medicina general, cardiolog\u00eda, odontolog\u00eda, pediatr\u00eda, oftalmolog\u00eda, entrega de medicamentos, entrega de&nbsp;<strong>dispositivos de apoyo<\/strong>, tales como sillas de ruedas, bastones blancos, andadores, entre otros.<\/p>\n\n\n\n<p>Las&nbsp;<strong>personas con discapacidad<\/strong>&nbsp;que a\u00fan no est\u00e9n certificadas por el Conadis pueden visitar la&nbsp;<strong>jornada de inclusi\u00f3n social<\/strong>&nbsp;que se realizar\u00e1 en&nbsp;<strong>Santo Domingo<\/strong>&nbsp;con los siguientes documentos: copia de la c\u00e9dula de identidad y electoral, el diagn\u00f3stico m\u00e9dico original, estudios que certifiquen la condici\u00f3n de salud del usuario.&nbsp;<\/p>\n\n\n\n<p>Para certificar la&nbsp;<strong>discapacidad de un menor de edad,&nbsp;<\/strong>el padre, madre o tutor deber\u00e1 presentar la copia de su c\u00e9dula de identidad y electoral, copia de acta de nacimiento del menor, diagn\u00f3stico m\u00e9dico original y estudios que certifiquen la condici\u00f3n de salud del usuario.<\/p>\n\n\n\n<p>La realizaci\u00f3n de esta pr\u00f3xima jornada de inclusi\u00f3n del Conadis contar\u00e1 con la colaboraci\u00f3n de la Alcald\u00eda del Distrito Nacional, la Cl\u00ednica Abreu, Banreservas, Sup\u00e9rate, Comedores Econ\u00f3micos, Farmacias GBC, Conape, Siuben, Mived, Instituto Nacional de la Visi\u00f3n, SeNaSa, Inaipi y la Digesett.<\/p>\n\n\n\n<p>presidencia.gob.do<\/p>\n","protected":false},"excerpt":{"rendered":"<p>Santo Domingo.- El&nbsp;Consejo Nacional de Discapacidad&nbsp;(Conadis) realizar\u00e1 su cuarta jornada denominada \u201cConadis para todos\u201d&nbsp;en el&nbsp;Gran Santo Domingo,&nbsp;el pr\u00f3ximo s\u00e1bado 28 de junio, de 8 de la ma\u00f1ana hasta las 3 de la tarde. El evento, que busca&nbsp;promover la inclusi\u00f3n, se llevar\u00e1 a cabo en la&nbsp;Cl\u00ednica Abreu,&nbsp;ubicada en la calle&nbsp;Arzobispo Portes,&nbsp;frente al parque&nbsp;Eugenio Mar\u00eda de Hostos. [&hellip;]<\/p>\n","protected":false},"author":7,"featured_media":623480,"comment_status":"closed","ping_status":"closed","sticky":false,"template":"","format":"standard","meta":{"footnotes":""},"categories":[36],"tags":[1077],"class_list":["post-623469","post","type-post","status-publish","format-standard","has-post-thumbnail","hentry","category-hombresmujeresycosas","tag-conadis"],"_links":{"self":[{"href":"https:\/\/diariodominicano.com\/index.php?rest_route=\/wp\/v2\/posts\/623469","targetHints":{"allow":["GET"]}}],"collection":[{"href":"https:\/\/diariodominicano.com\/index.php?rest_route=\/wp\/v2\/posts"}],"about":[{"href":"https:\/\/diariodominicano.com\/index.php?rest_route=\/wp\/v2\/types\/post"}],"author":[{"embeddable":true,"href":"https:\/\/diariodominicano.com\/index.php?rest_route=\/wp\/v2\/users\/7"}],"replies":[{"embeddable":true,"href":"https:\/\/diariodominicano.com\/index.php?rest_route=%2Fwp%2Fv2%2Fcomments&post=623469"}],"version-history":[{"count":1,"href":"https:\/\/diariodominicano.com\/index.php?rest_route=\/wp\/v2\/posts\/623469\/revisions"}],"predecessor-version":[{"id":623481,"href":"https:\/\/diariodominicano.com\/index.php?rest_route=\/wp\/v2\/posts\/623469\/revisions\/623481"}],"wp:featuredmedia":[{"embeddable":true,"href":"https:\/\/diariodominicano.com\/index.php?rest_route=\/wp\/v2\/media\/623480"}],"wp:attachment":[{"href":"https:\/\/diariodominicano.com\/index.php?rest_route=%2Fwp%2Fv2%2Fmedia&parent=623469"}],"wp:term":[{"taxonomy":"category","embeddable":true,"href":"https:\/\/diariodominicano.com\/index.php?rest_route=%2Fwp%2Fv2%2Fcategories&post=623469"},{"taxonomy":"post_tag","embeddable":true,"href":"https:\/\/diariodominicano.com\/index.php?rest_route=%2Fwp%2Fv2%2Ftags&post=623469"}],"curies":[{"name":"wp","href":"https:\/\/api.w.org\/{rel}","templated":true}]}}