{"id":623313,"date":"2025-06-27T02:31:58","date_gmt":"2025-06-27T06:31:58","guid":{"rendered":"https:\/\/diariodominicano.com\/?p=623313"},"modified":"2025-06-27T02:32:01","modified_gmt":"2025-06-27T06:32:01","slug":"ministerio-de-la-mujer-y-anmepro-lanzan-proyecto-para-reducir-el-acoso-y-la-violencia-sexual-en-el-ambito-laboral","status":"publish","type":"post","link":"https:\/\/diariodominicano.com\/?p=623313","title":{"rendered":"Ministerio de la Mujer y ANMEPRO lanzan proyecto para reducir el acoso y la violencia sexual en el \u00e1mbito laboral\u00a0"},"content":{"rendered":"\n<p><em>Este proyecto permite fortalecer el v\u00ednculo con el sector privado, con miras a ampliar las oportunidades y condiciones que favorezcan la autonom\u00eda econ\u00f3mica de las mujeres, sus derechos sociales, culturales y laborales.<\/em><\/p>\n\n\n\n<p><strong>Santo Domingo.<\/strong> Con el objetivo de promover un entorno laboral seguro, equitativo y libre de violencia, el Ministerio de la Mujer, junto a la Asociaci\u00f3n Nacional de Mujeres Empresarias, Emprendedoras y Profesionales (ANMEPRO), realizaron el lanzamiento del proyecto \u201cReducci\u00f3n del Acoso y la Violencia Sexual en el \u00c1mbito Laboral en la Rep\u00fablica Dominicana\u201d.&nbsp;<\/p>\n\n\n\n<figure class=\"wp-block-gallery has-nested-images columns-default is-cropped wp-block-gallery-1 is-layout-flex wp-block-gallery-is-layout-flex\">\n<figure class=\"wp-block-image size-large\"><img loading=\"lazy\" decoding=\"async\" width=\"852\" height=\"567\" data-id=\"623330\" src=\"https:\/\/diariodominicano.com\/wp-content\/uploads\/2025\/06\/Ministerio-de-la-Mujer-y-ANMEPRO-lanzan-proyecto-para-reducir-acoso-y-la-violencia-sexual-en-el-ambito-laboral.jpeg\" alt=\"\" class=\"wp-image-623330\" srcset=\"https:\/\/diariodominicano.com\/wp-content\/uploads\/2025\/06\/Ministerio-de-la-Mujer-y-ANMEPRO-lanzan-proyecto-para-reducir-acoso-y-la-violencia-sexual-en-el-ambito-laboral.jpeg 852w, https:\/\/diariodominicano.com\/wp-content\/uploads\/2025\/06\/Ministerio-de-la-Mujer-y-ANMEPRO-lanzan-proyecto-para-reducir-acoso-y-la-violencia-sexual-en-el-ambito-laboral-300x200.jpeg 300w, https:\/\/diariodominicano.com\/wp-content\/uploads\/2025\/06\/Ministerio-de-la-Mujer-y-ANMEPRO-lanzan-proyecto-para-reducir-acoso-y-la-violencia-sexual-en-el-ambito-laboral-768x511.jpeg 768w, https:\/\/diariodominicano.com\/wp-content\/uploads\/2025\/06\/Ministerio-de-la-Mujer-y-ANMEPRO-lanzan-proyecto-para-reducir-acoso-y-la-violencia-sexual-en-el-ambito-laboral-816x543.jpeg 816w\" sizes=\"auto, (max-width: 852px) 100vw, 852px\" \/><\/figure>\n<\/figure>\n\n\n\n<p>La ministra de la Mujer, Mayra Jim\u00e9nez, destac\u00f3 que esta iniciativa se suma y ampl\u00eda las acciones que impulsa el Ministerio de la Mujer para fortalecer entornos laborales igualitarios y libres de violencia, como el Sello Igualando RD, las pol\u00edticas de transversalizaci\u00f3n de las unidades de igualdad de g\u00e9nero, los programas de formaci\u00f3n continua de la Escuela de Igualdad Magaly Pineda y el trabajo que se realiza en los centros de formaci\u00f3n t\u00e9cnico-laboral de la instituci\u00f3n en los distintos territorios del pa\u00eds.<\/p>\n\n\n\n<figure class=\"wp-block-gallery has-nested-images columns-default is-cropped wp-block-gallery-2 is-layout-flex wp-block-gallery-is-layout-flex\">\n<figure class=\"wp-block-image size-large\"><img loading=\"lazy\" decoding=\"async\" width=\"1024\" height=\"633\" data-id=\"623331\" src=\"https:\/\/diariodominicano.com\/wp-content\/uploads\/2025\/06\/Ministerio-de-la-Mujer-y-ANMEPRO-lanzan-proyecto-para-reducir-el-acoso-y-la-violencia-sexual-en-el-ambito-laboral-1024x633.jpg\" alt=\"\" class=\"wp-image-623331\" srcset=\"https:\/\/diariodominicano.com\/wp-content\/uploads\/2025\/06\/Ministerio-de-la-Mujer-y-ANMEPRO-lanzan-proyecto-para-reducir-el-acoso-y-la-violencia-sexual-en-el-ambito-laboral-1024x633.jpg 1024w, https:\/\/diariodominicano.com\/wp-content\/uploads\/2025\/06\/Ministerio-de-la-Mujer-y-ANMEPRO-lanzan-proyecto-para-reducir-el-acoso-y-la-violencia-sexual-en-el-ambito-laboral-300x186.jpg 300w, https:\/\/diariodominicano.com\/wp-content\/uploads\/2025\/06\/Ministerio-de-la-Mujer-y-ANMEPRO-lanzan-proyecto-para-reducir-el-acoso-y-la-violencia-sexual-en-el-ambito-laboral-768x475.jpg 768w, https:\/\/diariodominicano.com\/wp-content\/uploads\/2025\/06\/Ministerio-de-la-Mujer-y-ANMEPRO-lanzan-proyecto-para-reducir-el-acoso-y-la-violencia-sexual-en-el-ambito-laboral-816x505.jpg 816w, https:\/\/diariodominicano.com\/wp-content\/uploads\/2025\/06\/Ministerio-de-la-Mujer-y-ANMEPRO-lanzan-proyecto-para-reducir-el-acoso-y-la-violencia-sexual-en-el-ambito-laboral.jpg 1290w\" sizes=\"auto, (max-width: 1024px) 100vw, 1024px\" \/><\/figure>\n<\/figure>\n\n\n\n<p>Adem\u00e1s, agreg\u00f3 que este proyecto permite fortalecer el v\u00ednculo con el sector privado, con miras a ampliar las oportunidades y condiciones que favorezcan la autonom\u00eda econ\u00f3mica de las mujeres, sus derechos sociales, culturales y laborales, como el acceso a servicios de protecci\u00f3n social, y garant\u00edas en el mundo del trabajo.<\/p>\n\n\n\n<p>La presidenta de ANMEPRO, Ver\u00f3nica N\u00fa\u00f1ez, expres\u00f3 que, a trav\u00e9s de esta colaboraci\u00f3n interinstitucional, se implementar\u00e1n procesos de formaci\u00f3n, acompa\u00f1amiento legal, protocolos de prevenci\u00f3n y espacios seguros de denuncia, adaptados a las realidades de las mujeres que forman parte del tejido productivo de nuestro pa\u00eds.<\/p>\n\n\n\n<p><strong>Sobre el proyecto&nbsp;<\/strong><\/p>\n\n\n\n<p>El Ministerio de la Mujer, como ente rector de las pol\u00edticas de igualdad y prevenci\u00f3n de la violencia de g\u00e9nero en el pa\u00eds, su rol es garantizar la articulaci\u00f3n interinstitucional, el dise\u00f1o de estrategias con enfoque de g\u00e9nero, as\u00ed como impulsar campa\u00f1as nacionales de sensibilizaci\u00f3n y promover la adopci\u00f3n de protocolos institucionales para la atenci\u00f3n y protecci\u00f3n de v\u00edctimas, contribuyendo a desmontar la cultura de silencio y avanzar hacia entornos laborales m\u00e1s justos y seguros.<\/p>\n\n\n\n<p>Por su parte, ANMEPRO, como actor representativo del sector empresarial femenino, su funci\u00f3n es la promoci\u00f3n de buenas pr\u00e1cticas entre las MiPymes e impulsando la sensibilizaci\u00f3n de su membres\u00eda a nivel nacional. Su experiencia en el \u00e1mbito empresarial y gremial fortalece el alcance del proyecto, integrando a m\u00e1s mujeres emprendedoras, ejecutivas y profesionales a esta causa.<\/p>\n\n\n\n<p>Entre las iniciativas que contempla el proyecto se incluyen programas de sensibilizaci\u00f3n y educaci\u00f3n en los espacios de trabajo, pol\u00edticas claras para evitar represalias contra v\u00edctimas y denunciantes, talleres sobre igualdad de g\u00e9nero y masculinidades responsables, as\u00ed como el establecimiento de canales seguros de denuncia. Igualmente, se desarrollar\u00e1 formaci\u00f3n especializada dirigida a l\u00edderes empresariales, fiscales laborales y representantes sindicales, se realizar\u00e1n visitas institucionales y auditor\u00edas internas con perspectiva de g\u00e9nero para asegurar el cumplimiento de las pol\u00edticas y promover entornos laborales m\u00e1s justos y seguros.<\/p>\n\n\n\n<p>El proyecto cuenta con el acompa\u00f1amiento t\u00e9cnico del Ministerio de Trabajo, el Ministerio de Industria, Comercio y Mipymes (MICM), la Confederaci\u00f3n Dominicana de la Micro, Peque\u00f1a y Mediana Empresa, Inc. (CODOPYME), el Programa de las Naciones Unidas para el Desarrollo (PNUD); as\u00ed como de sindicatos y empresas l\u00edderes en buenas pr\u00e1cticas laborales.<\/p>\n\n\n\n<p>Prensa Ministerio de la Mujer <a href=\"mailto:prensa@mujergobdo.onmicrosoft.com\">prensa@mujergobdo.onmicrosoft.com<\/a>&nbsp;<\/p>\n","protected":false},"excerpt":{"rendered":"<p>Este proyecto permite fortalecer el v\u00ednculo con el sector privado, con miras a ampliar las oportunidades y condiciones que favorezcan la autonom\u00eda econ\u00f3mica de las mujeres, sus derechos sociales, culturales y laborales. Santo Domingo. Con el objetivo de promover un entorno laboral seguro, equitativo y libre de violencia, el Ministerio de la Mujer, junto a [&hellip;]<\/p>\n","protected":false},"author":7,"featured_media":623332,"comment_status":"closed","ping_status":"closed","sticky":false,"template":"","format":"standard","meta":{"footnotes":""},"categories":[20],"tags":[2751,188],"class_list":["post-623313","post","type-post","status-publish","format-standard","has-post-thumbnail","hentry","category-dominicana-hoy","tag-anmepro","tag-ministerio-de-la-mujer"],"_links":{"self":[{"href":"https:\/\/diariodominicano.com\/index.php?rest_route=\/wp\/v2\/posts\/623313","targetHints":{"allow":["GET"]}}],"collection":[{"href":"https:\/\/diariodominicano.com\/index.php?rest_route=\/wp\/v2\/posts"}],"about":[{"href":"https:\/\/diariodominicano.com\/index.php?rest_route=\/wp\/v2\/types\/post"}],"author":[{"embeddable":true,"href":"https:\/\/diariodominicano.com\/index.php?rest_route=\/wp\/v2\/users\/7"}],"replies":[{"embeddable":true,"href":"https:\/\/diariodominicano.com\/index.php?rest_route=%2Fwp%2Fv2%2Fcomments&post=623313"}],"version-history":[{"count":2,"href":"https:\/\/diariodominicano.com\/index.php?rest_route=\/wp\/v2\/posts\/623313\/revisions"}],"predecessor-version":[{"id":623334,"href":"https:\/\/diariodominicano.com\/index.php?rest_route=\/wp\/v2\/posts\/623313\/revisions\/623334"}],"wp:featuredmedia":[{"embeddable":true,"href":"https:\/\/diariodominicano.com\/index.php?rest_route=\/wp\/v2\/media\/623332"}],"wp:attachment":[{"href":"https:\/\/diariodominicano.com\/index.php?rest_route=%2Fwp%2Fv2%2Fmedia&parent=623313"}],"wp:term":[{"taxonomy":"category","embeddable":true,"href":"https:\/\/diariodominicano.com\/index.php?rest_route=%2Fwp%2Fv2%2Fcategories&post=623313"},{"taxonomy":"post_tag","embeddable":true,"href":"https:\/\/diariodominicano.com\/index.php?rest_route=%2Fwp%2Fv2%2Ftags&post=623313"}],"curies":[{"name":"wp","href":"https:\/\/api.w.org\/{rel}","templated":true}]}}