{"id":623312,"date":"2025-06-27T02:18:25","date_gmt":"2025-06-27T06:18:25","guid":{"rendered":"https:\/\/diariodominicano.com\/?p=623312"},"modified":"2025-06-27T02:54:42","modified_gmt":"2025-06-27T06:54:42","slug":"con-la-mano-en-el-gatillo-iran-israel-aceptan-tregua-propuesta-por-trump-y-se-lava-las-manos","status":"publish","type":"post","link":"https:\/\/diariodominicano.com\/?p=623312","title":{"rendered":"\u201cCon la mano en el gatillo\u201d: Ir\u00e1n-Israel aceptan tregua propuesta por Trump, y se lava las manos"},"content":{"rendered":"\n<p>Mientras su postura pareciera ser la de un espectador inocente que canta\u2026 \u00abyo no s\u00e9 nada, yo llegu\u00e9 ahora mismo. Si algo pas\u00f3, yo no estaba ah\u00ed\u00bb.<\/p>\n\n\n\n<p>Por Rafael M\u00e9ndez<\/p>\n\n\n\n<p>En un giro inesperado que a\u00f1ade m\u00e1s capas de complejidad al ya vol\u00e1til tablero geopol\u00edtico de Oriente Medio, Ir\u00e1n e Israel han aceptado una tregua propuesta por el presidente estadounidense, Donald Trump. Sin embargo, la calma es precaria y las acusaciones mutuas de violaciones a este alto el fuego no se han hecho esperar, con Trump mismo lanzando culpas a ambas partes, mientras su postura pareciera ser la de un espectador inocente que canta\u2026 \u00abyo no s\u00e9 nada, yo llegue ahora mismo. Si algo pas\u00f3, yo no estaba ah\u00ed\u00bb.<\/p>\n\n\n\n<figure class=\"wp-block-image size-full\"><img loading=\"lazy\" decoding=\"async\" width=\"1024\" height=\"1024\" src=\"https:\/\/diariodominicano.com\/wp-content\/uploads\/2025\/06\/ChatGPT-Image-Con-la-mano-en-el-gatillo-Iran-Israel-aceptan-tregua-propuesta-por-Trump-y-se-lava-las-manos.jpg\" alt=\"\" class=\"wp-image-623325\" srcset=\"https:\/\/diariodominicano.com\/wp-content\/uploads\/2025\/06\/ChatGPT-Image-Con-la-mano-en-el-gatillo-Iran-Israel-aceptan-tregua-propuesta-por-Trump-y-se-lava-las-manos.jpg 1024w, https:\/\/diariodominicano.com\/wp-content\/uploads\/2025\/06\/ChatGPT-Image-Con-la-mano-en-el-gatillo-Iran-Israel-aceptan-tregua-propuesta-por-Trump-y-se-lava-las-manos-300x300.jpg 300w, https:\/\/diariodominicano.com\/wp-content\/uploads\/2025\/06\/ChatGPT-Image-Con-la-mano-en-el-gatillo-Iran-Israel-aceptan-tregua-propuesta-por-Trump-y-se-lava-las-manos-150x150.jpg 150w, https:\/\/diariodominicano.com\/wp-content\/uploads\/2025\/06\/ChatGPT-Image-Con-la-mano-en-el-gatillo-Iran-Israel-aceptan-tregua-propuesta-por-Trump-y-se-lava-las-manos-768x768.jpg 768w, https:\/\/diariodominicano.com\/wp-content\/uploads\/2025\/06\/ChatGPT-Image-Con-la-mano-en-el-gatillo-Iran-Israel-aceptan-tregua-propuesta-por-Trump-y-se-lava-las-manos-88x88.jpg 88w, https:\/\/diariodominicano.com\/wp-content\/uploads\/2025\/06\/ChatGPT-Image-Con-la-mano-en-el-gatillo-Iran-Israel-aceptan-tregua-propuesta-por-Trump-y-se-lava-las-manos-816x816.jpg 816w\" sizes=\"auto, (max-width: 1024px) 100vw, 1024px\" \/><\/figure>\n\n\n\n<p>Este anuncio de tregua, que debi\u00f3 entrar en vigor este martes, fue inicialmente revelado por el propio Trump, quien asegur\u00f3 que ambas naciones hab\u00edan acordado un \u00abalto el fuego total\u00bb. Horas despu\u00e9s, tanto Israel como Ir\u00e1n confirmaron la aceptaci\u00f3n de la propuesta, aunque con matices. La Secretar\u00eda del Consejo Supremo de Seguridad Nacional de Ir\u00e1n declar\u00f3 \u00abla imposici\u00f3n de un cese de la guerra\u00bb, mientras que el ej\u00e9rcito israel\u00ed confirm\u00f3 su aceptaci\u00f3n.<\/p>\n\n\n\n<p>Una paz fr\u00e1gil bajo acusaciones mutuas<\/p>\n\n\n\n<p>A pesar del acuerdo, la realidad sobre el terreno dista mucho de ser pac\u00edfica. Casi de inmediato, las acusaciones comenzaron a volar. Ir\u00e1n desminti\u00f3 el lanzamiento de misiles en \u00ablas \u00faltimas horas\u00bb y, a su vez, acus\u00f3 a Israel de haber atacado su territorio. Por su parte, el Gobierno de Netanyahu hab\u00eda ordenado nuevos ataques alegando lanzamientos de misiles iran\u00edes, algo que Teher\u00e1n niega rotundamente.<\/p>\n\n\n\n<p>La situaci\u00f3n se torna a\u00fan m\u00e1s ir\u00f3nica con el papel de Donald Trump porque, si bien fue \u00e9l quien anunci\u00f3 la tregua, r\u00e1pidamente se ha mostrado \u00abespecialmente cr\u00edtico\u00bb con ambos bandos, acus\u00e1ndolos de violar el alto el fuego. Esta postura lo sit\u00faa en una posici\u00f3n peculiar: la de mediador que, al mismo tiempo, reprocha el comportamiento de los negociadores, sugiriendo una distancia de la responsabilidad por la fragilidad del acuerdo.<\/p>\n\n\n\n<p>La sombra de la escalada descontrolada<\/p>\n\n\n\n<p>Este episodio se desarrolla en un contexto donde, hace menos de 24 horas, el mundo observaba con preocupaci\u00f3n el riesgo de una escalada descontrolada, con advertencias sombr\u00edas desde Rusia. El presidente Vladimir Putin hab\u00eda expresado serias preocupaciones, alertando sobre las catastr\u00f3ficas consecuencias de un conflicto que podr\u00eda arrastrar a las principales potencias, por lo advirti\u00f3 de la posibilidad de una \u00abTercera Guerra Mundial a la vuelta de la esquina\u00bb que resonaba fuerte.<\/p>\n\n\n\n<p>El reciente enfrentamiento directo entre Ir\u00e1n, Israel y Estados Unidos, catalizado por el ataque inicial israel\u00ed y el bombardeo estadounidense a instalaciones nucleares iran\u00edes, hab\u00eda establecido un peligroso precedente. La advertencia del fenecido l\u00edder cubano<\/p>\n\n\n\n<p>Fidel Castro sobre las consecuencias globales de un conflicto b\u00e9lico entre potencias clave en la regi\u00f3n y sus aliados cobra hoy una relevancia ineludible. Castro, en su<\/p>\n\n\n\n<p>La diplomacia como \u00faltimo recurso<\/p>\n\n\n\n<p>Aunque la tregua propuesta por Trump ofrece un respiro, la volatilidad de la situaci\u00f3n subraya la urgencia de la diplomacia. Rusia, Arabia Saudita y Corea del Norte, entre otros actores, han mostrado posturas que evidencian una creciente realineaci\u00f3n de fuerzas en el tablero geopol\u00edtico, lo que reafirma que \u201cla historia ha demostrado que las guerras, una vez iniciadas, son dif\u00edciles de controlar y pueden arrastrar a actores insospechados\u201d.<\/p>\n\n\n\n<p>En este momento de tensi\u00f3n extrema, la cordura y la responsabilidad son imperativas, por lo que corresponde a la comunidad internacional el deber de redoblar sus esfuerzos diplom\u00e1ticos para asegurar que esta tregua se sostenga, y que se exploren soluciones pac\u00edficas y duraderas, debido a que la paz y la estabilidad en Oriente Medio no son solo cruciales para la regi\u00f3n, sino para la seguridad global en un mundo ya de por s\u00ed vol\u00e1til.<\/p>\n\n\n\n<p>Ohelmis S\u00e1nchez <a href=\"mailto:ecosdelsur01@gmail.com\">ecosdelsur01@gmail.com<\/a> &nbsp;<\/p>\n","protected":false},"excerpt":{"rendered":"<p>Mientras su postura pareciera ser la de un espectador inocente que canta\u2026 \u00abyo no s\u00e9 nada, yo llegu\u00e9 ahora mismo. Si algo pas\u00f3, yo no estaba ah\u00ed\u00bb. Por Rafael M\u00e9ndez En un giro inesperado que a\u00f1ade m\u00e1s capas de complejidad al ya vol\u00e1til tablero geopol\u00edtico de Oriente Medio, Ir\u00e1n e Israel han aceptado una tregua [&hellip;]<\/p>\n","protected":false},"author":7,"featured_media":607953,"comment_status":"closed","ping_status":"closed","sticky":false,"template":"","format":"standard","meta":{"footnotes":""},"categories":[16],"tags":[178],"class_list":["post-623312","post","type-post","status-publish","format-standard","has-post-thumbnail","hentry","category-opiniones","tag-rafael-mendez"],"_links":{"self":[{"href":"https:\/\/diariodominicano.com\/index.php?rest_route=\/wp\/v2\/posts\/623312","targetHints":{"allow":["GET"]}}],"collection":[{"href":"https:\/\/diariodominicano.com\/index.php?rest_route=\/wp\/v2\/posts"}],"about":[{"href":"https:\/\/diariodominicano.com\/index.php?rest_route=\/wp\/v2\/types\/post"}],"author":[{"embeddable":true,"href":"https:\/\/diariodominicano.com\/index.php?rest_route=\/wp\/v2\/users\/7"}],"replies":[{"embeddable":true,"href":"https:\/\/diariodominicano.com\/index.php?rest_route=%2Fwp%2Fv2%2Fcomments&post=623312"}],"version-history":[{"count":1,"href":"https:\/\/diariodominicano.com\/index.php?rest_route=\/wp\/v2\/posts\/623312\/revisions"}],"predecessor-version":[{"id":623326,"href":"https:\/\/diariodominicano.com\/index.php?rest_route=\/wp\/v2\/posts\/623312\/revisions\/623326"}],"wp:featuredmedia":[{"embeddable":true,"href":"https:\/\/diariodominicano.com\/index.php?rest_route=\/wp\/v2\/media\/607953"}],"wp:attachment":[{"href":"https:\/\/diariodominicano.com\/index.php?rest_route=%2Fwp%2Fv2%2Fmedia&parent=623312"}],"wp:term":[{"taxonomy":"category","embeddable":true,"href":"https:\/\/diariodominicano.com\/index.php?rest_route=%2Fwp%2Fv2%2Fcategories&post=623312"},{"taxonomy":"post_tag","embeddable":true,"href":"https:\/\/diariodominicano.com\/index.php?rest_route=%2Fwp%2Fv2%2Ftags&post=623312"}],"curies":[{"name":"wp","href":"https:\/\/api.w.org\/{rel}","templated":true}]}}