{"id":623308,"date":"2025-06-26T19:45:16","date_gmt":"2025-06-26T23:45:16","guid":{"rendered":"https:\/\/diariodominicano.com\/?p=623308"},"modified":"2025-06-26T19:45:18","modified_gmt":"2025-06-26T23:45:18","slug":"guillermo-moreno-condena-el-genocidio-en-gaza-y-llama-a-la-comunidad-internacional-a-actuar-para-detener-la-barbarie","status":"publish","type":"post","link":"https:\/\/diariodominicano.com\/?p=623308","title":{"rendered":"Guillermo Moreno condena el genocidio en Gaza y llama a la comunidad internacional a actuar para detener la barbarie\u201d"},"content":{"rendered":"\n<p>Santo Domingo, 26 de junio de 2025. \u2014 Ante la cr\u00edtica situaci\u00f3n humanitaria que vive la Franja de Gaza, el presidente de Alianza Pa\u00eds, Guillermo Moreno, alz\u00f3 su voz para denunciar el genocidio que, seg\u00fan M\u00faltiples organismos internacionales, se est\u00e1 cometiendo contra la poblaci\u00f3n civil palestina y exigi\u00f3 a la comunidad internacional detener la masacre y priorizar la paz.<\/p>\n\n\n\n<p>\u00abHoy una parte del mundo observa en silencio mientras Gaza se desangra. Miles de ni\u00f1os han muerto, inocentes v\u00edctimas de una guerra que no distingue entre culpables y seres indefensos\u00bb, expres\u00f3 Moreno, visiblemente conmovido por la tragedia.<\/p>\n\n\n\n<p>La declaraci\u00f3n del l\u00edder pol\u00edtico coincide con informes recientes de organismos como Human Rights Watch y la ONU, que advierten sobre la devastaci\u00f3n sin precedentes en Gaza. Al momento se estima en m\u00e1s de 56 mil los muertos, la mayor\u00eda mujeres y ni\u00f1os, y un colapso total del sistema de salud, con hospitales bombardeados y sin suministros m\u00e9dicos, matando la poblaci\u00f3n por hambre. Unicef ha calificado la situaci\u00f3n como \u201cel infierno en la tierra para los ni\u00f1os\u201d.<\/p>\n\n\n\n<p>Moreno reconoci\u00f3 que \u201cel atentado de Hamas fue un acto atroz que en su momento condenamos con firmeza\u201d, pero cuestion\u00f3 que la respuesta haya sido \u201carrasar con la vida de una naci\u00f3n, bombardear hospitales y escuelas hasta convertirlos en escombros, negar agua, alimentos y atenci\u00f3n m\u00e9dica\u201d. Asegur\u00f3 que estas acciones \u201ctienen un nombre: genocidio\u201d.<\/p>\n\n\n\n<p>El presidente de Alianza Pa\u00eds advirti\u00f3 que cuando el mundo se acostumbra al dolor ajeno y deja de conmoverse ante el sufrimiento y las injusticias contra un pueblo, \u201chemos perdido algo esencial de nuestra humanidad\u201d.<\/p>\n\n\n\n<p>Con un llamado urgente a la conciencia global, Moreno inst\u00f3 a alzar la voz \u00abpor Gaza, por sus ni\u00f1os, por las madres, por los envejecientes y por su poblaci\u00f3n entera. Hoy alzamos la voz por la paz y por el respeto a la dignidad humana\u00bb.<\/p>\n\n\n\n<p>Sus palabras se suman al creciente n\u00famero de l\u00edderes internacionales, acad\u00e9micos, premios Nobel, artistas y organizaciones que han denunciado el genocidio que se est\u00e1 cometiendo en Gaza y que exigen un cese al fuego inmediato, el respeto al derecho de existir del Estado Palestino y el respeto al derecho humanitario internacional.<\/p>\n\n\n\n<p>Carmen Estevez <a href=\"mailto:estevezc119@gmail.com\">estevezc119@gmail.com<\/a><\/p>\n","protected":false},"excerpt":{"rendered":"<p>Santo Domingo, 26 de junio de 2025. \u2014 Ante la cr\u00edtica situaci\u00f3n humanitaria que vive la Franja de Gaza, el presidente de Alianza Pa\u00eds, Guillermo Moreno, alz\u00f3 su voz para denunciar el genocidio que, seg\u00fan M\u00faltiples organismos internacionales, se est\u00e1 cometiendo contra la poblaci\u00f3n civil palestina y exigi\u00f3 a la comunidad internacional detener la masacre [&hellip;]<\/p>\n","protected":false},"author":7,"featured_media":606239,"comment_status":"closed","ping_status":"closed","sticky":false,"template":"","format":"standard","meta":{"footnotes":""},"categories":[16],"tags":[171],"class_list":["post-623308","post","type-post","status-publish","format-standard","has-post-thumbnail","hentry","category-opiniones","tag-ministerio-publico"],"_links":{"self":[{"href":"https:\/\/diariodominicano.com\/index.php?rest_route=\/wp\/v2\/posts\/623308","targetHints":{"allow":["GET"]}}],"collection":[{"href":"https:\/\/diariodominicano.com\/index.php?rest_route=\/wp\/v2\/posts"}],"about":[{"href":"https:\/\/diariodominicano.com\/index.php?rest_route=\/wp\/v2\/types\/post"}],"author":[{"embeddable":true,"href":"https:\/\/diariodominicano.com\/index.php?rest_route=\/wp\/v2\/users\/7"}],"replies":[{"embeddable":true,"href":"https:\/\/diariodominicano.com\/index.php?rest_route=%2Fwp%2Fv2%2Fcomments&post=623308"}],"version-history":[{"count":1,"href":"https:\/\/diariodominicano.com\/index.php?rest_route=\/wp\/v2\/posts\/623308\/revisions"}],"predecessor-version":[{"id":623314,"href":"https:\/\/diariodominicano.com\/index.php?rest_route=\/wp\/v2\/posts\/623308\/revisions\/623314"}],"wp:featuredmedia":[{"embeddable":true,"href":"https:\/\/diariodominicano.com\/index.php?rest_route=\/wp\/v2\/media\/606239"}],"wp:attachment":[{"href":"https:\/\/diariodominicano.com\/index.php?rest_route=%2Fwp%2Fv2%2Fmedia&parent=623308"}],"wp:term":[{"taxonomy":"category","embeddable":true,"href":"https:\/\/diariodominicano.com\/index.php?rest_route=%2Fwp%2Fv2%2Fcategories&post=623308"},{"taxonomy":"post_tag","embeddable":true,"href":"https:\/\/diariodominicano.com\/index.php?rest_route=%2Fwp%2Fv2%2Ftags&post=623308"}],"curies":[{"name":"wp","href":"https:\/\/api.w.org\/{rel}","templated":true}]}}