{"id":623148,"date":"2025-06-26T00:21:41","date_gmt":"2025-06-26T04:21:41","guid":{"rendered":"https:\/\/diariodominicano.com\/?p=623148"},"modified":"2025-06-26T00:21:43","modified_gmt":"2025-06-26T04:21:43","slug":"camara-de-comercio-la-vega-realizara-vigesimo-novena-version-expo-vega-2025","status":"publish","type":"post","link":"https:\/\/diariodominicano.com\/?p=623148","title":{"rendered":"C\u00e1mara de Comercio La Vega realizar\u00e1 vig\u00e9simo novena versi\u00f3n Expo Vega 2025"},"content":{"rendered":"\n<p><strong>Expo Vega 2025 estar\u00e1 dedicada al ministerio de Agricultura y su titular Limber Cruz.<\/strong><\/p>\n\n\n\n<p><strong>La Vega. La C\u00e1mara de Comercio y Producci\u00f3n de La Vega anunci\u00f3 la vig\u00e9simo novena feria Expo Vega 2025, con una dedicatoria especial al ministerio de Agricultura y su titular, el economista y productor agr\u00edcola, Limber Cruz.<\/strong><\/p>\n\n\n\n<p><strong>Expo Vega 2025 se realizar\u00e1 en las instalaciones de La Vega Country Club, del 31 de julio al 3 de agosto, con el lema \u201cDonde la tierra habla, el futuro escucha\u201d.<\/strong><\/p>\n\n\n\n<p><strong>Odil Morilla, presidenta de la CCPLV mostr\u00f3 su satisfacci\u00f3n por la realizaci\u00f3n de una nueva entrega de Expo Vega, considerada como una de las m\u00e1s importantes ferias multisectoriales del Cibao y el pa\u00eds.<\/strong><\/p>\n\n\n\n<figure class=\"wp-block-gallery has-nested-images columns-default is-cropped wp-block-gallery-1 is-layout-flex wp-block-gallery-is-layout-flex\">\n<figure class=\"wp-block-image size-large\"><img loading=\"lazy\" decoding=\"async\" width=\"683\" height=\"1024\" data-id=\"623193\" src=\"https:\/\/diariodominicano.com\/wp-content\/uploads\/2025\/06\/Camara-Comercio-La-Vega-realizara-vigesimo-novena-version-Expo-Vega-2025-683x1024.jpeg\" alt=\"\" class=\"wp-image-623193\" srcset=\"https:\/\/diariodominicano.com\/wp-content\/uploads\/2025\/06\/Camara-Comercio-La-Vega-realizara-vigesimo-novena-version-Expo-Vega-2025-683x1024.jpeg 683w, https:\/\/diariodominicano.com\/wp-content\/uploads\/2025\/06\/Camara-Comercio-La-Vega-realizara-vigesimo-novena-version-Expo-Vega-2025-200x300.jpeg 200w, https:\/\/diariodominicano.com\/wp-content\/uploads\/2025\/06\/Camara-Comercio-La-Vega-realizara-vigesimo-novena-version-Expo-Vega-2025-768x1152.jpeg 768w, https:\/\/diariodominicano.com\/wp-content\/uploads\/2025\/06\/Camara-Comercio-La-Vega-realizara-vigesimo-novena-version-Expo-Vega-2025-1024x1536.jpeg 1024w, https:\/\/diariodominicano.com\/wp-content\/uploads\/2025\/06\/Camara-Comercio-La-Vega-realizara-vigesimo-novena-version-Expo-Vega-2025-1366x2048.jpeg 1366w, https:\/\/diariodominicano.com\/wp-content\/uploads\/2025\/06\/Camara-Comercio-La-Vega-realizara-vigesimo-novena-version-Expo-Vega-2025-816x1224.jpeg 816w, https:\/\/diariodominicano.com\/wp-content\/uploads\/2025\/06\/Camara-Comercio-La-Vega-realizara-vigesimo-novena-version-Expo-Vega-2025-scaled.jpeg 1707w\" sizes=\"auto, (max-width: 683px) 100vw, 683px\" \/><\/figure>\n<\/figure>\n\n\n\n<p><strong>Morilla asegur\u00f3 que la provincia de La Vega juega un papel estelar en la econom\u00eda dominicana y \u201cnos llena de orgullo decir que esta feria no es solo un espacio de negocios; es una vitrina de sue\u00f1os, de esfuerzos y de oportunidades. Es el escenario donde las ideas se transforman en proyectos, los productos encuentran nuevos mercados, los emprendedores conectan, los productores muestran el fruto de su trabajo, y el p\u00fablico descubre la fuerza y la diversidad de lo que somos capaces de hacer\u201d indic\u00f3.<\/strong><\/p>\n\n\n\n<figure class=\"wp-block-gallery has-nested-images columns-default is-cropped wp-block-gallery-2 is-layout-flex wp-block-gallery-is-layout-flex\">\n<figure class=\"wp-block-image size-large\"><img loading=\"lazy\" decoding=\"async\" width=\"683\" height=\"1024\" data-id=\"623195\" src=\"https:\/\/diariodominicano.com\/wp-content\/uploads\/2025\/06\/Camara-de-Comercio-La-Vega-realizara-vigesimo-novena-version-Expo-Vega-2025-683x1024.jpg\" alt=\"\" class=\"wp-image-623195\" srcset=\"https:\/\/diariodominicano.com\/wp-content\/uploads\/2025\/06\/Camara-de-Comercio-La-Vega-realizara-vigesimo-novena-version-Expo-Vega-2025-683x1024.jpg 683w, https:\/\/diariodominicano.com\/wp-content\/uploads\/2025\/06\/Camara-de-Comercio-La-Vega-realizara-vigesimo-novena-version-Expo-Vega-2025-200x300.jpg 200w, https:\/\/diariodominicano.com\/wp-content\/uploads\/2025\/06\/Camara-de-Comercio-La-Vega-realizara-vigesimo-novena-version-Expo-Vega-2025-768x1152.jpg 768w, https:\/\/diariodominicano.com\/wp-content\/uploads\/2025\/06\/Camara-de-Comercio-La-Vega-realizara-vigesimo-novena-version-Expo-Vega-2025-1024x1536.jpg 1024w, https:\/\/diariodominicano.com\/wp-content\/uploads\/2025\/06\/Camara-de-Comercio-La-Vega-realizara-vigesimo-novena-version-Expo-Vega-2025-1366x2048.jpg 1366w, https:\/\/diariodominicano.com\/wp-content\/uploads\/2025\/06\/Camara-de-Comercio-La-Vega-realizara-vigesimo-novena-version-Expo-Vega-2025-816x1224.jpg 816w, https:\/\/diariodominicano.com\/wp-content\/uploads\/2025\/06\/Camara-de-Comercio-La-Vega-realizara-vigesimo-novena-version-Expo-Vega-2025-scaled.jpg 1707w\" sizes=\"auto, (max-width: 683px) 100vw, 683px\" \/><\/figure>\n<\/figure>\n\n\n\n<p><strong>Expo Vega 2025 est\u00e1 dedicada al Ministerio de Agricultura de la Rep\u00fablica Dominicana y a Limber Cruz, por su visi\u00f3n y trabajo en favor del campo dominicano, tanto en su rol p\u00fablico, como en sus inversiones privadas.<\/strong><\/p>\n\n\n\n<p><strong>\u201cAl dedicarle esta feria al ministerio de Agricultura, estamos tambi\u00e9n enviando un mensaje claro: valoramos el trabajo de nuestros productores, de los hombres y mujeres del campo, que cada d\u00eda siembran esperanzas, cosechan progreso y sostienen buena parte de nuestra econom\u00eda\u201d expres\u00f3 Odil Morilla.<\/strong><\/p>\n\n\n\n<p><strong>El ministro de Agricultura Limbert Cruz, es economista vegano,&nbsp; conocido como productor agr\u00edcola, principalmente&nbsp; pl\u00e1tanos y yuca y criador de ganado de alta gen\u00e9tica en la provincia de La Vega, as\u00ed como desarrollador de la zona fronteriza.<\/strong><\/p>\n\n\n\n<p><strong>Desde el ministerio de Agricultura, Limber Cruz ha impulsado importantes programas para mejorar la producci\u00f3n agr\u00edcola, as\u00ed como iniciativas para proteger a los productores nacionales.<\/strong><\/p>\n\n\n\n<p><strong>Durante la actividad, celebrada en el sal\u00f3n de eventos del restaurante La Carretera en La Vega, el presidente de feria, Ren\u00e9 Garc\u00eda, dijo que como cada a\u00f1o Expo Vega promueve lo mejor de las empresas y comercios, en un escenario abierto, gratuito, participativo, organizado y seguro para toda la familia.<\/strong><\/p>\n\n\n\n<p><strong>Dentro de los atractivos mencion\u00f3 la participaci\u00f3n de La Diva Miriam Cruz, el duo del humor dominicano Raymond y Miguel, y El Mejor del Bloque, Don Miguelo.<\/strong><\/p>\n\n\n\n<p><strong>La C\u00e1mara de Comercio y Producci\u00f3n de La Vega, entidad que organiza Expo Vega, tiene 117 a\u00f1os de fundada, dedicada a fortalecer el desarrollo empresarial y comercial de la provincia.<\/strong><\/p>\n\n\n\n<p><strong>Adem\u00e1s de Odil Morilla, presidenta de la CCPLV, forman parte de la junta directiva Hugo Concepci\u00f3n, primer vicepresidente; Ram\u00f3n de Jes\u00fas Contreras, segundo vicepresidente; Richard Almonte, tesorero; Eduardo G\u00f3mez, secretario, as\u00ed como los vocales Icelsa Garc\u00eda, Paola Est\u00e9vez, Rub\u00e9n Castillo, Sael Gull\u00f3n, C\u00e9sar Cabral, Luz del Alba Rodr\u00edguez, Oliverio Espaillat, Edison Herrera, con la asesor\u00eda de Carlos \u00c1lvarez y Ren\u00e9 Garc\u00eda.<\/strong><\/p>\n","protected":false},"excerpt":{"rendered":"<p>Expo Vega 2025 estar\u00e1 dedicada al ministerio de Agricultura y su titular Limber Cruz. La Vega. La C\u00e1mara de Comercio y Producci\u00f3n de La Vega anunci\u00f3 la vig\u00e9simo novena feria Expo Vega 2025, con una dedicatoria especial al ministerio de Agricultura y su titular, el economista y productor agr\u00edcola, Limber Cruz. Expo Vega 2025 se [&hellip;]<\/p>\n","protected":false},"author":7,"featured_media":623194,"comment_status":"closed","ping_status":"closed","sticky":false,"template":"","format":"standard","meta":{"footnotes":""},"categories":[36],"tags":[],"class_list":["post-623148","post","type-post","status-publish","format-standard","has-post-thumbnail","hentry","category-hombresmujeresycosas"],"_links":{"self":[{"href":"https:\/\/diariodominicano.com\/index.php?rest_route=\/wp\/v2\/posts\/623148","targetHints":{"allow":["GET"]}}],"collection":[{"href":"https:\/\/diariodominicano.com\/index.php?rest_route=\/wp\/v2\/posts"}],"about":[{"href":"https:\/\/diariodominicano.com\/index.php?rest_route=\/wp\/v2\/types\/post"}],"author":[{"embeddable":true,"href":"https:\/\/diariodominicano.com\/index.php?rest_route=\/wp\/v2\/users\/7"}],"replies":[{"embeddable":true,"href":"https:\/\/diariodominicano.com\/index.php?rest_route=%2Fwp%2Fv2%2Fcomments&post=623148"}],"version-history":[{"count":1,"href":"https:\/\/diariodominicano.com\/index.php?rest_route=\/wp\/v2\/posts\/623148\/revisions"}],"predecessor-version":[{"id":623199,"href":"https:\/\/diariodominicano.com\/index.php?rest_route=\/wp\/v2\/posts\/623148\/revisions\/623199"}],"wp:featuredmedia":[{"embeddable":true,"href":"https:\/\/diariodominicano.com\/index.php?rest_route=\/wp\/v2\/media\/623194"}],"wp:attachment":[{"href":"https:\/\/diariodominicano.com\/index.php?rest_route=%2Fwp%2Fv2%2Fmedia&parent=623148"}],"wp:term":[{"taxonomy":"category","embeddable":true,"href":"https:\/\/diariodominicano.com\/index.php?rest_route=%2Fwp%2Fv2%2Fcategories&post=623148"},{"taxonomy":"post_tag","embeddable":true,"href":"https:\/\/diariodominicano.com\/index.php?rest_route=%2Fwp%2Fv2%2Ftags&post=623148"}],"curies":[{"name":"wp","href":"https:\/\/api.w.org\/{rel}","templated":true}]}}