{"id":622896,"date":"2025-06-24T20:08:42","date_gmt":"2025-06-25T00:08:42","guid":{"rendered":"https:\/\/diariodominicano.com\/?p=622896"},"modified":"2025-06-24T20:09:52","modified_gmt":"2025-06-25T00:09:52","slug":"inicia-septima-version-del-romana-internacional-de-voleibol","status":"publish","type":"post","link":"https:\/\/diariodominicano.com\/?p=622896","title":{"rendered":"Inicia s\u00e9ptima versi\u00f3n del Romana Internacional de Voleibol"},"content":{"rendered":"\n<p><strong>Evento re\u00fane equipos de Puerto Rico, Colombia, M\u00e9xico y Rep\u00fablica Dominicana<\/strong><\/p>\n\n\n\n<p><strong>LA ROMANA.-<\/strong>&nbsp; La Asociaci\u00f3n de Voleibol de La Romana (Asovolaro) inaugur\u00f3&nbsp;este martes la s\u00e9ptima edici\u00f3n del torneo de clubes Romana Internacional Voleibol Open 2025 (Rivo).<\/p>\n\n\n\n<p>El torneo re\u00fane a 37 equipos de los cuatros pa\u00edses participantes como son, Puerto Rico, Colombia, M\u00e9xico y Rep\u00fablica Dominicana, representados en 12 clubes.<\/p>\n\n\n\n<figure class=\"wp-block-gallery has-nested-images columns-default is-cropped wp-block-gallery-1 is-layout-flex wp-block-gallery-is-layout-flex\">\n<figure class=\"wp-block-image size-large\"><img loading=\"lazy\" decoding=\"async\" width=\"1024\" height=\"576\" data-id=\"622906\" src=\"https:\/\/diariodominicano.com\/wp-content\/uploads\/2025\/06\/Equipo-de-Republica-Dominicana-1024x576.jpg\" alt=\"\" class=\"wp-image-622906\" srcset=\"https:\/\/diariodominicano.com\/wp-content\/uploads\/2025\/06\/Equipo-de-Republica-Dominicana-1024x576.jpg 1024w, https:\/\/diariodominicano.com\/wp-content\/uploads\/2025\/06\/Equipo-de-Republica-Dominicana-300x169.jpg 300w, https:\/\/diariodominicano.com\/wp-content\/uploads\/2025\/06\/Equipo-de-Republica-Dominicana-768x432.jpg 768w, https:\/\/diariodominicano.com\/wp-content\/uploads\/2025\/06\/Equipo-de-Republica-Dominicana-816x459.jpg 816w, https:\/\/diariodominicano.com\/wp-content\/uploads\/2025\/06\/Equipo-de-Republica-Dominicana.jpg 1056w\" sizes=\"auto, (max-width: 1024px) 100vw, 1024px\" \/><\/figure>\n<\/figure>\n\n\n\n<p>En la justa, que concluye este pr\u00f3ximo jueves, participan atletas de las edades 9-10,&nbsp; 11-12, 13-14, 15-16 y 18-20.<\/p>\n\n\n\n<figure class=\"wp-block-gallery has-nested-images columns-default is-cropped wp-block-gallery-2 is-layout-flex wp-block-gallery-is-layout-flex\">\n<figure class=\"wp-block-image size-large\"><img loading=\"lazy\" decoding=\"async\" width=\"1024\" height=\"576\" data-id=\"622905\" src=\"https:\/\/diariodominicano.com\/wp-content\/uploads\/2025\/06\/Integran-del-Thunder-de-Colombia-1024x576.jpg\" alt=\"\" class=\"wp-image-622905\" srcset=\"https:\/\/diariodominicano.com\/wp-content\/uploads\/2025\/06\/Integran-del-Thunder-de-Colombia-1024x576.jpg 1024w, https:\/\/diariodominicano.com\/wp-content\/uploads\/2025\/06\/Integran-del-Thunder-de-Colombia-300x169.jpg 300w, https:\/\/diariodominicano.com\/wp-content\/uploads\/2025\/06\/Integran-del-Thunder-de-Colombia-768x432.jpg 768w, https:\/\/diariodominicano.com\/wp-content\/uploads\/2025\/06\/Integran-del-Thunder-de-Colombia-816x459.jpg 816w, https:\/\/diariodominicano.com\/wp-content\/uploads\/2025\/06\/Integran-del-Thunder-de-Colombia.jpg 1056w\" sizes=\"auto, (max-width: 1024px) 100vw, 1024px\" \/><\/figure>\n<\/figure>\n\n\n\n<p>\u201cNos sentimos muy contentos con la puesta en marcha del Romana Internacional Voleibol Open, que es un torneo de clubes. Este a\u00f1o tenemos la visita por primera vez del club Prodigioso de Sabana Grande (Puerto Rico); Becerras de Baja California (M\u00e9xico); el Thunder Voleibol Club (Colombia)\u201d, expres\u00f3 Am\u00f3s Anglada, organizador del torneo.<\/p>\n\n\n\n<figure class=\"wp-block-gallery has-nested-images columns-default is-cropped wp-block-gallery-3 is-layout-flex wp-block-gallery-is-layout-flex\">\n<figure class=\"wp-block-image size-large\"><img loading=\"lazy\" decoding=\"async\" width=\"1024\" height=\"576\" data-id=\"622904\" src=\"https:\/\/diariodominicano.com\/wp-content\/uploads\/2025\/06\/Integrantes-del-equipo-Prodigiosa-de-Puerto-Rico-1024x576.jpg\" alt=\"\" class=\"wp-image-622904\" srcset=\"https:\/\/diariodominicano.com\/wp-content\/uploads\/2025\/06\/Integrantes-del-equipo-Prodigiosa-de-Puerto-Rico-1024x576.jpg 1024w, https:\/\/diariodominicano.com\/wp-content\/uploads\/2025\/06\/Integrantes-del-equipo-Prodigiosa-de-Puerto-Rico-300x169.jpg 300w, https:\/\/diariodominicano.com\/wp-content\/uploads\/2025\/06\/Integrantes-del-equipo-Prodigiosa-de-Puerto-Rico-768x432.jpg 768w, https:\/\/diariodominicano.com\/wp-content\/uploads\/2025\/06\/Integrantes-del-equipo-Prodigiosa-de-Puerto-Rico-816x459.jpg 816w, https:\/\/diariodominicano.com\/wp-content\/uploads\/2025\/06\/Integrantes-del-equipo-Prodigiosa-de-Puerto-Rico.jpg 1056w\" sizes=\"auto, (max-width: 1024px) 100vw, 1024px\" \/><\/figure>\n<\/figure>\n\n\n\n<p>El Rivo se realiza en las canchas del Pabell\u00f3n de Voleibol Max Sim\u00f3n, Virgilio Castillo (Chola) y el polideportivo Eleoncio Mercedes.&nbsp;<\/p>\n\n\n\n<p>Bienvenido Carmona P\u00e9rez <a href=\"mailto:bienvenidocarmona@gmail.com\">bienvenidocarmona@gmail.com<\/a><\/p>\n","protected":false},"excerpt":{"rendered":"<p>Evento re\u00fane equipos de Puerto Rico, Colombia, M\u00e9xico y Rep\u00fablica Dominicana LA ROMANA.-&nbsp; La Asociaci\u00f3n de Voleibol de La Romana (Asovolaro) inaugur\u00f3&nbsp;este martes la s\u00e9ptima edici\u00f3n del torneo de clubes Romana Internacional Voleibol Open 2025 (Rivo). El torneo re\u00fane a 37 equipos de los cuatros pa\u00edses participantes como son, Puerto Rico, Colombia, M\u00e9xico y Rep\u00fablica [&hellip;]<\/p>\n","protected":false},"author":7,"featured_media":622907,"comment_status":"closed","ping_status":"closed","sticky":false,"template":"","format":"standard","meta":{"footnotes":""},"categories":[17],"tags":[335],"class_list":["post-622896","post","type-post","status-publish","format-standard","has-post-thumbnail","hentry","category-deportes","tag-voleibol"],"_links":{"self":[{"href":"https:\/\/diariodominicano.com\/index.php?rest_route=\/wp\/v2\/posts\/622896","targetHints":{"allow":["GET"]}}],"collection":[{"href":"https:\/\/diariodominicano.com\/index.php?rest_route=\/wp\/v2\/posts"}],"about":[{"href":"https:\/\/diariodominicano.com\/index.php?rest_route=\/wp\/v2\/types\/post"}],"author":[{"embeddable":true,"href":"https:\/\/diariodominicano.com\/index.php?rest_route=\/wp\/v2\/users\/7"}],"replies":[{"embeddable":true,"href":"https:\/\/diariodominicano.com\/index.php?rest_route=%2Fwp%2Fv2%2Fcomments&post=622896"}],"version-history":[{"count":1,"href":"https:\/\/diariodominicano.com\/index.php?rest_route=\/wp\/v2\/posts\/622896\/revisions"}],"predecessor-version":[{"id":622909,"href":"https:\/\/diariodominicano.com\/index.php?rest_route=\/wp\/v2\/posts\/622896\/revisions\/622909"}],"wp:featuredmedia":[{"embeddable":true,"href":"https:\/\/diariodominicano.com\/index.php?rest_route=\/wp\/v2\/media\/622907"}],"wp:attachment":[{"href":"https:\/\/diariodominicano.com\/index.php?rest_route=%2Fwp%2Fv2%2Fmedia&parent=622896"}],"wp:term":[{"taxonomy":"category","embeddable":true,"href":"https:\/\/diariodominicano.com\/index.php?rest_route=%2Fwp%2Fv2%2Fcategories&post=622896"},{"taxonomy":"post_tag","embeddable":true,"href":"https:\/\/diariodominicano.com\/index.php?rest_route=%2Fwp%2Fv2%2Ftags&post=622896"}],"curies":[{"name":"wp","href":"https:\/\/api.w.org\/{rel}","templated":true}]}}