{"id":622869,"date":"2025-06-24T16:58:30","date_gmt":"2025-06-24T20:58:30","guid":{"rendered":"https:\/\/diariodominicano.com\/?p=622869"},"modified":"2025-06-24T16:58:37","modified_gmt":"2025-06-24T20:58:37","slug":"inefi-reconocera-a-maestros-de-educacion-fisica-con-medalla-al-merito-este-miercoles","status":"publish","type":"post","link":"https:\/\/diariodominicano.com\/?p=622869","title":{"rendered":"INEFI reconocer\u00e1 a maestros de educaci\u00f3n f\u00edsica con \u201cMedalla al M\u00e9rito\u201d este mi\u00e9rcoles"},"content":{"rendered":"\n<p>SANTO DOMINGO.&nbsp;\u2013 El Instituto Nacional de Educaci\u00f3n F\u00edsica (INEFI) celebrar\u00e1 este mi\u00e9rcoles la und\u00e9cima edici\u00f3n de la gala del premio \u201cMedalla al M\u00e9rito Magisterial en Educaci\u00f3n F\u00edsica 2024-2025\u201d, con el objetivo de reconocer a los profesores m\u00e1s destacados del pa\u00eds en esta disciplina.<\/p>\n\n\n\n<p>El acto se llevar\u00e1 a cabo en el hotel Catalu\u00f1a de la capital y estar\u00e1 encabezado por el director ejecutivo de la instituci\u00f3n, Alberto Rodr\u00edguez Mella. La premiaci\u00f3n distinguir\u00e1 a maestros de educaci\u00f3n f\u00edsica provenientes de los 18 distritos escolares del pa\u00eds, valorando su esfuerzo y compromiso con el desarrollo del deporte escolar y la formaci\u00f3n integral del estudiantado. A su vez, se realizar\u00e1 la entrega del \u201cMaestro de Siempre\u201d, un reconocimiento a la trayectoria de maestros de larga data en el sistema educativo dominicano.<\/p>\n\n\n\n<p>La actividad es coordinada por el director docente del INEFI, Manuel Morel, quien ha liderado el proceso de evaluaci\u00f3n y selecci\u00f3n de los galardonados, con el prop\u00f3sito de resaltar las buenas pr\u00e1cticas pedag\u00f3gicas en el \u00e1rea.<\/p>\n\n\n\n<p>\u00abReconocer la labor de nuestros docentes es reconocer la base del desarrollo integral de nuestros estudiantes. Esta medalla representa un compromiso con la excelencia y con el fortalecimiento de la educaci\u00f3n f\u00edsica en nuestras escuelas\u00bb, expres\u00f3 Rodr\u00edguez Mella.<\/p>\n\n\n\n<p>El evento forma parte de las iniciativas que impulsa el INEFI para apoyar la capacitaci\u00f3n, el crecimiento profesional y el desempe\u00f1o de los maestros de educaci\u00f3n f\u00edsica a nivel nacional.<\/p>\n\n\n\n<p>PRENSA INEFI <a href=\"mailto:prensainefi@gmail.com\">prensainefi@gmail.com<\/a><\/p>\n","protected":false},"excerpt":{"rendered":"<p>SANTO DOMINGO.&nbsp;\u2013 El Instituto Nacional de Educaci\u00f3n F\u00edsica (INEFI) celebrar\u00e1 este mi\u00e9rcoles la und\u00e9cima edici\u00f3n de la gala del premio \u201cMedalla al M\u00e9rito Magisterial en Educaci\u00f3n F\u00edsica 2024-2025\u201d, con el objetivo de reconocer a los profesores m\u00e1s destacados del pa\u00eds en esta disciplina. El acto se llevar\u00e1 a cabo en el hotel Catalu\u00f1a de la [&hellip;]<\/p>\n","protected":false},"author":7,"featured_media":622882,"comment_status":"closed","ping_status":"closed","sticky":false,"template":"","format":"standard","meta":{"footnotes":""},"categories":[17],"tags":[491],"class_list":["post-622869","post","type-post","status-publish","format-standard","has-post-thumbnail","hentry","category-deportes","tag-inefi"],"_links":{"self":[{"href":"https:\/\/diariodominicano.com\/index.php?rest_route=\/wp\/v2\/posts\/622869","targetHints":{"allow":["GET"]}}],"collection":[{"href":"https:\/\/diariodominicano.com\/index.php?rest_route=\/wp\/v2\/posts"}],"about":[{"href":"https:\/\/diariodominicano.com\/index.php?rest_route=\/wp\/v2\/types\/post"}],"author":[{"embeddable":true,"href":"https:\/\/diariodominicano.com\/index.php?rest_route=\/wp\/v2\/users\/7"}],"replies":[{"embeddable":true,"href":"https:\/\/diariodominicano.com\/index.php?rest_route=%2Fwp%2Fv2%2Fcomments&post=622869"}],"version-history":[{"count":1,"href":"https:\/\/diariodominicano.com\/index.php?rest_route=\/wp\/v2\/posts\/622869\/revisions"}],"predecessor-version":[{"id":622883,"href":"https:\/\/diariodominicano.com\/index.php?rest_route=\/wp\/v2\/posts\/622869\/revisions\/622883"}],"wp:featuredmedia":[{"embeddable":true,"href":"https:\/\/diariodominicano.com\/index.php?rest_route=\/wp\/v2\/media\/622882"}],"wp:attachment":[{"href":"https:\/\/diariodominicano.com\/index.php?rest_route=%2Fwp%2Fv2%2Fmedia&parent=622869"}],"wp:term":[{"taxonomy":"category","embeddable":true,"href":"https:\/\/diariodominicano.com\/index.php?rest_route=%2Fwp%2Fv2%2Fcategories&post=622869"},{"taxonomy":"post_tag","embeddable":true,"href":"https:\/\/diariodominicano.com\/index.php?rest_route=%2Fwp%2Fv2%2Ftags&post=622869"}],"curies":[{"name":"wp","href":"https:\/\/api.w.org\/{rel}","templated":true}]}}