{"id":622669,"date":"2025-06-23T20:35:43","date_gmt":"2025-06-24T00:35:43","guid":{"rendered":"https:\/\/diariodominicano.com\/?p=622669"},"modified":"2025-06-23T20:35:46","modified_gmt":"2025-06-24T00:35:46","slug":"condena-de-20-anos-de-prision-para-un-hombre-que-abuso-sexualmente-de-dos-ninas-de-13-y-8-anos","status":"publish","type":"post","link":"https:\/\/diariodominicano.com\/?p=622669","title":{"rendered":"Condena de 20 a\u00f1os de prisi\u00f3n para un hombre que abus\u00f3 sexualmente de dos ni\u00f1as de 13 y 8 a\u00f1os"},"content":{"rendered":"\n<p><strong>SANTO DOMINGO (Rep\u00fablica Dominicana).-<\/strong>&nbsp;Atendiendo a la solicitud del Ministerio P\u00fablico, un tribunal de Santo Domingo Este conden\u00f3 a 20 a\u00f1os de prisi\u00f3n a un hombre que abus\u00f3 de dos ni\u00f1as de 13 y 8 a\u00f1os de edad, en hechos ocurridos en el a\u00f1o 2024.<\/p>\n\n\n\n<p>La condena le fue impuesta a Oscar Romero, luego de que el Ministerio P\u00fablico, representado por los fiscales litigantes Juan Olivares y Ana Basora, demostr\u00f3 su culpabilidad en las acciones cometidas en contra de las ni\u00f1as.<\/p>\n\n\n\n<p>El \u00f3rgano persecutor demostr\u00f3 que el hoy condenado viol\u00f3 las disposiciones de los art\u00edculos 332-1 del C\u00f3digo Penal Dominicano modificado por la Ley 24-97 y a los art\u00edculos 12, 13, 14, 16, 18 y 396 literal b y c de la Ley 136-03, que instituye el C\u00f3digo para Protecci\u00f3n de los Derechos Fundamentales de los Ni\u00f1os, Ni\u00f1as y Adolescentes.<\/p>\n\n\n\n<p>El expediente instrumentado por el fiscal investigador Francisco Gonz\u00e1lez Genao explica el 2 de mayo de 2024 la madre de la ni\u00f1a de ocho a\u00f1os de edad y t\u00eda de la adolescente de 13 a\u00f1os inform\u00f3 sobre lo sucedido ante la Unidad de Violencia de G\u00e9nero.<\/p>\n\n\n\n<p>La denunciante encontr\u00f3 al agresor en flagrante delito mientras agred\u00eda a la ni\u00f1a de 13 a\u00f1os, quien, tras recibir ayuda, confes\u00f3 que su prima de ocho a\u00f1os le hab\u00eda dicho que el procesado la tocaba en sus partes \u00edntimas.<\/p>\n\n\n\n<p>Por decisi\u00f3n del Segundo Tribunal Colegiado, que integran las juezas Josefina Ubiera Guerrero, Yury Cuevas de la Cruz y Ariella Cedano N\u00fa\u00f1ez, Romero cumplir\u00e1 la condena en la Penitenciar\u00eda Nacional de La Victoria.<\/p>\n\n\n\n<p><strong>Direcci\u00f3n General de Comunicaci\u00f3n, Prensa, y RRPP<\/strong><strong><\/strong><\/p>\n\n\n\n<p>Ministerio P\u00fablico.&nbsp;R.D.<\/p>\n","protected":false},"excerpt":{"rendered":"<p>SANTO DOMINGO (Rep\u00fablica Dominicana).-&nbsp;Atendiendo a la solicitud del Ministerio P\u00fablico, un tribunal de Santo Domingo Este conden\u00f3 a 20 a\u00f1os de prisi\u00f3n a un hombre que abus\u00f3 de dos ni\u00f1as de 13 y 8 a\u00f1os de edad, en hechos ocurridos en el a\u00f1o 2024. La condena le fue impuesta a Oscar Romero, luego de que [&hellip;]<\/p>\n","protected":false},"author":7,"featured_media":495896,"comment_status":"closed","ping_status":"closed","sticky":false,"template":"","format":"standard","meta":{"footnotes":""},"categories":[24],"tags":[171],"class_list":["post-622669","post","type-post","status-publish","format-standard","has-post-thumbnail","hentry","category-justicia-y-derecho","tag-ministerio-publico"],"_links":{"self":[{"href":"https:\/\/diariodominicano.com\/index.php?rest_route=\/wp\/v2\/posts\/622669","targetHints":{"allow":["GET"]}}],"collection":[{"href":"https:\/\/diariodominicano.com\/index.php?rest_route=\/wp\/v2\/posts"}],"about":[{"href":"https:\/\/diariodominicano.com\/index.php?rest_route=\/wp\/v2\/types\/post"}],"author":[{"embeddable":true,"href":"https:\/\/diariodominicano.com\/index.php?rest_route=\/wp\/v2\/users\/7"}],"replies":[{"embeddable":true,"href":"https:\/\/diariodominicano.com\/index.php?rest_route=%2Fwp%2Fv2%2Fcomments&post=622669"}],"version-history":[{"count":1,"href":"https:\/\/diariodominicano.com\/index.php?rest_route=\/wp\/v2\/posts\/622669\/revisions"}],"predecessor-version":[{"id":622690,"href":"https:\/\/diariodominicano.com\/index.php?rest_route=\/wp\/v2\/posts\/622669\/revisions\/622690"}],"wp:featuredmedia":[{"embeddable":true,"href":"https:\/\/diariodominicano.com\/index.php?rest_route=\/wp\/v2\/media\/495896"}],"wp:attachment":[{"href":"https:\/\/diariodominicano.com\/index.php?rest_route=%2Fwp%2Fv2%2Fmedia&parent=622669"}],"wp:term":[{"taxonomy":"category","embeddable":true,"href":"https:\/\/diariodominicano.com\/index.php?rest_route=%2Fwp%2Fv2%2Fcategories&post=622669"},{"taxonomy":"post_tag","embeddable":true,"href":"https:\/\/diariodominicano.com\/index.php?rest_route=%2Fwp%2Fv2%2Ftags&post=622669"}],"curies":[{"name":"wp","href":"https:\/\/api.w.org\/{rel}","templated":true}]}}