{"id":622667,"date":"2025-06-23T20:04:39","date_gmt":"2025-06-24T00:04:39","guid":{"rendered":"https:\/\/diariodominicano.com\/?p=622667"},"modified":"2025-06-23T20:06:39","modified_gmt":"2025-06-24T00:06:39","slug":"valenti-la-nueva-linea-dominicana-que-celebra-con-orgullo-la-belleza-de-los-rizos","status":"publish","type":"post","link":"https:\/\/diariodominicano.com\/?p=622667","title":{"rendered":"\u201cValenti: la nueva l\u00ednea dominicana que celebra con orgullo la belleza de los rizos\u201d"},"content":{"rendered":"\n<p>La belleza est\u00e1 en la autenticidad, y el cabello rizado es parte de nuestra identidad<\/p>\n\n\n\n<p><strong>Santiago de los Caballeros, Rep\u00fablica Dominicana.<\/strong>&nbsp;\u2013 Valenti, una marca comprometida con la belleza aut\u00e9ntica y la diversidad, lanza su nueva l\u00ednea de productos especialmente dise\u00f1ados para el cuidado del cabello rizado; con f\u00f3rmulas enriquecidas con ingredientes naturales, libres de sulfatos, parabenos y siliconas.<\/p>\n\n\n\n<p><br>Inspirada en la campa\u00f1a \u201cRizos con Orgullo\u201d, esta l\u00ednea no solo busca ofrecer productos de alta calidad, sino tambi\u00e9n cambiar la narrativa en torno al cabello rizado, promoviendo su aceptaci\u00f3n y amor propio desde la infancia.<\/p>\n\n\n\n<figure class=\"wp-block-gallery has-nested-images columns-default is-cropped wp-block-gallery-1 is-layout-flex wp-block-gallery-is-layout-flex\">\n<figure class=\"wp-block-image size-large\"><img loading=\"lazy\" decoding=\"async\" width=\"1024\" height=\"1024\" data-id=\"622659\" src=\"https:\/\/diariodominicano.com\/wp-content\/uploads\/2025\/06\/Valentina-Taveras-muestra-sus-rizos-con-orgullo-1024x1024.jpg\" alt=\"\" class=\"wp-image-622659\" srcset=\"https:\/\/diariodominicano.com\/wp-content\/uploads\/2025\/06\/Valentina-Taveras-muestra-sus-rizos-con-orgullo-1024x1024.jpg 1024w, https:\/\/diariodominicano.com\/wp-content\/uploads\/2025\/06\/Valentina-Taveras-muestra-sus-rizos-con-orgullo-300x300.jpg 300w, https:\/\/diariodominicano.com\/wp-content\/uploads\/2025\/06\/Valentina-Taveras-muestra-sus-rizos-con-orgullo-150x150.jpg 150w, https:\/\/diariodominicano.com\/wp-content\/uploads\/2025\/06\/Valentina-Taveras-muestra-sus-rizos-con-orgullo-768x768.jpg 768w, https:\/\/diariodominicano.com\/wp-content\/uploads\/2025\/06\/Valentina-Taveras-muestra-sus-rizos-con-orgullo-88x88.jpg 88w, https:\/\/diariodominicano.com\/wp-content\/uploads\/2025\/06\/Valentina-Taveras-muestra-sus-rizos-con-orgullo-816x816.jpg 816w, https:\/\/diariodominicano.com\/wp-content\/uploads\/2025\/06\/Valentina-Taveras-muestra-sus-rizos-con-orgullo.jpg 1080w\" sizes=\"auto, (max-width: 1024px) 100vw, 1024px\" \/><\/figure>\n<\/figure>\n\n\n\n<p>La colecci\u00f3n Valenti, llega para celebrar la identidad y el poder de cada rizo. Su propuesta se basa en una rutina de cuidado capilar en cuatro pasos esenciales, dise\u00f1ada para lograr un cabello saludable, definido y con brillo: champ\u00fa sin sulfatos, acondicionador hidratante, mascarilla de hidrataci\u00f3n profunda y gel definidor sin alcohol.<br><br>Lo que hace especial a la l\u00ednea Valenti es su f\u00f3rmula enriquecida en ingredientes naturales, como manteca de karit\u00e9, aceite de coco y aguacate, que proporciona una hidrataci\u00f3n profunda sin dejar el cabello pesado, una definici\u00f3n natural y duradera del rizo, y una protecci\u00f3n efectiva contra el frizz y la resequedad.<\/p>\n\n\n\n<figure class=\"wp-block-gallery has-nested-images columns-default is-cropped wp-block-gallery-2 is-layout-flex wp-block-gallery-is-layout-flex\">\n<figure class=\"wp-block-image size-large\"><img loading=\"lazy\" decoding=\"async\" width=\"931\" height=\"1024\" data-id=\"622658\" src=\"https:\/\/diariodominicano.com\/wp-content\/uploads\/2025\/06\/La-coleccion-Valenti-llega-para-celebrar-la-identidad-y-el-poder-de-cada-rizo-931x1024.jpg\" alt=\"\" class=\"wp-image-622658\" srcset=\"https:\/\/diariodominicano.com\/wp-content\/uploads\/2025\/06\/La-coleccion-Valenti-llega-para-celebrar-la-identidad-y-el-poder-de-cada-rizo-931x1024.jpg 931w, https:\/\/diariodominicano.com\/wp-content\/uploads\/2025\/06\/La-coleccion-Valenti-llega-para-celebrar-la-identidad-y-el-poder-de-cada-rizo-273x300.jpg 273w, https:\/\/diariodominicano.com\/wp-content\/uploads\/2025\/06\/La-coleccion-Valenti-llega-para-celebrar-la-identidad-y-el-poder-de-cada-rizo-768x845.jpg 768w, https:\/\/diariodominicano.com\/wp-content\/uploads\/2025\/06\/La-coleccion-Valenti-llega-para-celebrar-la-identidad-y-el-poder-de-cada-rizo-1396x1536.jpg 1396w, https:\/\/diariodominicano.com\/wp-content\/uploads\/2025\/06\/La-coleccion-Valenti-llega-para-celebrar-la-identidad-y-el-poder-de-cada-rizo-816x898.jpg 816w, https:\/\/diariodominicano.com\/wp-content\/uploads\/2025\/06\/La-coleccion-Valenti-llega-para-celebrar-la-identidad-y-el-poder-de-cada-rizo.jpg 1454w\" sizes=\"auto, (max-width: 931px) 100vw, 931px\" \/><\/figure>\n\n\n\n<figure class=\"wp-block-image size-large\"><img loading=\"lazy\" decoding=\"async\" width=\"1024\" height=\"884\" data-id=\"622656\" src=\"https:\/\/diariodominicano.com\/wp-content\/uploads\/2025\/06\/Creadoras-de-la-marca-Valenti-Valetina-Taveras-y-Arelis-Aramboles-1024x884.jpg\" alt=\"\" class=\"wp-image-622656\" srcset=\"https:\/\/diariodominicano.com\/wp-content\/uploads\/2025\/06\/Creadoras-de-la-marca-Valenti-Valetina-Taveras-y-Arelis-Aramboles-1024x884.jpg 1024w, https:\/\/diariodominicano.com\/wp-content\/uploads\/2025\/06\/Creadoras-de-la-marca-Valenti-Valetina-Taveras-y-Arelis-Aramboles-300x259.jpg 300w, https:\/\/diariodominicano.com\/wp-content\/uploads\/2025\/06\/Creadoras-de-la-marca-Valenti-Valetina-Taveras-y-Arelis-Aramboles-768x663.jpg 768w, https:\/\/diariodominicano.com\/wp-content\/uploads\/2025\/06\/Creadoras-de-la-marca-Valenti-Valetina-Taveras-y-Arelis-Aramboles-1536x1325.jpg 1536w, https:\/\/diariodominicano.com\/wp-content\/uploads\/2025\/06\/Creadoras-de-la-marca-Valenti-Valetina-Taveras-y-Arelis-Aramboles-2048x1767.jpg 2048w, https:\/\/diariodominicano.com\/wp-content\/uploads\/2025\/06\/Creadoras-de-la-marca-Valenti-Valetina-Taveras-y-Arelis-Aramboles-816x704.jpg 816w\" sizes=\"auto, (max-width: 1024px) 100vw, 1024px\" \/><\/figure>\n<\/figure>\n\n\n\n<p>Cada producto est\u00e1 pensado para nutrir, fortalecer y realzar el brillo natural del cabello rizado, promoviendo una belleza aut\u00e9ntica y saludable.<\/p>\n\n\n\n<p>\u201cLa belleza est\u00e1 en la autenticidad, y el cabello rizado es parte de nuestra identidad\u201d.<\/p>\n\n\n\n<p>Con esta l\u00ednea, queremos que cada persona se sienta orgullosa de sus rizos y pueda lucirlos con confianza, expres\u00f3 Valentina Taveras, creadora de la marca, junto a su madre Arelis Ar\u00e1mboles; Tambi\u00e9n agreg\u00f3 que ella es rizada desde peque\u00f1ita y que aprendi\u00f3 a los 6 a\u00f1os a peinarlos, \u201cmi madre me ense\u00f1\u00f3 a muy temprana edad a que yo amara mi cabello y su textura, hoy gracias a ella puedo llevar mis rizos con mucho orgullo\u201d, agreg\u00f3.<br><br>Como madres, tenemos el poder de ense\u00f1arles a nuestros hijos e hijas a valorar lo que los hace \u00fanicos. Apoyar la textura natural de sus cabellos, cuidar sus rizos, respetar su estilo, es tambi\u00e9n decirles: \u201ceres perfecto tal como eres\u201d.<\/p>\n\n\n\n<p>Cada rizo es una historia, una identidad, un orgullo, conservarlo es una forma de abrazar sus ra\u00edces con fuerza y autenticidad, expres\u00f3 Arelis Ar\u00e1mboles.<\/p>\n\n\n\n<p><br>\u201cA todas las madres quiero decirles, que el amor propio comienza en casa\u201d<br><br>Valenti est\u00e1 disponible en tiendas, productos de belleza y salones de belleza.<br>S\u00edguenos en nuestras redes sociales @valentirizos para conocer novedades, recibir tips de cuidado para rizos, disfrutar de contenido exclusivo y regalos para nuestra comunidad.<\/p>\n\n\n\n<p>Johanna Benoit <a href=\"mailto:benoit181182@gmail.com\">benoit181182@gmail.com<\/a><\/p>\n","protected":false},"excerpt":{"rendered":"<p>La belleza est\u00e1 en la autenticidad, y el cabello rizado es parte de nuestra identidad Santiago de los Caballeros, Rep\u00fablica Dominicana.&nbsp;\u2013 Valenti, una marca comprometida con la belleza aut\u00e9ntica y la diversidad, lanza su nueva l\u00ednea de productos especialmente dise\u00f1ados para el cuidado del cabello rizado; con f\u00f3rmulas enriquecidas con ingredientes naturales, libres de sulfatos, [&hellip;]<\/p>\n","protected":false},"author":7,"featured_media":622657,"comment_status":"closed","ping_status":"closed","sticky":false,"template":"","format":"standard","meta":{"footnotes":""},"categories":[36],"tags":[2741],"class_list":["post-622667","post","type-post","status-publish","format-standard","has-post-thumbnail","hentry","category-hombresmujeresycosas","tag-valenti"],"_links":{"self":[{"href":"https:\/\/diariodominicano.com\/index.php?rest_route=\/wp\/v2\/posts\/622667","targetHints":{"allow":["GET"]}}],"collection":[{"href":"https:\/\/diariodominicano.com\/index.php?rest_route=\/wp\/v2\/posts"}],"about":[{"href":"https:\/\/diariodominicano.com\/index.php?rest_route=\/wp\/v2\/types\/post"}],"author":[{"embeddable":true,"href":"https:\/\/diariodominicano.com\/index.php?rest_route=\/wp\/v2\/users\/7"}],"replies":[{"embeddable":true,"href":"https:\/\/diariodominicano.com\/index.php?rest_route=%2Fwp%2Fv2%2Fcomments&post=622667"}],"version-history":[{"count":3,"href":"https:\/\/diariodominicano.com\/index.php?rest_route=\/wp\/v2\/posts\/622667\/revisions"}],"predecessor-version":[{"id":622678,"href":"https:\/\/diariodominicano.com\/index.php?rest_route=\/wp\/v2\/posts\/622667\/revisions\/622678"}],"wp:featuredmedia":[{"embeddable":true,"href":"https:\/\/diariodominicano.com\/index.php?rest_route=\/wp\/v2\/media\/622657"}],"wp:attachment":[{"href":"https:\/\/diariodominicano.com\/index.php?rest_route=%2Fwp%2Fv2%2Fmedia&parent=622667"}],"wp:term":[{"taxonomy":"category","embeddable":true,"href":"https:\/\/diariodominicano.com\/index.php?rest_route=%2Fwp%2Fv2%2Fcategories&post=622667"},{"taxonomy":"post_tag","embeddable":true,"href":"https:\/\/diariodominicano.com\/index.php?rest_route=%2Fwp%2Fv2%2Ftags&post=622667"}],"curies":[{"name":"wp","href":"https:\/\/api.w.org\/{rel}","templated":true}]}}