{"id":622639,"date":"2025-06-23T19:01:44","date_gmt":"2025-06-23T23:01:44","guid":{"rendered":"https:\/\/diariodominicano.com\/?p=622639"},"modified":"2025-06-23T19:01:47","modified_gmt":"2025-06-23T23:01:47","slug":"mp-solicita-5-anos-de-prision-contra-wander-franco-procesado-por-abuso-sexual-infantile","status":"publish","type":"post","link":"https:\/\/diariodominicano.com\/?p=622639","title":{"rendered":"MP solicita 5 a\u00f1os de prisi\u00f3n contra Wander Franco, procesado por abuso sexual infantile"},"content":{"rendered":"\n<p><em><u>Tambi\u00e9n pide una pena de 10 a\u00f1os de c\u00e1rcel para la madre de la v\u00edctima adolescente de delitos sexuales<\/u><\/em><\/p>\n\n\n\n<p><strong>SANTO DOMINGO (Rep\u00fablica Dominicana).-<\/strong>&nbsp;El Ministerio P\u00fablico solicit\u00f3 a un tribunal la imposici\u00f3n de cinco a\u00f1os de prisi\u00f3n contra Wander Samuel Franco Aybar, procesado por abuso sexual infantil a una adolescente.<\/p>\n\n\n\n<p>Para la madre de la v\u00edctima, coimputada del proceso por explotaci\u00f3n sexual de menores y lavado de activos, los fiscales pidieron una condena de diez a\u00f1os de prisi\u00f3n en el juicio que se conoce en el Tribunal Colegiado de Puerto Plata.<\/p>\n\n\n\n<p>El Ministerio P\u00fablico pide que Franco Aybar cumpla prisi\u00f3n en el Centro de Correcci\u00f3n y Rehabilitaci\u00f3n (CCR) San Felipe de Puerto Plata y que, adem\u00e1s, pague una multa de 10 salarios m\u00ednimos de lo establecido por el Banco Central en beneficio del Estado dominicano, as\u00ed como el pago de las costas penales del proceso.<\/p>\n\n\n\n<p>En tanto que, contra la madre de la adolescente, acusada de explotaci\u00f3n sexual y lavado de activos, solicit\u00f3 que sea enviada al Centro de Correcci\u00f3n y Rehabilitaci\u00f3n (CCR) Rafey Mujeres, de Santiago, y que se le imponga el pago de una multa equivalente a 30 salarios m\u00ednimos en beneficio del Estado dominicano.<\/p>\n\n\n\n<p>Asimismo, que se ordene el decomiso de los siete bienes que les fueron incautados a la acusada, incluyendo un solar ubicado en Villa Montellano con una extensi\u00f3n superficial de 600 metros cuadrados, un carro del a\u00f1o 2023, RD$2,100,000 que se encuentran depositados en el Banco Agr\u00edcola de la Rep\u00fablica Dominicana, sucursal Puerto Plata, as\u00ed como la suma de 68 mil 500 d\u00f3lares americanos y 800 mil pesos dominicanos. Igualmente, los equipos celulares y todos los valores colocados en la cuenta de la acusada, que han sido inmovilizados por el Ministerio P\u00fablico en virtud de una orden especial y autorizaci\u00f3n judicial, adem\u00e1s del pago de las costas penales del proceso.<\/p>\n\n\n\n<p>El equipo de litigio del Ministerio P\u00fablico, representado por los fiscales Claudio Cordero y Jos\u00e9 Mart\u00ednez, de la Procuradur\u00eda Especializada Antilavado de Activos y Financiamiento del Terrorismo y la Fiscal\u00eda de Puerto Plata, formul\u00f3 la petici\u00f3n ante el Tribunal Colegiado de Puerto Plata, integrado por los jueces Jakayra Veras, Venecia Rojas y Jos\u00e9 Juan Jim\u00e9nez.<\/p>\n\n\n\n<p>En el proceso los fiscales litigantes presentaron 165 pruebas, las cuales consideraron suficientes para dictar sentencia condenatoria contra los acusados.<\/p>\n\n\n\n<p>Los representantes del Ministerio P\u00fablico tambi\u00e9n han indicado que durante el juicio qued\u00f3 establecida la vinculaci\u00f3n de los acusados con los hechos por los que son procesados.<\/p>\n\n\n\n<p>El expediente acusatorio se\u00f1ala que la conducta de Franco Aybar y la madre de la adolescente viola las disposiciones de varios art\u00edculos del C\u00f3digo para la Protecci\u00f3n y los Derechos Fundamentales de Ni\u00f1os, Ni\u00f1as y Adolescentes (Ley 136-03), el C\u00f3digo Penal Dominicano y la Ley 137-03 sobre Tr\u00e1fico Il\u00edcito de Migrantes y Trata De Personas, as\u00ed como la Ley 155-17, sobre Lavado de Activos y Financiamiento del Terrorismo.<\/p>\n\n\n\n<p>El juicio contin\u00faa con las argumentaciones y conclusiones de las defensas.<\/p>\n\n\n\n<p><strong>Direcci\u00f3n General de Comunicaci\u00f3n, Prensa y RRPP<\/strong><\/p>\n\n\n\n<p><strong>Ministerio P\u00fablico RD<\/strong><\/p>\n\n\n\n<p>Comunicaciones PGR <a href=\"mailto:comunicaciones@pgr.gob.do\">comunicaciones@pgr.gob.do<\/a><\/p>\n","protected":false},"excerpt":{"rendered":"<p>Tambi\u00e9n pide una pena de 10 a\u00f1os de c\u00e1rcel para la madre de la v\u00edctima adolescente de delitos sexuales SANTO DOMINGO (Rep\u00fablica Dominicana).-&nbsp;El Ministerio P\u00fablico solicit\u00f3 a un tribunal la imposici\u00f3n de cinco a\u00f1os de prisi\u00f3n contra Wander Samuel Franco Aybar, procesado por abuso sexual infantil a una adolescente. Para la madre de la v\u00edctima, [&hellip;]<\/p>\n","protected":false},"author":7,"featured_media":495896,"comment_status":"closed","ping_status":"closed","sticky":false,"template":"","format":"standard","meta":{"footnotes":""},"categories":[24],"tags":[171],"class_list":["post-622639","post","type-post","status-publish","format-standard","has-post-thumbnail","hentry","category-justicia-y-derecho","tag-ministerio-publico"],"_links":{"self":[{"href":"https:\/\/diariodominicano.com\/index.php?rest_route=\/wp\/v2\/posts\/622639","targetHints":{"allow":["GET"]}}],"collection":[{"href":"https:\/\/diariodominicano.com\/index.php?rest_route=\/wp\/v2\/posts"}],"about":[{"href":"https:\/\/diariodominicano.com\/index.php?rest_route=\/wp\/v2\/types\/post"}],"author":[{"embeddable":true,"href":"https:\/\/diariodominicano.com\/index.php?rest_route=\/wp\/v2\/users\/7"}],"replies":[{"embeddable":true,"href":"https:\/\/diariodominicano.com\/index.php?rest_route=%2Fwp%2Fv2%2Fcomments&post=622639"}],"version-history":[{"count":1,"href":"https:\/\/diariodominicano.com\/index.php?rest_route=\/wp\/v2\/posts\/622639\/revisions"}],"predecessor-version":[{"id":622652,"href":"https:\/\/diariodominicano.com\/index.php?rest_route=\/wp\/v2\/posts\/622639\/revisions\/622652"}],"wp:featuredmedia":[{"embeddable":true,"href":"https:\/\/diariodominicano.com\/index.php?rest_route=\/wp\/v2\/media\/495896"}],"wp:attachment":[{"href":"https:\/\/diariodominicano.com\/index.php?rest_route=%2Fwp%2Fv2%2Fmedia&parent=622639"}],"wp:term":[{"taxonomy":"category","embeddable":true,"href":"https:\/\/diariodominicano.com\/index.php?rest_route=%2Fwp%2Fv2%2Fcategories&post=622639"},{"taxonomy":"post_tag","embeddable":true,"href":"https:\/\/diariodominicano.com\/index.php?rest_route=%2Fwp%2Fv2%2Ftags&post=622639"}],"curies":[{"name":"wp","href":"https:\/\/api.w.org\/{rel}","templated":true}]}}