{"id":622637,"date":"2025-06-23T18:35:36","date_gmt":"2025-06-23T22:35:36","guid":{"rendered":"https:\/\/diariodominicano.com\/?p=622637"},"modified":"2025-06-23T18:36:52","modified_gmt":"2025-06-23T22:36:52","slug":"defensa-civil-trabaja-en-rescate-de-12-jovenes-atrapados-por-lluvias-en-presa-sabaneta-san-juan-2","status":"publish","type":"post","link":"https:\/\/diariodominicano.com\/?p=622637","title":{"rendered":"Defensa Civil trabaja en rescate de 12 j\u00f3venes atrapados por lluvias en Presa Sabaneta, San Juan"},"content":{"rendered":"\n<p><strong>San Juan.-<\/strong>&nbsp;La Defensa Civil dominicana, en coordinaci\u00f3n con otras entidades de respuesta a emergencias, trabaj\u00f3 la madrugada de este lunes en el rescate de 12 j\u00f3venes, que quedaron atrapados en las inmediaciones de la Presa de Sabaneta, de esta provincia, tras las fuertes lluvias en la zona.<\/p>\n\n\n\n<p>La informaci\u00f3n fue confirmada por el director de la Defensa Civil en Santiago Rodr\u00edguez, H\u00e9ctor Bienvenido Rodr\u00edguez, quien indic\u00f3 que los j\u00f3venes, cinco femeninas y siete masculinos, oriundos de la provincia San Jos\u00e9 de Ocoa, hab\u00edan salido en horas de la ma\u00f1ana del domingo hacia la referida presa a bordo de motocicletas y que, debido a las condiciones meteorol\u00f3gicas, no lograron regresar.<\/p>\n\n\n\n<p>Rodr\u00edguez explic\u00f3 que luego de un arduo trabajo del Departamento de Operaciones y las direcciones provinciales de la instituci\u00f3n de socorro en San Juan y Valverde, en coordinaci\u00f3n con autoridades de Medio Ambiente y Ministerio de Defensa con efectivos de la Fuerza A\u00e9rea Dominicana, lograron hacer contacto con los j\u00f3venes.<\/p>\n\n\n\n<p>Indic\u00f3 que fueron rescatados alrededor de la 01:45 am de este lunes, siendo trasladados en buen estado f\u00edsico a las instalaciones de Medio Ambiente en la zona de El Copey, Santiago Rodr\u00edguez, donde permanecen a esperas de ser despachados a su lugar de origen.<\/p>\n\n\n\n<p>El director naranja, hace un llamado a las personas que realizan senderismo a tener precauci\u00f3n y estar atentos a las condiciones clim\u00e1ticas para evitar hechos lamentables.<\/p>\n\n\n\n<p>Defensa Civil Dominicana <a href=\"mailto:redesdefensacivil@gmail.com\">redesdefensacivil@gmail.com<\/a><\/p>\n","protected":false},"excerpt":{"rendered":"<p>San Juan.-&nbsp;La Defensa Civil dominicana, en coordinaci\u00f3n con otras entidades de respuesta a emergencias, trabaj\u00f3 la madrugada de este lunes en el rescate de 12 j\u00f3venes, que quedaron atrapados en las inmediaciones de la Presa de Sabaneta, de esta provincia, tras las fuertes lluvias en la zona. La informaci\u00f3n fue confirmada por el director de [&hellip;]<\/p>\n","protected":false},"author":7,"featured_media":0,"comment_status":"closed","ping_status":"closed","sticky":false,"template":"","format":"standard","meta":{"footnotes":""},"categories":[20],"tags":[573],"class_list":["post-622637","post","type-post","status-publish","format-standard","hentry","category-dominicana-hoy","tag-defensa-civil"],"_links":{"self":[{"href":"https:\/\/diariodominicano.com\/index.php?rest_route=\/wp\/v2\/posts\/622637","targetHints":{"allow":["GET"]}}],"collection":[{"href":"https:\/\/diariodominicano.com\/index.php?rest_route=\/wp\/v2\/posts"}],"about":[{"href":"https:\/\/diariodominicano.com\/index.php?rest_route=\/wp\/v2\/types\/post"}],"author":[{"embeddable":true,"href":"https:\/\/diariodominicano.com\/index.php?rest_route=\/wp\/v2\/users\/7"}],"replies":[{"embeddable":true,"href":"https:\/\/diariodominicano.com\/index.php?rest_route=%2Fwp%2Fv2%2Fcomments&post=622637"}],"version-history":[{"count":1,"href":"https:\/\/diariodominicano.com\/index.php?rest_route=\/wp\/v2\/posts\/622637\/revisions"}],"predecessor-version":[{"id":622650,"href":"https:\/\/diariodominicano.com\/index.php?rest_route=\/wp\/v2\/posts\/622637\/revisions\/622650"}],"wp:attachment":[{"href":"https:\/\/diariodominicano.com\/index.php?rest_route=%2Fwp%2Fv2%2Fmedia&parent=622637"}],"wp:term":[{"taxonomy":"category","embeddable":true,"href":"https:\/\/diariodominicano.com\/index.php?rest_route=%2Fwp%2Fv2%2Fcategories&post=622637"},{"taxonomy":"post_tag","embeddable":true,"href":"https:\/\/diariodominicano.com\/index.php?rest_route=%2Fwp%2Fv2%2Ftags&post=622637"}],"curies":[{"name":"wp","href":"https:\/\/api.w.org\/{rel}","templated":true}]}}