{"id":622557,"date":"2025-06-23T18:16:58","date_gmt":"2025-06-23T22:16:58","guid":{"rendered":"https:\/\/diariodominicano.com\/?p=622557"},"modified":"2025-06-23T18:17:01","modified_gmt":"2025-06-23T22:17:01","slug":"30-anos-de-prision-para-hombre-que-mato-a-un-extranjero-en-puerto-plata","status":"publish","type":"post","link":"https:\/\/diariodominicano.com\/?p=622557","title":{"rendered":"30 a\u00f1os de prisi\u00f3n para hombre que mat\u00f3 a un extranjero en Puerto Plata"},"content":{"rendered":"\n<p>SANTO DOMINGO (Rep\u00fablica Dominicana).- Tras acoger el pedimento del Ministerio P\u00fablico, un tribunal colegiado conden\u00f3 a 30 a\u00f1os de prisi\u00f3n a un hombre que mat\u00f3 a un extranjero en el Ensanche Dubreau (Los Callejones), de Puerto Plata, el 16 de enero del a\u00f1o 2023.<\/p>\n\n\n\n<p>Waster Rafael Mancebo P\u00e9rez fue hallado culpable del asesinato del ciudadano alem\u00e1n Gunther Holger Botschek, ocurrido en una vivienda del referido sector tras registrarse una disputa por dicho inmueble.<\/p>\n\n\n\n<p>En el proceso se confirm\u00f3 que el condenado falsific\u00f3 un contrato de venta del solar propiedad del extranjero en el a\u00f1o 2021, cuya firma fue verificada como no aut\u00e9ntica por el Instituto Nacional de Ciencias Forenses (Inacif).<\/p>\n\n\n\n<p>Con relaci\u00f3n al caso, el expediente instrumentado por el fiscal Julio C\u00e9sar G\u00f3mez Quintana, se\u00f1ala que el cuerpo sin vida del se\u00f1or Botschek fue encontrado en dicha vivienda con evidentes signos de violencia y una herida punzante en la regi\u00f3n occipital del cr\u00e1neo.<\/p>\n\n\n\n<p>Junto al cad\u00e1ver se encontr\u00f3 el hoy condenado Mancebo P\u00e9rez, con manchas de sangre en sus manos y u\u00f1as, en actitud evasiva.<\/p>\n\n\n\n<p>El informe de autopsia judicial No. 043-2023, emitido por Inacif, indica que la muerte fue causada por un trauma contuso m\u00faltiple severo, producto de golpes que les fueron propinados con objetos contundentes.<\/p>\n\n\n\n<p>El cuerpo adem\u00e1s presentaba signos de estrangulamiento, m\u00faltiples laceraciones en t\u00f3rax, cuello, rostro y otras partes del cuerpo, siendo el mecanismo de muerte hipoxia cerebral, la cual fue calificada como una muerte violenta de etiolog\u00eda m\u00e9dico-legal homicida.<\/p>\n\n\n\n<p>El Ministerio P\u00fablico, representado en audiencia por la fiscal Karen Lidia Santana, demostr\u00f3 la culpabilidad del condenado ante el tribunal que preside la magistrada Jakayra Veras, quien acogi\u00f3 como buenas y v\u00e1lidas las pruebas periciales, materiales, testimoniales y audiovisuales aportadas por el \u00f3rgano acusador.<\/p>\n\n\n\n<p>El hecho recibi\u00f3 la calificaci\u00f3n jur\u00eddica de violaci\u00f3n a los art\u00edculos 150, 151, 295, 296 y 302, los cuales sancionan los delitos de asesinato, falsificaci\u00f3n y uso de documentos falsos, tipificados en el C\u00f3digo Penal Dominicano.<\/p>\n\n\n\n<p>La condena impuesta deber\u00e1 ser cumplida en el Centro de Correcci\u00f3n y Rehabilitaci\u00f3n (CCR) San Felipe de Puerto Plata.<\/p>\n\n\n\n<p>Direcci\u00f3n General de Comunicaci\u00f3n, Prensa y RRPP<\/p>\n\n\n\n<p>Ministerio P\u00fablico RD<\/p>\n\n\n\n<p>Comunicaciones PGR <a href=\"mailto:comunicaciones@pgr.gob.do\">comunicaciones@pgr.gob.do<\/a><\/p>\n","protected":false},"excerpt":{"rendered":"<p>SANTO DOMINGO (Rep\u00fablica Dominicana).- Tras acoger el pedimento del Ministerio P\u00fablico, un tribunal colegiado conden\u00f3 a 30 a\u00f1os de prisi\u00f3n a un hombre que mat\u00f3 a un extranjero en el Ensanche Dubreau (Los Callejones), de Puerto Plata, el 16 de enero del a\u00f1o 2023. Waster Rafael Mancebo P\u00e9rez fue hallado culpable del asesinato del ciudadano [&hellip;]<\/p>\n","protected":false},"author":7,"featured_media":495896,"comment_status":"closed","ping_status":"closed","sticky":false,"template":"","format":"standard","meta":{"footnotes":""},"categories":[24],"tags":[171],"class_list":["post-622557","post","type-post","status-publish","format-standard","has-post-thumbnail","hentry","category-justicia-y-derecho","tag-ministerio-publico"],"_links":{"self":[{"href":"https:\/\/diariodominicano.com\/index.php?rest_route=\/wp\/v2\/posts\/622557","targetHints":{"allow":["GET"]}}],"collection":[{"href":"https:\/\/diariodominicano.com\/index.php?rest_route=\/wp\/v2\/posts"}],"about":[{"href":"https:\/\/diariodominicano.com\/index.php?rest_route=\/wp\/v2\/types\/post"}],"author":[{"embeddable":true,"href":"https:\/\/diariodominicano.com\/index.php?rest_route=\/wp\/v2\/users\/7"}],"replies":[{"embeddable":true,"href":"https:\/\/diariodominicano.com\/index.php?rest_route=%2Fwp%2Fv2%2Fcomments&post=622557"}],"version-history":[{"count":1,"href":"https:\/\/diariodominicano.com\/index.php?rest_route=\/wp\/v2\/posts\/622557\/revisions"}],"predecessor-version":[{"id":622641,"href":"https:\/\/diariodominicano.com\/index.php?rest_route=\/wp\/v2\/posts\/622557\/revisions\/622641"}],"wp:featuredmedia":[{"embeddable":true,"href":"https:\/\/diariodominicano.com\/index.php?rest_route=\/wp\/v2\/media\/495896"}],"wp:attachment":[{"href":"https:\/\/diariodominicano.com\/index.php?rest_route=%2Fwp%2Fv2%2Fmedia&parent=622557"}],"wp:term":[{"taxonomy":"category","embeddable":true,"href":"https:\/\/diariodominicano.com\/index.php?rest_route=%2Fwp%2Fv2%2Fcategories&post=622557"},{"taxonomy":"post_tag","embeddable":true,"href":"https:\/\/diariodominicano.com\/index.php?rest_route=%2Fwp%2Fv2%2Ftags&post=622557"}],"curies":[{"name":"wp","href":"https:\/\/api.w.org\/{rel}","templated":true}]}}