{"id":622490,"date":"2025-06-23T02:24:45","date_gmt":"2025-06-23T06:24:45","guid":{"rendered":"https:\/\/diariodominicano.com\/?p=622490"},"modified":"2025-06-23T16:58:03","modified_gmt":"2025-06-23T20:58:03","slug":"superintendencia-de-seguros-entrega-nueva-edicion-del-poema-amen-de-mariposas-a-museo-hermanas-mirabal","status":"publish","type":"post","link":"https:\/\/diariodominicano.com\/?p=622490","title":{"rendered":"Superintendencia de Seguros entrega nueva edici\u00f3n del poema Am\u00e9n de Mariposas a Museo Hermanas Mirabal"},"content":{"rendered":"\n<p><em>La actividad forma parte del programa de responsabilidad social y compromiso de la instituci\u00f3n con el fortalecimiento de la cultura, el respeto a los derechos humanos y la promoci\u00f3n activa de la igualdad de g\u00e9nero.<\/em><\/p>\n\n\n\n<p>Salcedo. \u2013 Cumpliendo con el compromiso asumido durante la puesta en circulaci\u00f3n de la nueva edici\u00f3n del emblem\u00e1tico poema Am\u00e9n de Mariposas, la Superintendencia de Seguros (SIS) realiz\u00f3 la entrega oficial de 200 ejemplares en la Casa Museo Hermanas Mirabal, ubicada en la provincia que lleva el nombre de estas hero\u00ednas nacionales.<\/p>\n\n\n\n<p>El acto, constituy\u00f3 un homenaje profundo a Patria, Minerva y Mar\u00eda Teresa Mirabal, s\u00edmbolos universales de la lucha por la libertad, la igualdad y la dignidad humana.<\/p>\n\n\n\n<figure class=\"wp-block-image size-large\"><img loading=\"lazy\" decoding=\"async\" width=\"1024\" height=\"683\" src=\"https:\/\/diariodominicano.com\/wp-content\/uploads\/2025\/06\/Amen-de-Mariposas-1024x683.jpeg\" alt=\"\" class=\"wp-image-622526\" srcset=\"https:\/\/diariodominicano.com\/wp-content\/uploads\/2025\/06\/Amen-de-Mariposas-1024x683.jpeg 1024w, https:\/\/diariodominicano.com\/wp-content\/uploads\/2025\/06\/Amen-de-Mariposas-300x200.jpeg 300w, https:\/\/diariodominicano.com\/wp-content\/uploads\/2025\/06\/Amen-de-Mariposas-768x512.jpeg 768w, https:\/\/diariodominicano.com\/wp-content\/uploads\/2025\/06\/Amen-de-Mariposas-1536x1024.jpeg 1536w, https:\/\/diariodominicano.com\/wp-content\/uploads\/2025\/06\/Amen-de-Mariposas-2048x1366.jpeg 2048w, https:\/\/diariodominicano.com\/wp-content\/uploads\/2025\/06\/Amen-de-Mariposas-816x544.jpeg 816w\" sizes=\"auto, (max-width: 1024px) 100vw, 1024px\" \/><\/figure>\n\n\n\n<p>La actividad cont\u00f3 con la participaci\u00f3n del superintendente de seguros, Julio C\u00e9sar Valent\u00edn Jimini\u00e1n, quien encabez\u00f3 la entrega junto a Yazmin Vicente, encargada de la Unidad de G\u00e9nero de la instituci\u00f3n. Estuvieron presentes familiares directos de las Hermanas Mirabal, entre ellos Manolo y Minou Tav\u00e1rez Mirabal, hijos de Minerva; Jacqueline Guzm\u00e1n Mirabal, hija de Mar\u00eda Teresa; y Jaime David Fern\u00e1ndez Mirabal, hijo de do\u00f1a Ded\u00e9 Mirabal.<\/p>\n\n\n\n<p>Asimismo, participaron Mar\u00eda Mercedes Ortiz Dilon\u00e9, senadora de la provincia Hermanas Mirabal; Catalina Olea Salazar, diputada al PARLACEN; y la Dra. Catherine Pelage, directora de la C\u00e1tedra de Estudios Dominicanos \u201cHermanas Mirabal\u201d de la Universidad de Orleans, Francia.<\/p>\n\n\n\n<p>Durante su intervenci\u00f3n, el superintendente Julio C\u00e9sar Valent\u00edn Jimini\u00e1n reafirm\u00f3 que esta donaci\u00f3n es parte del compromiso de la Superintendencia de Seguros con el fortalecimiento de la memoria hist\u00f3rica, los valores democr\u00e1ticos y la promoci\u00f3n de la igualdad y la equidad de g\u00e9nero.<\/p>\n\n\n\n<p>Como parte del acto protocolar, los ejemplares fueron entregados a miembros de la familia Mirabal, a la Dra. Pelage, a la senadora Ortiz Dilon\u00e9 y a autoridades y colaboradores de la Casa Museo.<\/p>\n\n\n\n<p><strong>Salvaguarda de la memoria hist\u00f3rica y cultural<\/strong><\/p>\n\n\n\n<p>La reedici\u00f3n del poema Am\u00e9n de las Mariposas, obra emblem\u00e1tica del escritor e intelectual Pedro Mir publicada por primera vez en 1969, es una iniciativa que rinde homenaje a la memoria hist\u00f3rica de las Hermanas Mirabal: mujeres de acci\u00f3n que, con su sagacidad, valent\u00eda y dignidad, se han convertido en un \u00edcono de resistencia, libertad y justicia.<\/p>\n\n\n\n<p>La portada de esta edici\u00f3n estuvo a cargo de Elsa N\u00fa\u00f1ez, destacada pintora, dibujante y educadora dominicana. Adem\u00e1s, para fortalecer este proyecto, el libro fue ilustrado con creaciones de artistas pl\u00e1sticos y visuales de diferentes partes del pa\u00eds, cuyas obras integran \u201cLa ruta de los murales\u201d en edificios urbanos de la provincia Hermanas Mirabal.<\/p>\n\n\n\n<p>Con esta entrega, la Superintendencia de Seguros reafirma su compromiso con la cultura, el arte y la preservaci\u00f3n de las causas justas, manteniendo vivo el legado de las Mariposas: Patria, Minerva y Mar\u00eda Teresa.<\/p>\n\n\n\n<p><strong>Relaciones P\u00fablicas Prensa<\/strong><strong>&nbsp;<\/strong><strong><a href=\"mailto:rpublicas@sis.gob.do\">rpublicas@sis.gob.do<\/a> <\/strong><strong><\/strong><\/p>\n","protected":false},"excerpt":{"rendered":"<p>La actividad forma parte del programa de responsabilidad social y compromiso de la instituci\u00f3n con el fortalecimiento de la cultura, el respeto a los derechos humanos y la promoci\u00f3n activa de la igualdad de g\u00e9nero. Salcedo. \u2013 Cumpliendo con el compromiso asumido durante la puesta en circulaci\u00f3n de la nueva edici\u00f3n del emblem\u00e1tico poema Am\u00e9n [&hellip;]<\/p>\n","protected":false},"author":7,"featured_media":622526,"comment_status":"closed","ping_status":"closed","sticky":false,"template":"","format":"standard","meta":{"footnotes":""},"categories":[21],"tags":[1413],"class_list":["post-622490","post","type-post","status-publish","format-standard","has-post-thumbnail","hentry","category-cultura","tag-superintendencia-de-seguros"],"_links":{"self":[{"href":"https:\/\/diariodominicano.com\/index.php?rest_route=\/wp\/v2\/posts\/622490","targetHints":{"allow":["GET"]}}],"collection":[{"href":"https:\/\/diariodominicano.com\/index.php?rest_route=\/wp\/v2\/posts"}],"about":[{"href":"https:\/\/diariodominicano.com\/index.php?rest_route=\/wp\/v2\/types\/post"}],"author":[{"embeddable":true,"href":"https:\/\/diariodominicano.com\/index.php?rest_route=\/wp\/v2\/users\/7"}],"replies":[{"embeddable":true,"href":"https:\/\/diariodominicano.com\/index.php?rest_route=%2Fwp%2Fv2%2Fcomments&post=622490"}],"version-history":[{"count":1,"href":"https:\/\/diariodominicano.com\/index.php?rest_route=\/wp\/v2\/posts\/622490\/revisions"}],"predecessor-version":[{"id":622532,"href":"https:\/\/diariodominicano.com\/index.php?rest_route=\/wp\/v2\/posts\/622490\/revisions\/622532"}],"wp:featuredmedia":[{"embeddable":true,"href":"https:\/\/diariodominicano.com\/index.php?rest_route=\/wp\/v2\/media\/622526"}],"wp:attachment":[{"href":"https:\/\/diariodominicano.com\/index.php?rest_route=%2Fwp%2Fv2%2Fmedia&parent=622490"}],"wp:term":[{"taxonomy":"category","embeddable":true,"href":"https:\/\/diariodominicano.com\/index.php?rest_route=%2Fwp%2Fv2%2Fcategories&post=622490"},{"taxonomy":"post_tag","embeddable":true,"href":"https:\/\/diariodominicano.com\/index.php?rest_route=%2Fwp%2Fv2%2Ftags&post=622490"}],"curies":[{"name":"wp","href":"https:\/\/api.w.org\/{rel}","templated":true}]}}