{"id":622487,"date":"2025-06-23T02:00:31","date_gmt":"2025-06-23T06:00:31","guid":{"rendered":"https:\/\/diariodominicano.com\/?p=622487"},"modified":"2025-06-23T02:02:05","modified_gmt":"2025-06-23T06:02:05","slug":"cord-dr-anuncia-una-apuesta-firme-por-la-educacion-tecnica-en-republica-dominicana","status":"publish","type":"post","link":"https:\/\/diariodominicano.com\/?p=622487","title":{"rendered":"CORD DR anuncia una apuesta firme por la educaci\u00f3n t\u00e9cnica en Rep\u00fablica Dominicana"},"content":{"rendered":"\n<p><em>Directivos de la organizaci\u00f3n sostuvieron un encuentro con representantes del sector educativo, empresarial y ONG del pa\u00eds<\/em><\/p>\n\n\n\n<p><strong>SANTO DOMINGO.<\/strong>&nbsp;\u2013 Tras m\u00e1s de una d\u00e9cada de impacto positivo en la educaci\u00f3n t\u00e9cnica nacional, el Centro de Investigaci\u00f3n y Desarrollo Ocupacional (CORD, por sus siglas en ingl\u00e9s) anunci\u00f3 una nueva y ambiciosa etapa de expansi\u00f3n en Rep\u00fablica Dominicana, con el objetivo de contribuir de forma m\u00e1s decidida al desarrollo del talento t\u00e9cnico del pa\u00eds.<\/p>\n\n\n\n<p>El anuncio se realiz\u00f3 durante un encuentro celebrado en un hotel de la capital, que reuni\u00f3 a representantes del sector educativo, empresarial y de organizaciones no gubernamentales (ONG). La actividad marc\u00f3 el inicio de una nueva fase de trabajo de CORD DR, orientada a preparar a la juventud dominicana para enfrentar desaf\u00edos laborales a\u00fan por descubrir, resolver problemas que a\u00fan no conocen y dominar tecnolog\u00edas que todav\u00eda no han sido inventadas.<\/p>\n\n\n\n<p>Fundada en 1979 en el estado de Texas, Estados Unidos, el Center for Ocupational Research and Development -CORD- es una organizaci\u00f3n sin fines de lucro con reconocimiento internacional, por su enfoque innovador en formaci\u00f3n t\u00e9cnica basada en competencias y orientada a carreras. Desde su llegada a la Rep\u00fablica Dominicana, en la segunda d\u00e9cada de este siglo, bajo el nombre de CORD DR, ha impulsado importantes transformaciones en la forma de concebir y desarrollar la educaci\u00f3n t\u00e9cnica en el pa\u00eds.<\/p>\n\n\n\n<p>Durante el encuentro, Hope Cotner, presidenta y CEO de CORD, comparti\u00f3 el alcance de la cobertura internacional de la organizaci\u00f3n y la intenci\u00f3n de b\u00fasqueda del futuro con propuestas innovadoras de trabajo en \u00e1reas t\u00e9cnicas, tanto en empresas como en instituciones educativas de diferentes niveles. &nbsp;<\/p>\n\n\n\n<p>\u201cLa base de la prosperidad econ\u00f3mica est\u00e1 en el aula\u201d, afirm\u00f3 Cotner, al destacar que, cimentar una educaci\u00f3n t\u00e9cnica de calidad, con programas innovadores de formaci\u00f3n, sostenibles y alineados con el desarrollo integral, contribuir\u00e1n al progreso de la Rep\u00fablica Dominicana.<\/p>\n\n\n\n<p><strong>Un compromiso renovado con la Rep\u00fablica Dominicana<\/strong><\/p>\n\n\n\n<p>CORD DR reafirm\u00f3 su decisi\u00f3n de ampliar su presencia y liderazgo en el pa\u00eds, con una agenda que contempla nuevas formas de integraci\u00f3n y contextualizaci\u00f3n del aprendizaje t\u00e9cnico. La organizaci\u00f3n apuesta por sumar valor a los esfuerzos multisectoriales nacionales, con la promoci\u00f3n de alianzas estrat\u00e9gicas entre el sector educativo, el empresarial y el social.<\/p>\n\n\n\n<p>\u201cLas estrellas est\u00e1n alineadas\u201d, dijo Agust\u00edn Navarra, vicepresidente internacional de operaciones de CORD, al referirse a las condiciones propicias que vive Rep\u00fablica Dominicana para fortalecer la educaci\u00f3n t\u00e9cnica como motor de crecimiento econ\u00f3mico y cohesi\u00f3n social.<\/p>\n\n\n\n<p><strong>Liderazgo para un futuro desafiante<\/strong><\/p>\n\n\n\n<p>CORD DR se declara lista para liderar procesos de transformaci\u00f3n profunda en la formaci\u00f3n t\u00e9cnica nacional, convencida de que este tipo de educaci\u00f3n es una inversi\u00f3n estrat\u00e9gica para la competitividad del pa\u00eds. Con la experiencia acumulada en m\u00faltiples contextos internacionales, como Estados Unidos y otros pa\u00edses, CORD DR se posiciona como un socio clave en la construcci\u00f3n de un sistema educativo m\u00e1s pertinente, innovador e inclusivo.<\/p>\n\n\n\n<p>\u201cFrente al futuro desafiante que nos espera, se necesitan pioneros\u201d, afirmaron los directivos de CORD DR, quienes dijeron estar listos para asumir ese rol en conjunto con los sectores educativos y productivo dominicano.<\/p>\n\n\n\n<p>Cynthia Abreu <a href=\"mailto:cynthiaabreug@gmail.com\">cynthiaabreug@gmail.com<\/a><\/p>\n","protected":false},"excerpt":{"rendered":"<p>Directivos de la organizaci\u00f3n sostuvieron un encuentro con representantes del sector educativo, empresarial y ONG del pa\u00eds SANTO DOMINGO.&nbsp;\u2013 Tras m\u00e1s de una d\u00e9cada de impacto positivo en la educaci\u00f3n t\u00e9cnica nacional, el Centro de Investigaci\u00f3n y Desarrollo Ocupacional (CORD, por sus siglas en ingl\u00e9s) anunci\u00f3 una nueva y ambiciosa etapa de expansi\u00f3n en Rep\u00fablica [&hellip;]<\/p>\n","protected":false},"author":7,"featured_media":0,"comment_status":"closed","ping_status":"closed","sticky":false,"template":"","format":"standard","meta":{"footnotes":""},"categories":[36],"tags":[2738],"class_list":["post-622487","post","type-post","status-publish","format-standard","hentry","category-hombresmujeresycosas","tag-cord-dr"],"_links":{"self":[{"href":"https:\/\/diariodominicano.com\/index.php?rest_route=\/wp\/v2\/posts\/622487","targetHints":{"allow":["GET"]}}],"collection":[{"href":"https:\/\/diariodominicano.com\/index.php?rest_route=\/wp\/v2\/posts"}],"about":[{"href":"https:\/\/diariodominicano.com\/index.php?rest_route=\/wp\/v2\/types\/post"}],"author":[{"embeddable":true,"href":"https:\/\/diariodominicano.com\/index.php?rest_route=\/wp\/v2\/users\/7"}],"replies":[{"embeddable":true,"href":"https:\/\/diariodominicano.com\/index.php?rest_route=%2Fwp%2Fv2%2Fcomments&post=622487"}],"version-history":[{"count":2,"href":"https:\/\/diariodominicano.com\/index.php?rest_route=\/wp\/v2\/posts\/622487\/revisions"}],"predecessor-version":[{"id":622512,"href":"https:\/\/diariodominicano.com\/index.php?rest_route=\/wp\/v2\/posts\/622487\/revisions\/622512"}],"wp:attachment":[{"href":"https:\/\/diariodominicano.com\/index.php?rest_route=%2Fwp%2Fv2%2Fmedia&parent=622487"}],"wp:term":[{"taxonomy":"category","embeddable":true,"href":"https:\/\/diariodominicano.com\/index.php?rest_route=%2Fwp%2Fv2%2Fcategories&post=622487"},{"taxonomy":"post_tag","embeddable":true,"href":"https:\/\/diariodominicano.com\/index.php?rest_route=%2Fwp%2Fv2%2Ftags&post=622487"}],"curies":[{"name":"wp","href":"https:\/\/api.w.org\/{rel}","templated":true}]}}