{"id":622220,"date":"2025-06-20T15:47:46","date_gmt":"2025-06-20T19:47:46","guid":{"rendered":"https:\/\/diariodominicano.com\/?p=622220"},"modified":"2025-06-20T15:48:07","modified_gmt":"2025-06-20T19:48:07","slug":"rd-define-equipo-para-campeonato-panamericano-de-softbol-femenino","status":"publish","type":"post","link":"https:\/\/diariodominicano.com\/?p=622220","title":{"rendered":"RD define equipo para Campeonato Panamericano de softbol femenino"},"content":{"rendered":"\n<p><strong>La justa da plaza para juegos regionales y el Mundial &nbsp;<\/strong><\/p>\n\n\n\n<p><strong>SANTO DOMINGO, Rep. Dom.<\/strong>&nbsp;La selecci\u00f3n de mayores de softbol femenino ser\u00e1 parte del grupo B, en el Campeonato Panamericano, donde tambi\u00e9n est\u00e1n ubicados los equipos de Cuba, M\u00e9xico, Brasil e Isla V\u00edrgenes.<\/p>\n\n\n\n<p>El ingeniero Garibaldy Bautista, presidente de la Federaci\u00f3n Dominicana de Softbol (Fedosa), y Fabio De Le\u00f3n S\u00e1nchez, coordinador general de selecciones Nacionales, indicaron que los dem\u00e1s equipos convocados al cl\u00e1sico son, en el grupo-A competir\u00e1n Canad\u00e1, Per\u00fa, Argentina, Colombia y Chile, mientras que en el C est\u00e1n convocados Puerto Rico, Venezuela, Guatemala, El Salvador y Aruba.<\/p>\n\n\n\n<figure class=\"wp-block-gallery has-nested-images columns-default is-cropped wp-block-gallery-1 is-layout-flex wp-block-gallery-is-layout-flex\">\n<figure class=\"wp-block-image size-large\"><img loading=\"lazy\" decoding=\"async\" width=\"840\" height=\"710\" data-id=\"622231\" src=\"https:\/\/diariodominicano.com\/wp-content\/uploads\/2025\/06\/Anyela-Gomez-lanzadora-estelar-de-la-seleccion-nacional-superior-de-softbol-femenino-de-la-Republica-Dominicana.jpg\" alt=\"\" class=\"wp-image-622231\" srcset=\"https:\/\/diariodominicano.com\/wp-content\/uploads\/2025\/06\/Anyela-Gomez-lanzadora-estelar-de-la-seleccion-nacional-superior-de-softbol-femenino-de-la-Republica-Dominicana.jpg 840w, https:\/\/diariodominicano.com\/wp-content\/uploads\/2025\/06\/Anyela-Gomez-lanzadora-estelar-de-la-seleccion-nacional-superior-de-softbol-femenino-de-la-Republica-Dominicana-300x254.jpg 300w, https:\/\/diariodominicano.com\/wp-content\/uploads\/2025\/06\/Anyela-Gomez-lanzadora-estelar-de-la-seleccion-nacional-superior-de-softbol-femenino-de-la-Republica-Dominicana-768x649.jpg 768w, https:\/\/diariodominicano.com\/wp-content\/uploads\/2025\/06\/Anyela-Gomez-lanzadora-estelar-de-la-seleccion-nacional-superior-de-softbol-femenino-de-la-Republica-Dominicana-816x690.jpg 816w\" sizes=\"auto, (max-width: 840px) 100vw, 840px\" \/><figcaption class=\"wp-element-caption\">Anyela G\u00f3mez, lanzadora estelar de la selecci\u00f3n nacional superior de softbol femenino de la Rep\u00fablica Dominicana, que va a la Copa Panamericana en Colombia, en busca de un lugar para los Juegos Panamericanos y la Copa Mundial (Fuente externa) <\/figcaption><\/figure>\n<\/figure>\n\n\n\n<h2 class=\"wp-block-heading\"><strong>La justa que organiza la&nbsp;WBSC-Softbol Am\u00e9rica, tendr\u00e1 como sede Monter\u00eda\/Colombia, estadio Jos\u00e9 Gabriel Am\u00edn Manzur y se efectuar\u00e1 del 27 de junio al 5 de julio y da la clasificaci\u00f3n para los Juegos Centroamericanos, donde estamos sembrados por ser sede, seis puestos a los pr\u00f3ximos Juegos Panamericanos y cinco al Mundial.<\/strong><\/h2>\n\n\n\n<p>Bautista y De Le\u00f3n indicaron que la selectiva criolla, ser\u00e1 dirigida por Juan Jos\u00e9 Brito y tendr\u00e1 como asistente a Kelvinson N\u00fa\u00f1ez; Francisco Garc\u00eda, ser\u00e1 coach de pitcheo, Yeyson Aragon\u00e9s Hern\u00e1ndez, fisioterapeuta.<\/p>\n\n\n\n<p>La delegaci\u00f3n la completan Pedro Luis Franco, director t\u00e9cnico de la Fedosa; Franklin Jos\u00e9 Peralta Jim\u00e9nez, delegado; Elvis Antonio V\u00e1squez N\u00fa\u00f1ez, \u00e1rbitro.<\/p>\n\n\n\n<p>El equipo estar\u00e1 compuesto por las lanzadoras Anyela G\u00f3mez, Melody Vizca\u00edno, Eduardo Rocha y\u00a0<strong>Cauris Rinc\u00f3n;<\/strong>\u00a0como receptoras Alondra V\u00e1squez y Yisel S\u00e1nchez, qui\u00e9n adem\u00e1s va como primera base.<\/p>\n\n\n\n<figure class=\"wp-block-gallery has-nested-images columns-default is-cropped wp-block-gallery-2 is-layout-flex wp-block-gallery-is-layout-flex\">\n<figure class=\"wp-block-image size-large\"><img loading=\"lazy\" decoding=\"async\" width=\"1025\" height=\"827\" data-id=\"622234\" src=\"https:\/\/diariodominicano.com\/wp-content\/uploads\/2025\/06\/Marianny-Caso-Guante-y-Emmy-Michel-Segura.jpg\" alt=\"\" class=\"wp-image-622234\" srcset=\"https:\/\/diariodominicano.com\/wp-content\/uploads\/2025\/06\/Marianny-Caso-Guante-y-Emmy-Michel-Segura.jpg 1025w, https:\/\/diariodominicano.com\/wp-content\/uploads\/2025\/06\/Marianny-Caso-Guante-y-Emmy-Michel-Segura-300x242.jpg 300w, https:\/\/diariodominicano.com\/wp-content\/uploads\/2025\/06\/Marianny-Caso-Guante-y-Emmy-Michel-Segura-768x620.jpg 768w, https:\/\/diariodominicano.com\/wp-content\/uploads\/2025\/06\/Marianny-Caso-Guante-y-Emmy-Michel-Segura-816x658.jpg 816w\" sizes=\"auto, (max-width: 1025px) 100vw, 1025px\" \/><figcaption class=\"wp-element-caption\">Marianny Cas\u00f3 Guante y Emmy Michel Segura tendr\u00e1n la responsabilidad de defender los jardines por la Rep\u00fablica Dominicana, en la Copa Panamericana de Softbol femenina, que ser\u00e1 del 27 de junio al 7 de julio en Colombia. (Fuente externa) <\/figcaption><\/figure>\n<\/figure>\n\n\n\n<p>El cuadro interior estar\u00e1 cubierto por&nbsp;<strong>Anabel Ulloa<\/strong>, Leah Brito, Felicia De los Santos, Yanela G\u00f3mez y Divina Checo; mientras que en los jardines ser\u00e1n cubiertos por Brianna Est\u00e9vez,&nbsp;<strong>Emmy Segura<\/strong>, Claudia Santana y&nbsp;<strong>Marianny Caso<\/strong>. Como reservas est\u00e1n Massiel Heredia, Katherine Sugilio, Deyki Dotel, Abigail Luis.<\/p>\n\n\n\n<p>El director t\u00e9cnico, Franco, indic\u00f3 que el conjunto sale a la ciudad de Sincelejo, Colombia, el viernes 20, para una serie de fogueo con el seleccionado local y el de Cuba, \u201cque ayudar\u00e1 a la ambientaci\u00f3n de las j\u00f3venes e integraci\u00f3n del conjunto, como \u00faltima etapa de preparaci\u00f3n\u201d, se\u00f1al\u00f3.<\/p>\n\n\n\n<p>De su lado Bautista y De Le\u00f3n se mostraron confiados en \u201cel buen papel que desarrollaremos, con miras al evento regional y mundialista y como una preparaci\u00f3n para los Juegos Centroamericanos y del Caribe, que ser\u00e1n en Santo Domingo en el 2026\u201d.<\/p>\n\n\n\n<p>aquilino rosario baez <a href=\"mailto:aquilinorosariobaez@gmail.com\">aquilinorosariobaez@gmail.com<\/a> <\/p>\n","protected":false},"excerpt":{"rendered":"<p>La justa da plaza para juegos regionales y el Mundial &nbsp; SANTO DOMINGO, Rep. Dom.&nbsp;La selecci\u00f3n de mayores de softbol femenino ser\u00e1 parte del grupo B, en el Campeonato Panamericano, donde tambi\u00e9n est\u00e1n ubicados los equipos de Cuba, M\u00e9xico, Brasil e Isla V\u00edrgenes. El ingeniero Garibaldy Bautista, presidente de la Federaci\u00f3n Dominicana de Softbol (Fedosa), [&hellip;]<\/p>\n","protected":false},"author":7,"featured_media":622234,"comment_status":"closed","ping_status":"closed","sticky":false,"template":"","format":"standard","meta":{"footnotes":""},"categories":[17],"tags":[2398],"class_list":["post-622220","post","type-post","status-publish","format-standard","has-post-thumbnail","hentry","category-deportes","tag-softbol"],"_links":{"self":[{"href":"https:\/\/diariodominicano.com\/index.php?rest_route=\/wp\/v2\/posts\/622220","targetHints":{"allow":["GET"]}}],"collection":[{"href":"https:\/\/diariodominicano.com\/index.php?rest_route=\/wp\/v2\/posts"}],"about":[{"href":"https:\/\/diariodominicano.com\/index.php?rest_route=\/wp\/v2\/types\/post"}],"author":[{"embeddable":true,"href":"https:\/\/diariodominicano.com\/index.php?rest_route=\/wp\/v2\/users\/7"}],"replies":[{"embeddable":true,"href":"https:\/\/diariodominicano.com\/index.php?rest_route=%2Fwp%2Fv2%2Fcomments&post=622220"}],"version-history":[{"count":1,"href":"https:\/\/diariodominicano.com\/index.php?rest_route=\/wp\/v2\/posts\/622220\/revisions"}],"predecessor-version":[{"id":622236,"href":"https:\/\/diariodominicano.com\/index.php?rest_route=\/wp\/v2\/posts\/622220\/revisions\/622236"}],"wp:featuredmedia":[{"embeddable":true,"href":"https:\/\/diariodominicano.com\/index.php?rest_route=\/wp\/v2\/media\/622234"}],"wp:attachment":[{"href":"https:\/\/diariodominicano.com\/index.php?rest_route=%2Fwp%2Fv2%2Fmedia&parent=622220"}],"wp:term":[{"taxonomy":"category","embeddable":true,"href":"https:\/\/diariodominicano.com\/index.php?rest_route=%2Fwp%2Fv2%2Fcategories&post=622220"},{"taxonomy":"post_tag","embeddable":true,"href":"https:\/\/diariodominicano.com\/index.php?rest_route=%2Fwp%2Fv2%2Ftags&post=622220"}],"curies":[{"name":"wp","href":"https:\/\/api.w.org\/{rel}","templated":true}]}}