{"id":622177,"date":"2025-06-20T13:13:54","date_gmt":"2025-06-20T17:13:54","guid":{"rendered":"https:\/\/diariodominicano.com\/?p=622177"},"modified":"2025-06-20T13:17:33","modified_gmt":"2025-06-20T17:17:33","slug":"republica-dominicana-se-incorpora-al-proyecto-satelital-de-hispasat-y-el-gobierno-espanol-para-impulsar-la-transformacion-digital-regional","status":"publish","type":"post","link":"https:\/\/diariodominicano.com\/?p=622177","title":{"rendered":"Rep\u00fablica Dominicana se incorpora al proyecto satelital de Hispasat y el gobierno espa\u00f1ol para impulsar la transformaci\u00f3n digital regional"},"content":{"rendered":"\n<p><em>Rep\u00fablica Dominicana podr\u00e1 participar en este proyecto, que fortalece la soberan\u00eda estrat\u00e9gica del pa\u00eds y asegura el acceso a internet de alta calidad y otros servicios digitales esenciales de forma independiente y aut\u00f3noma.<\/em><\/p>\n\n\n\n<p><em>Con esta firma, ya son siete las regiones de Am\u00e9rica Latina que eval\u00faan su participaci\u00f3n en este ambicioso proyecto: Colombia, Brasil, Guatemala, Costa Rica, Paraguay, la Comunidad del Caribe (CARICOM) y ahora Rep\u00fablica Dominicana.<\/em><\/p>\n\n\n\n<p><em>Esta iniciativa se enmarca en la &#8216;Alianza Digital&#8217; entre la Uni\u00f3n Europea y los pa\u00edses de Am\u00e9rica Latina y el Caribe, impulsada por la estrategia Global Gateway de la Uni\u00f3n Europea.<\/em><\/p>\n\n\n\n<figure class=\"wp-block-gallery has-nested-images columns-default is-cropped wp-block-gallery-1 is-layout-flex wp-block-gallery-is-layout-flex\">\n<figure class=\"wp-block-image size-large\"><img loading=\"lazy\" decoding=\"async\" width=\"1024\" height=\"683\" data-id=\"622191\" src=\"https:\/\/diariodominicano.com\/wp-content\/uploads\/2025\/06\/Republica-Dominicana-se-incorpora-al-proyecto-satelital-Hispasat-y-el-gobierno-espanol-1024x683.jpg\" alt=\"\" class=\"wp-image-622191\" srcset=\"https:\/\/diariodominicano.com\/wp-content\/uploads\/2025\/06\/Republica-Dominicana-se-incorpora-al-proyecto-satelital-Hispasat-y-el-gobierno-espanol-1024x683.jpg 1024w, https:\/\/diariodominicano.com\/wp-content\/uploads\/2025\/06\/Republica-Dominicana-se-incorpora-al-proyecto-satelital-Hispasat-y-el-gobierno-espanol-300x200.jpg 300w, https:\/\/diariodominicano.com\/wp-content\/uploads\/2025\/06\/Republica-Dominicana-se-incorpora-al-proyecto-satelital-Hispasat-y-el-gobierno-espanol-768x512.jpg 768w, https:\/\/diariodominicano.com\/wp-content\/uploads\/2025\/06\/Republica-Dominicana-se-incorpora-al-proyecto-satelital-Hispasat-y-el-gobierno-espanol-816x544.jpg 816w, https:\/\/diariodominicano.com\/wp-content\/uploads\/2025\/06\/Republica-Dominicana-se-incorpora-al-proyecto-satelital-Hispasat-y-el-gobierno-espanol.jpg 1056w\" sizes=\"auto, (max-width: 1024px) 100vw, 1024px\" \/><\/figure>\n<\/figure>\n\n\n\n<p><strong>Madrid, 20 de junio de 2025. \u2013<\/strong>\u00a0El Instituto Dominicano de las Telecomunicaciones (INDOTEL), en colaboraci\u00f3n con la Embajada de la Rep\u00fablica Dominicana ante el Reino de Espa\u00f1a, firm\u00f3 este mi\u00e9rcoles un Memorando de Entendimiento (MoU) con el Ministerio de Econom\u00eda, Comercio y Empresa de Espa\u00f1a \u2014a trav\u00e9s de la Secretar\u00eda de Estado de Comercio\u2014 y la empresa espa\u00f1ola Hispasat, con el objetivo de explorar la participaci\u00f3n del Estado dominicano en un innovador proyecto de infraestructura satelital compartida. El acto oficial se celebr\u00f3 en la sede del Ministerio de Econom\u00eda, en Madrid.<\/p>\n\n\n\n<figure class=\"wp-block-gallery has-nested-images columns-default is-cropped wp-block-gallery-2 is-layout-flex wp-block-gallery-is-layout-flex\">\n<figure class=\"wp-block-image size-large\"><img loading=\"lazy\" decoding=\"async\" width=\"1024\" height=\"683\" data-id=\"622190\" src=\"https:\/\/diariodominicano.com\/wp-content\/uploads\/2025\/06\/Republica-Dominicana-se-incorpora-al-proyecto-satelital-de-Hispasat-y-el-gobierno-espanol-1024x683.jpg\" alt=\"\" class=\"wp-image-622190\" srcset=\"https:\/\/diariodominicano.com\/wp-content\/uploads\/2025\/06\/Republica-Dominicana-se-incorpora-al-proyecto-satelital-de-Hispasat-y-el-gobierno-espanol-1024x683.jpg 1024w, https:\/\/diariodominicano.com\/wp-content\/uploads\/2025\/06\/Republica-Dominicana-se-incorpora-al-proyecto-satelital-de-Hispasat-y-el-gobierno-espanol-300x200.jpg 300w, https:\/\/diariodominicano.com\/wp-content\/uploads\/2025\/06\/Republica-Dominicana-se-incorpora-al-proyecto-satelital-de-Hispasat-y-el-gobierno-espanol-768x512.jpg 768w, https:\/\/diariodominicano.com\/wp-content\/uploads\/2025\/06\/Republica-Dominicana-se-incorpora-al-proyecto-satelital-de-Hispasat-y-el-gobierno-espanol-816x544.jpg 816w, https:\/\/diariodominicano.com\/wp-content\/uploads\/2025\/06\/Republica-Dominicana-se-incorpora-al-proyecto-satelital-de-Hispasat-y-el-gobierno-espanol.jpg 1056w\" sizes=\"auto, (max-width: 1024px) 100vw, 1024px\" \/><\/figure>\n<\/figure>\n\n\n\n<p>Este acuerdo permitir\u00e1 a Rep\u00fablica Dominicana integrarse en un programa regional de telecomunicaciones satelitales que busca dotar al pa\u00eds de una infraestructura digital soberana. Esta iniciativa permitir\u00e1 mejorar significativamente la conectividad en zonas remotas y de dif\u00edcil acceso, al tiempo que se potencia la autonom\u00eda tecnol\u00f3gica del pa\u00eds en la gesti\u00f3n de pol\u00edticas p\u00fablicas.<\/p>\n\n\n\n<p>El acto de firma cont\u00f3 con la participaci\u00f3n de la secretar\u00eda de Estado de Comercio de Espa\u00f1a, Amparo L\u00f3pez Senovilla; el presidente del Instituto Dominicano de las Telecomunicaciones (INDOTEL), Guido G\u00f3mez Mazara; y el presidente de Hispasat, Pedro Duque.<\/p>\n\n\n\n<p>Tambi\u00e9n particip\u00f3 el Embajador Extraordinario y Plenipotenciario de Rep\u00fablica Dominicana ante el Reino de Espa\u00f1a, Excmo. Sr. Tony Raful Tejada, y el ministro consejero, Sr. Ram\u00f3n Burgos, quienes reafirmaron la misi\u00f3n estrat\u00e9gica de este acuerdo para el desarrollo digital y la soberan\u00eda tecnol\u00f3gica del pa\u00eds.<\/p>\n\n\n\n<p>Este innovador proyecto propone la adquisici\u00f3n y gesti\u00f3n conjunta de infraestructura satelital por parte de los pa\u00edses participantes. Cada Estado dispondr\u00e1 de un segmento espacial espec\u00edfico dentro del sat\u00e9lite, as\u00ed como de su propio telepuerto, o segmento terrestre, para garantizar la soberan\u00eda en la gesti\u00f3n de los datos transmitidos.<\/p>\n\n\n\n<p>Gracias a esta tecnolog\u00eda, se podr\u00e1 ofrecer conectividad de alta calidad incluso en aquellas zonas donde las redes tradicionales no llegan, o donde su despliegue resulta inviable econ\u00f3micamente. Servicios clave como la educaci\u00f3n a distancia, la telemedicina y otros servicios digitales esenciales se ver\u00e1n fortalecidos con esta conectividad satelital.<\/p>\n\n\n\n<p>Con la adhesi\u00f3n de Rep\u00fablica Dominicana, ya son siete las regiones latinoamericanas que se han incorporado a los estudios preliminares de este proyecto compartido. La iniciativa se encuentra alineada con la &#8216;Alianza Digital&#8217; entre la Uni\u00f3n Europea y Am\u00e9rica Latina y el Caribe, impulsada por la estrategia Global Gateway de la Comisi\u00f3n Europea, y tiene como objetivo com\u00fan reducir la brecha digital en el continente mediante soluciones sostenibles y de calidad.<\/p>\n\n\n\n<p><strong>Secci\u00f3n de comunicaci\u00f3n y prensa<\/strong><\/p>\n\n\n\n<p>Embajada de RD en Espa\u00f1a<\/p>\n\n\n\n<p>Diana Infante Qui\u00f1ones <a href=\"mailto:dinfante@embajadadominicana.es\">dinfante@embajadadominicana.es<\/a><\/p>\n","protected":false},"excerpt":{"rendered":"<p>Rep\u00fablica Dominicana podr\u00e1 participar en este proyecto, que fortalece la soberan\u00eda estrat\u00e9gica del pa\u00eds y asegura el acceso a internet de alta calidad y otros servicios digitales esenciales de forma independiente y aut\u00f3noma. Con esta firma, ya son siete las regiones de Am\u00e9rica Latina que eval\u00faan su participaci\u00f3n en este ambicioso proyecto: Colombia, Brasil, Guatemala, [&hellip;]<\/p>\n","protected":false},"author":7,"featured_media":622192,"comment_status":"closed","ping_status":"closed","sticky":false,"template":"","format":"standard","meta":{"footnotes":""},"categories":[23],"tags":[2731,197],"class_list":["post-622177","post","type-post","status-publish","format-standard","has-post-thumbnail","hentry","category-internacional","tag-hispasat","tag-republica-dominicana"],"_links":{"self":[{"href":"https:\/\/diariodominicano.com\/index.php?rest_route=\/wp\/v2\/posts\/622177","targetHints":{"allow":["GET"]}}],"collection":[{"href":"https:\/\/diariodominicano.com\/index.php?rest_route=\/wp\/v2\/posts"}],"about":[{"href":"https:\/\/diariodominicano.com\/index.php?rest_route=\/wp\/v2\/types\/post"}],"author":[{"embeddable":true,"href":"https:\/\/diariodominicano.com\/index.php?rest_route=\/wp\/v2\/users\/7"}],"replies":[{"embeddable":true,"href":"https:\/\/diariodominicano.com\/index.php?rest_route=%2Fwp%2Fv2%2Fcomments&post=622177"}],"version-history":[{"count":1,"href":"https:\/\/diariodominicano.com\/index.php?rest_route=\/wp\/v2\/posts\/622177\/revisions"}],"predecessor-version":[{"id":622194,"href":"https:\/\/diariodominicano.com\/index.php?rest_route=\/wp\/v2\/posts\/622177\/revisions\/622194"}],"wp:featuredmedia":[{"embeddable":true,"href":"https:\/\/diariodominicano.com\/index.php?rest_route=\/wp\/v2\/media\/622192"}],"wp:attachment":[{"href":"https:\/\/diariodominicano.com\/index.php?rest_route=%2Fwp%2Fv2%2Fmedia&parent=622177"}],"wp:term":[{"taxonomy":"category","embeddable":true,"href":"https:\/\/diariodominicano.com\/index.php?rest_route=%2Fwp%2Fv2%2Fcategories&post=622177"},{"taxonomy":"post_tag","embeddable":true,"href":"https:\/\/diariodominicano.com\/index.php?rest_route=%2Fwp%2Fv2%2Ftags&post=622177"}],"curies":[{"name":"wp","href":"https:\/\/api.w.org\/{rel}","templated":true}]}}