{"id":622176,"date":"2025-06-20T13:04:49","date_gmt":"2025-06-20T17:04:49","guid":{"rendered":"https:\/\/diariodominicano.com\/?p=622176"},"modified":"2025-06-20T13:04:53","modified_gmt":"2025-06-20T17:04:53","slug":"congresista-espaillat-asegura-no-temer-tras-asesinato-de-legisladora-en-minnesota-y-ataques-a-funcionarios-en-ee-uu-uu","status":"publish","type":"post","link":"https:\/\/diariodominicano.com\/?p=622176","title":{"rendered":"Congresista Espaillat asegura no temer tras asesinato de legisladora en Minnesota y ataques a funcionarios en EE.UU. UU."},"content":{"rendered":"\n<p><strong>Por Ram\u00f3n Mercedes<\/strong><\/p>\n\n\n\n<p><strong>NUEVA YORK.-<\/strong>&nbsp;Ante el hallazgo de una lista con nombres de legisladores y funcionarios en poder de Vance Boelter, de 57 a\u00f1os -sospechoso de asesinar a tiros a la representante estatal dem\u00f3crata de Minnesota Melissa Hortman ya su esposo, as\u00ed como de herir al senador estatal John Hoffman ya su esposa-, el congresista por el distrito 13 de NY, Adriano Espaillat, asegur\u00f3 que no tiene miedo.<\/p>\n\n\n\n<p>\u201cSoy neoyorquino, tengo 28 a\u00f1os representando esta comunidad en el Alto Manhattan, camino por sus calles porque es mi vecindario desde que ten\u00eda 9 a\u00f1os, y el d\u00eda que me sienta con alg\u00fan temor me retirar\u00e9 de todo esto\u201d, precis\u00f3 Espaillat.<\/p>\n\n\n\n<p>El violento ataque perpetrado por Boelter conmocion\u00f3 a Minnesota: Melissa Hortman y su esposo murieron a causa de los disparos, mientras que el senador estatal John Hoffman, de Champlin, y su esposa resultaron heridos.<\/p>\n\n\n\n<p>En medio de un clima de creciente tensi\u00f3n pol\u00edtica y ataques a funcionarios p\u00fablicos, tambi\u00e9n se han producido acciones controversiales por parte de autoridades federales de inmigraci\u00f3n.<\/p>\n\n\n\n<p>En California, el senador federal Alex Padilla, primer y \u00fanico latino en ocupar ese cargo en el estado, fue detenido de forma violenta por agentes de inmigraci\u00f3n cuando intentaba cuestionar a la secretar\u00eda de Seguridad Nacional, Kristi Noem, durante una conferencia de prensa sobre pol\u00edticas migratorias.<\/p>\n\n\n\n<p>En Nueva York, el contralor y candidato a la Alcald\u00eda, Brad Lander, fue esposado por agentes del ICE mientras acompa\u00f1aba a un inmigrante tras una audiencia judicial. Lander se interpuso entre los agentes y el inmigrante, exigiendo ver una orden judicial y las identificaciones oficiales. Al negarse a permitir la detenci\u00f3n sin una orden, fue empujado contra la pared, esposado y puesto bajo custodia.<\/p>\n\n\n\n<p>Tambi\u00e9n el alcalde de Newark, Ras Baraka, fue arrestado el mes pasado en un centro de detenci\u00f3n federal donde protestaba por su reapertura. Fue acusado de entrar sin autorizaci\u00f3n y detenido durante varias horas.<\/p>\n\n\n\n<p>A principios de este mes, los congresistas dem\u00f3cratas Adriano Espaillat y Nydia Vel\u00e1zquez (D-12) acudieron al edificio 26 de Federal Plaza, en Manhattan, ante denuncias sobre condiciones infrahumanas en que se encontraban detenidos varios inmigrantes.<\/p>\n\n\n\n<p>Las autoridades impidieron que los legisladores pudieran ver a los detenidos e inspeccionar el lugar, pese a que, como legisladores, tiene ese derecho.<\/p>\n\n\n\n<p>Pese a estos incidentes, el congresista Espaillat reafirma su compromiso con los inmigrantes: \u00abSeguiremos ofreci\u00e9ndoles orientaci\u00f3n legal a quienes acuden a nuestras oficinas. Es un compromiso con los m\u00e1s vulnerables y necesitados\u00bb, subray\u00f3.<\/p>\n\n\n\n<figure class=\"wp-block-embed is-type-video is-provider-youtube wp-block-embed-youtube wp-embed-aspect-16-9 wp-has-aspect-ratio\"><div class=\"wp-block-embed__wrapper\">\n<iframe loading=\"lazy\" title=\"Congresista Espaillat asegura no temer tras asesinato de legisladora en Minnesota..\" width=\"616\" height=\"347\" src=\"https:\/\/www.youtube.com\/embed\/WvBgyilbevM?feature=oembed\" frameborder=\"0\" allow=\"accelerometer; autoplay; clipboard-write; encrypted-media; gyroscope; picture-in-picture; web-share\" referrerpolicy=\"strict-origin-when-cross-origin\" allowfullscreen><\/iframe>\n<\/div><\/figure>\n","protected":false},"excerpt":{"rendered":"<p>Por Ram\u00f3n Mercedes NUEVA YORK.-&nbsp;Ante el hallazgo de una lista con nombres de legisladores y funcionarios en poder de Vance Boelter, de 57 a\u00f1os -sospechoso de asesinar a tiros a la representante estatal dem\u00f3crata de Minnesota Melissa Hortman ya su esposo, as\u00ed como de herir al senador estatal John Hoffman ya su esposa-, el congresista [&hellip;]<\/p>\n","protected":false},"author":7,"featured_media":622182,"comment_status":"closed","ping_status":"closed","sticky":false,"template":"","format":"standard","meta":{"footnotes":""},"categories":[23],"tags":[181],"class_list":["post-622176","post","type-post","status-publish","format-standard","has-post-thumbnail","hentry","category-internacional","tag-ramon-mercedes"],"_links":{"self":[{"href":"https:\/\/diariodominicano.com\/index.php?rest_route=\/wp\/v2\/posts\/622176","targetHints":{"allow":["GET"]}}],"collection":[{"href":"https:\/\/diariodominicano.com\/index.php?rest_route=\/wp\/v2\/posts"}],"about":[{"href":"https:\/\/diariodominicano.com\/index.php?rest_route=\/wp\/v2\/types\/post"}],"author":[{"embeddable":true,"href":"https:\/\/diariodominicano.com\/index.php?rest_route=\/wp\/v2\/users\/7"}],"replies":[{"embeddable":true,"href":"https:\/\/diariodominicano.com\/index.php?rest_route=%2Fwp%2Fv2%2Fcomments&post=622176"}],"version-history":[{"count":1,"href":"https:\/\/diariodominicano.com\/index.php?rest_route=\/wp\/v2\/posts\/622176\/revisions"}],"predecessor-version":[{"id":622187,"href":"https:\/\/diariodominicano.com\/index.php?rest_route=\/wp\/v2\/posts\/622176\/revisions\/622187"}],"wp:featuredmedia":[{"embeddable":true,"href":"https:\/\/diariodominicano.com\/index.php?rest_route=\/wp\/v2\/media\/622182"}],"wp:attachment":[{"href":"https:\/\/diariodominicano.com\/index.php?rest_route=%2Fwp%2Fv2%2Fmedia&parent=622176"}],"wp:term":[{"taxonomy":"category","embeddable":true,"href":"https:\/\/diariodominicano.com\/index.php?rest_route=%2Fwp%2Fv2%2Fcategories&post=622176"},{"taxonomy":"post_tag","embeddable":true,"href":"https:\/\/diariodominicano.com\/index.php?rest_route=%2Fwp%2Fv2%2Ftags&post=622176"}],"curies":[{"name":"wp","href":"https:\/\/api.w.org\/{rel}","templated":true}]}}