{"id":622175,"date":"2025-06-20T13:06:35","date_gmt":"2025-06-20T17:06:35","guid":{"rendered":"https:\/\/diariodominicano.com\/?p=622175"},"modified":"2025-06-20T13:06:40","modified_gmt":"2025-06-20T17:06:40","slug":"este-viernes-inicia-verano-en-usa-con-intensos-calorias-en-nyc-dominicanos-dicen-estar-preparados","status":"publish","type":"post","link":"https:\/\/diariodominicano.com\/?p=622175","title":{"rendered":"Este viernes inicia verano en USA con intensos calor\u00edas en NYC; dominicanos dicen estar preparados"},"content":{"rendered":"\n<p><strong>Por Ram\u00f3n Mercedes<\/strong><\/p>\n\n\n\n<p><strong>NUEVA YORK.-<\/strong>&nbsp;El inicio oficial del verano inicia este viernes 20 en los Estados Unidos, a las 9:42 pm, hora del centro en territorio estadounidense, de acuerdo con The Old Farmer&#8217;s Almanac, al ocurrir el solsticio, el punto en la \u00f3rbita de la Tierra donde el sol ilumina m\u00e1s que ning\u00fan otro d\u00eda, explica la NASA. Adem\u00e1s, hoy ser\u00e1 el d\u00eda solar m\u00e1s largo del a\u00f1o.<\/p>\n\n\n\n<p>Dominicanos en los diferentes condados de la ciudad dicen estar preparados para esperar la estaci\u00f3n m\u00e1s calurosa del a\u00f1o.<\/p>\n\n\n\n<p>El verano es la estaci\u00f3n m\u00e1s calurosa. El Servicio Meteorol\u00f3gico Nacional de los Estados Unidos indica que la Gran Manzana sufrir\u00e1 un calor intenso que rondar\u00e1n los 95 grados este fin de semana y para el lunes los 100 grados F.<\/p>\n\n\n\n<p>El calor extremo mata a cientos de neoyorquinos cada a\u00f1o, seg\u00fan datos municipales. Un informe reciente del contralor municipal, Brad Lander, revel\u00f3 que el 30% padecen inseguridad energ\u00e9tica, lo que significa que no pueden satisfacer sus necesidades energ\u00e9ticas.<\/p>\n\n\n\n<p>Las cuatro estaciones del a\u00f1o son las que determinan el clima, el ecosistema y las horas de luz del d\u00eda a lo largo del a\u00f1o.<\/p>\n\n\n\n<p><strong>Primavera:<\/strong>&nbsp;Inicia el 20 de marzo de 2025 a las 23:06 y dura hasta el 20 de junio de 2025 a las 16:51 (93 d\u00edas).&nbsp;<strong>Verano:<\/strong>&nbsp;El 20 de junio de 2025 a las 16:51 y dura hasta el 22 de septiembre de 2025 a las 08:44 (93 d\u00edas).<\/p>\n\n\n\n<p>Asimismo, el&nbsp;<strong>Oto\u00f1o:<\/strong>&nbsp;Inicia el 22 de septiembre de 2025 a las 8:44 am y dura hasta el 21 de diciembre de 2025 a las 4:21 am (93 d\u00edas).&nbsp;<strong>Invierno:<\/strong>&nbsp;El 21 de diciembre de 2025 a las 4:21 am y dura hasta el 20 de marzo de 2026 a las 5:01 am (93 d\u00edas).<\/p>\n","protected":false},"excerpt":{"rendered":"<p>Por Ram\u00f3n Mercedes NUEVA YORK.-&nbsp;El inicio oficial del verano inicia este viernes 20 en los Estados Unidos, a las 9:42 pm, hora del centro en territorio estadounidense, de acuerdo con The Old Farmer&#8217;s Almanac, al ocurrir el solsticio, el punto en la \u00f3rbita de la Tierra donde el sol ilumina m\u00e1s que ning\u00fan otro d\u00eda, [&hellip;]<\/p>\n","protected":false},"author":7,"featured_media":622182,"comment_status":"closed","ping_status":"closed","sticky":false,"template":"","format":"standard","meta":{"footnotes":""},"categories":[23],"tags":[181],"class_list":["post-622175","post","type-post","status-publish","format-standard","has-post-thumbnail","hentry","category-internacional","tag-ramon-mercedes"],"_links":{"self":[{"href":"https:\/\/diariodominicano.com\/index.php?rest_route=\/wp\/v2\/posts\/622175","targetHints":{"allow":["GET"]}}],"collection":[{"href":"https:\/\/diariodominicano.com\/index.php?rest_route=\/wp\/v2\/posts"}],"about":[{"href":"https:\/\/diariodominicano.com\/index.php?rest_route=\/wp\/v2\/types\/post"}],"author":[{"embeddable":true,"href":"https:\/\/diariodominicano.com\/index.php?rest_route=\/wp\/v2\/users\/7"}],"replies":[{"embeddable":true,"href":"https:\/\/diariodominicano.com\/index.php?rest_route=%2Fwp%2Fv2%2Fcomments&post=622175"}],"version-history":[{"count":1,"href":"https:\/\/diariodominicano.com\/index.php?rest_route=\/wp\/v2\/posts\/622175\/revisions"}],"predecessor-version":[{"id":622188,"href":"https:\/\/diariodominicano.com\/index.php?rest_route=\/wp\/v2\/posts\/622175\/revisions\/622188"}],"wp:featuredmedia":[{"embeddable":true,"href":"https:\/\/diariodominicano.com\/index.php?rest_route=\/wp\/v2\/media\/622182"}],"wp:attachment":[{"href":"https:\/\/diariodominicano.com\/index.php?rest_route=%2Fwp%2Fv2%2Fmedia&parent=622175"}],"wp:term":[{"taxonomy":"category","embeddable":true,"href":"https:\/\/diariodominicano.com\/index.php?rest_route=%2Fwp%2Fv2%2Fcategories&post=622175"},{"taxonomy":"post_tag","embeddable":true,"href":"https:\/\/diariodominicano.com\/index.php?rest_route=%2Fwp%2Fv2%2Ftags&post=622175"}],"curies":[{"name":"wp","href":"https:\/\/api.w.org\/{rel}","templated":true}]}}