{"id":622174,"date":"2025-06-20T12:57:54","date_gmt":"2025-06-20T16:57:54","guid":{"rendered":"https:\/\/diariodominicano.com\/?p=622174"},"modified":"2025-06-20T12:57:58","modified_gmt":"2025-06-20T16:57:58","slug":"cuomo-cuando-gane-la-alcaldia-nyc-anularia-orden-ejecutiva-alcalde-adams-dominicanos-lo-valoran","status":"publish","type":"post","link":"https:\/\/diariodominicano.com\/?p=622174","title":{"rendered":"Cuomo: Cuando gane la alcald\u00eda NYC anular\u00eda orden ejecutiva alcalde Adams; dominicanos lo valoran"},"content":{"rendered":"\n<p><strong>Por Ram\u00f3n Mercedes<\/strong><\/p>\n\n\n\n<p><strong>NUEVA YORK.-<\/strong>&nbsp;Los dominicanos residentes en El Bronx se manifestaron valorar lo planteado por el ex gobernador de NY, Andrew Cuomo, de que cuando gane las elecciones del pr\u00f3ximo 4 de noviembre anular\u00eda la orden ejecutiva del alcalde Eric Adams.<\/p>\n\n\n\n<p>Los quisqueyanos en El Bronx, lugar donde residen m\u00e1s de 500 mil y cientos de millas de ellos con derecho al voto en USA, manifestaron valorar su posici\u00f3n a favor de los inmigrantes en la Gran Manzana.<\/p>\n\n\n\n<p>Se comprometi\u00f3 a respetar las leyes de Santuario en NYC. Estas leyes proh\u00edben a la ciudad cooperar con el Servicio de Inmigraci\u00f3n en la mayor\u00eda de los asuntos no penales.<\/p>\n\n\n\n<p>\u00abNo se puede aprobar una orden ejecutiva que sea incompatible con la ley\u00bb, dijo el candidato, refiri\u00e9ndose a la orden que potencialmente viola las leyes Santuario de NYC.<\/p>\n\n\n\n<p>Cuomo repiti\u00f3 las acusaciones generalizadas de que Adams hab\u00eda \u00abllegado a un acuerdo con Trump\u00bb , afirmando que hab\u00eda accedido a cooperar con la ofensiva migratoria del presidente Trump a cambio de que el Departamento de Justicia desestimara su caso federal de corrupci\u00f3n.<\/p>\n\n\n\n<p>La administraci\u00f3n Trump ha comenzado a arrestar a inmigrantes indocumentados en los tribunales federales de inmigraci\u00f3n de NYC cuando los reci\u00e9n llegados asisten a las audiencias judiciales obligatorias, ha dicho.<\/p>\n\n\n\n<p>Sin entrar en detalles, Cuomo afirm\u00f3 que no cree que Trump pueda hacer lo mismo en Nueva York si es elegido alcalde.<\/p>\n","protected":false},"excerpt":{"rendered":"<p>Por Ram\u00f3n Mercedes NUEVA YORK.-&nbsp;Los dominicanos residentes en El Bronx se manifestaron valorar lo planteado por el ex gobernador de NY, Andrew Cuomo, de que cuando gane las elecciones del pr\u00f3ximo 4 de noviembre anular\u00eda la orden ejecutiva del alcalde Eric Adams. Los quisqueyanos en El Bronx, lugar donde residen m\u00e1s de 500 mil y [&hellip;]<\/p>\n","protected":false},"author":7,"featured_media":622181,"comment_status":"closed","ping_status":"closed","sticky":false,"template":"","format":"standard","meta":{"footnotes":""},"categories":[23],"tags":[181],"class_list":["post-622174","post","type-post","status-publish","format-standard","has-post-thumbnail","hentry","category-internacional","tag-ramon-mercedes"],"_links":{"self":[{"href":"https:\/\/diariodominicano.com\/index.php?rest_route=\/wp\/v2\/posts\/622174","targetHints":{"allow":["GET"]}}],"collection":[{"href":"https:\/\/diariodominicano.com\/index.php?rest_route=\/wp\/v2\/posts"}],"about":[{"href":"https:\/\/diariodominicano.com\/index.php?rest_route=\/wp\/v2\/types\/post"}],"author":[{"embeddable":true,"href":"https:\/\/diariodominicano.com\/index.php?rest_route=\/wp\/v2\/users\/7"}],"replies":[{"embeddable":true,"href":"https:\/\/diariodominicano.com\/index.php?rest_route=%2Fwp%2Fv2%2Fcomments&post=622174"}],"version-history":[{"count":1,"href":"https:\/\/diariodominicano.com\/index.php?rest_route=\/wp\/v2\/posts\/622174\/revisions"}],"predecessor-version":[{"id":622186,"href":"https:\/\/diariodominicano.com\/index.php?rest_route=\/wp\/v2\/posts\/622174\/revisions\/622186"}],"wp:featuredmedia":[{"embeddable":true,"href":"https:\/\/diariodominicano.com\/index.php?rest_route=\/wp\/v2\/media\/622181"}],"wp:attachment":[{"href":"https:\/\/diariodominicano.com\/index.php?rest_route=%2Fwp%2Fv2%2Fmedia&parent=622174"}],"wp:term":[{"taxonomy":"category","embeddable":true,"href":"https:\/\/diariodominicano.com\/index.php?rest_route=%2Fwp%2Fv2%2Fcategories&post=622174"},{"taxonomy":"post_tag","embeddable":true,"href":"https:\/\/diariodominicano.com\/index.php?rest_route=%2Fwp%2Fv2%2Ftags&post=622174"}],"curies":[{"name":"wp","href":"https:\/\/api.w.org\/{rel}","templated":true}]}}