{"id":621931,"date":"2025-06-18T16:06:17","date_gmt":"2025-06-18T20:06:17","guid":{"rendered":"https:\/\/diariodominicano.com\/?p=621931"},"modified":"2025-06-18T23:49:21","modified_gmt":"2025-06-19T03:49:21","slug":"apb-celebrara-el-vi-foro-del-mercado-de-valores-con-un-enfoque-en-la-volatilidad-economica-global-impacto-y-oportunidades-en-mercados-rep-dom","status":"publish","type":"post","link":"https:\/\/diariodominicano.com\/?p=621931","title":{"rendered":"Sheinbaum plante\u00f3 en G7 importancia de paz y prosperidad compartida"},"content":{"rendered":"\n<p>Ciudad de M\u00e9xico, 18 jun (Prensa Latina) La presidenta de M\u00e9xico, Claudia Sheinbaum, dijo hoy que en la plenaria del G7 en Canad\u00e1 abord\u00f3 la importancia de la paz, la prosperidad compartida y plante\u00f3 la posibilidad de realizar una Cumbre Econ\u00f3mica para el Bienestar.<\/p>\n\n\n\n<ul class=\"wp-block-list\">\n<li><a href=\"https:\/\/www.prensa-latina.cu\/2025\/06\/18\/\"><time>junio 18, 2025 | 13:13<\/time><\/a><\/li>\n<\/ul>\n\n\n\n<ul class=\"wp-block-list\">\n<li><a href=\"https:\/\/www.prensa-latina.cu\/2025\/06\/18\/sheinbaum-planteo-en-g7-importancia-de-paz-y-prosperidad-compartida\/#\"><\/a><\/li>\n\n\n\n<li><a href=\"https:\/\/www.prensa-latina.cu\/2025\/06\/18\/sheinbaum-planteo-en-g7-importancia-de-paz-y-prosperidad-compartida\/#\"><\/a><\/li>\n\n\n\n<li><a href=\"https:\/\/www.prensa-latina.cu\/2025\/06\/18\/sheinbaum-planteo-en-g7-importancia-de-paz-y-prosperidad-compartida\/#\"><\/a><\/li>\n\n\n\n<li><a href=\"https:\/\/www.prensa-latina.cu\/2025\/06\/18\/sheinbaum-planteo-en-g7-importancia-de-paz-y-prosperidad-compartida\/#\"><\/a><\/li>\n<\/ul>\n\n\n\n<p>\u201cEn la plenaria hicimos un planteamiento general sobre la paz, pues m\u00e1s en estos momentos\u201d, dijo la jefa del Ejecutivo en su habitual conferencia de prensa, luego de participar como invitada en la reuni\u00f3n del G7 celebrada en Canad\u00e1.<\/p>\n\n\n\n<p>Se\u00f1al\u00f3 que el tema era esencialmente transici\u00f3n, soberan\u00eda y seguridad energ\u00e9ticas y asuntos de inteligencia artificial, pero dedic\u00f3 una buena parte de su intervenci\u00f3n a la importancia de la paz y de la prosperidad compartida.<\/p>\n\n\n\n<p>La relevancia \u201cde poner todos los esfuerzos para la construcci\u00f3n de la paz, de la importancia de la pol\u00edtica para poder hacer los acuerdos de paz\u201d, destac\u00f3 la mandataria, al anunciar igualmente su propuesta de una Cumbre Econ\u00f3mica para el Bienestar.<\/p>\n\n\n\n<p>\u201cYa la tenemos acordada con Celac, que est\u00e1 vi\u00e9ndose la fecha, ya sea otra o esa misma que se invite a pa\u00edses del G7 y otros, porque finalmente lo que va a permitir la paz duradera, es el bienestar de todos los habitantes de nuestro planeta\u201d, consider\u00f3.<\/p>\n\n\n\n<p>Por lo pronto, seg\u00fan precis\u00f3, en t\u00e9rminos de la Cumbre con la Comunidad de Estados Latinoamericanos y Caribe\u00f1os (Celac), \u201clo est\u00e1 viendo el presidente (de Colombia, Gustavo) Petro para ver las fechas y cu\u00e1ndo ser\u00eda, y la sede tambi\u00e9n\u201d.<\/p>\n\n\n\n<p>\u201cNosotros podr\u00edamos poner M\u00e9xico como la sede, pero est\u00e1 a definirse. Y lo importante es la posici\u00f3n que siempre ha tenido M\u00e9xico en todos los foros internacionales, de construcci\u00f3n de la paz y respeto a las soberan\u00edas\u201d, recalc\u00f3 la dignataria.<\/p>\n\n\n\n<p>Durante la Cumbre en Kananaskis, provincia de Alberta, Sheinbaum sostuvo tambi\u00e9n encuentros bilaterales con l\u00edderes como el primer ministro de Canad\u00e1, Mark Carney; el presidente de Brasil, Luiz In\u00e1cio Lula da Silva, y el primer ministro de la India, Narendra Modi.<\/p>\n\n\n\n<p>Adem\u00e1s, se reuni\u00f3 con el presidente del Consejo Europeo, Ant\u00f3nio Costa, y la presidenta de la Comisi\u00f3n Europea, Ursula von der Leyen, para dialogar sobre la actualizaci\u00f3n del tratado comercial bilateral e invit\u00f3 a esta \u00faltima a visitar M\u00e9xico.<\/p>\n\n\n\n<p>Ayer Sheinbaum ten\u00eda previsto un encuentro con Trump, pero el republicano anunci\u00f3 que abandonar\u00eda anticipadamente la Cumbre ante el empeoramiento de la situaci\u00f3n en Medio Oriente.<\/p>\n\n\n\n<p>No obstante, ambos sostuvieron una llamada telef\u00f3nica calificada por la dignataria como \u201cuna muy buena conversaci\u00f3n\u201d en la cual coincidieron en trabajar juntos para llegar pronto a un acuerdo en diversos temas.<\/p>\n\n\n\n<p>El grupo de los siete pa\u00edses m\u00e1s industrializados del mundo est\u00e1 integrado por Estados Unidos, Jap\u00f3n, Alemania, Reino Unido, Francia, Italia y Canad\u00e1.<\/p>\n\n\n\n<p>ro\/las<\/p>\n\n\n\n<ul class=\"wp-block-list\">\n<li>#<a href=\"https:\/\/www.prensa-latina.cu\/etiqueta\/canada\/\">canada<\/a>\u00a0#<a href=\"https:\/\/www.prensa-latina.cu\/etiqueta\/g7\/\">G7<\/a>\u00a0#<a href=\"https:\/\/www.prensa-latina.cu\/etiqueta\/mexico\/\">M\u00e9xico<\/a>\u00a0#<a href=\"https:\/\/www.prensa-latina.cu\/etiqueta\/paz\/\">paz<\/a>\u00a0#<a href=\"https:\/\/www.prensa-latina.cu\/etiqueta\/prosperidad-compartida\/\">prosperidad compartida<\/a>\u00a0#<a href=\"https:\/\/www.prensa-latina.cu\/etiqueta\/sheinbaum\/\">sheinbaum<\/a><\/li>\n<\/ul>\n\n\n\n<p><\/p>\n","protected":false},"excerpt":{"rendered":"<p>Ciudad de M\u00e9xico, 18 jun (Prensa Latina) La presidenta de M\u00e9xico, Claudia Sheinbaum, dijo hoy que en la plenaria del G7 en Canad\u00e1 abord\u00f3 la importancia de la paz, la prosperidad compartida y plante\u00f3 la posibilidad de realizar una Cumbre Econ\u00f3mica para el Bienestar. \u201cEn la plenaria hicimos un planteamiento general sobre la paz, pues [&hellip;]<\/p>\n","protected":false},"author":7,"featured_media":621974,"comment_status":"closed","ping_status":"closed","sticky":false,"template":"","format":"standard","meta":{"footnotes":""},"categories":[36,23],"tags":[2727],"class_list":["post-621931","post","type-post","status-publish","format-standard","has-post-thumbnail","hentry","category-hombresmujeresycosas","category-internacional","tag-apb"],"_links":{"self":[{"href":"https:\/\/diariodominicano.com\/index.php?rest_route=\/wp\/v2\/posts\/621931","targetHints":{"allow":["GET"]}}],"collection":[{"href":"https:\/\/diariodominicano.com\/index.php?rest_route=\/wp\/v2\/posts"}],"about":[{"href":"https:\/\/diariodominicano.com\/index.php?rest_route=\/wp\/v2\/types\/post"}],"author":[{"embeddable":true,"href":"https:\/\/diariodominicano.com\/index.php?rest_route=\/wp\/v2\/users\/7"}],"replies":[{"embeddable":true,"href":"https:\/\/diariodominicano.com\/index.php?rest_route=%2Fwp%2Fv2%2Fcomments&post=621931"}],"version-history":[{"count":2,"href":"https:\/\/diariodominicano.com\/index.php?rest_route=\/wp\/v2\/posts\/621931\/revisions"}],"predecessor-version":[{"id":621975,"href":"https:\/\/diariodominicano.com\/index.php?rest_route=\/wp\/v2\/posts\/621931\/revisions\/621975"}],"wp:featuredmedia":[{"embeddable":true,"href":"https:\/\/diariodominicano.com\/index.php?rest_route=\/wp\/v2\/media\/621974"}],"wp:attachment":[{"href":"https:\/\/diariodominicano.com\/index.php?rest_route=%2Fwp%2Fv2%2Fmedia&parent=621931"}],"wp:term":[{"taxonomy":"category","embeddable":true,"href":"https:\/\/diariodominicano.com\/index.php?rest_route=%2Fwp%2Fv2%2Fcategories&post=621931"},{"taxonomy":"post_tag","embeddable":true,"href":"https:\/\/diariodominicano.com\/index.php?rest_route=%2Fwp%2Fv2%2Ftags&post=621931"}],"curies":[{"name":"wp","href":"https:\/\/api.w.org\/{rel}","templated":true}]}}