{"id":621774,"date":"2025-06-18T01:50:29","date_gmt":"2025-06-18T05:50:29","guid":{"rendered":"https:\/\/diariodominicano.com\/?p=621774"},"modified":"2025-06-18T01:53:41","modified_gmt":"2025-06-18T05:53:41","slug":"comunidad-de-san-luis-la-manzana-expresa-preocupacion-por-el-rapido-deterioro-de-su-carretera","status":"publish","type":"post","link":"https:\/\/diariodominicano.com\/?p=621774","title":{"rendered":"Comunidad de San Luis &#8211; La Manzana expresa preocupaci\u00f3n por el r\u00e1pido deterioro de su carretera"},"content":{"rendered":"\n<p>Por NICOL\u00c1S GRULL\u00d3N UBI\u00d1AS<\/p>\n\n\n\n<p>Moradores de la comunidad San Luis &#8211; La Manzana, en el municipio de Moca, manifestaron su profunda preocupaci\u00f3n por el visible y acelerado deterioro de la carretera construida recientemente por el gobierno central.<\/p>\n\n\n\n<figure class=\"wp-block-image size-large\"><img loading=\"lazy\" decoding=\"async\" width=\"1024\" height=\"571\" src=\"https:\/\/diariodominicano.com\/wp-content\/uploads\/2025\/06\/NEGUSANLUIS-1024x571.jpg\" alt=\"\" class=\"wp-image-621777\" srcset=\"https:\/\/diariodominicano.com\/wp-content\/uploads\/2025\/06\/NEGUSANLUIS-1024x571.jpg 1024w, https:\/\/diariodominicano.com\/wp-content\/uploads\/2025\/06\/NEGUSANLUIS-300x167.jpg 300w, https:\/\/diariodominicano.com\/wp-content\/uploads\/2025\/06\/NEGUSANLUIS-768x428.jpg 768w, https:\/\/diariodominicano.com\/wp-content\/uploads\/2025\/06\/NEGUSANLUIS-1536x856.jpg 1536w, https:\/\/diariodominicano.com\/wp-content\/uploads\/2025\/06\/NEGUSANLUIS-2048x1141.jpg 2048w, https:\/\/diariodominicano.com\/wp-content\/uploads\/2025\/06\/NEGUSANLUIS-816x455.jpg 816w\" sizes=\"auto, (max-width: 1024px) 100vw, 1024px\" \/><\/figure>\n\n\n\n<p>Tras m\u00e1s de 25 a\u00f1os de espera, los residentes celebraron la tan anhelada construcci\u00f3n de esta v\u00eda, considerada una promesa largamente postergada. Sin embargo, a menos de un a\u00f1o de su inauguraci\u00f3n, la carretera presenta decenas de hoyos, grietas y desniveles que comprometen su funcionalidad y seguridad.<\/p>\n\n\n\n<p>Vecinos del lugar se\u00f1alan que los problemas estructurales evidencian una ejecuci\u00f3n deficiente por parte de la empresa responsable, lo que ha llevado a algunos a calificar la obra como una \u201cchapucer\u00eda\u201d, un tollo. Aseguran que no se tomaron en cuenta aspectos fundamentales como una base resistente ni el correcto nivelado del terreno.<\/p>\n\n\n\n<figure class=\"wp-block-image size-large\"><img loading=\"lazy\" decoding=\"async\" width=\"1024\" height=\"574\" src=\"https:\/\/diariodominicano.com\/wp-content\/uploads\/2025\/06\/FOTO03-1-1024x574.jpg\" alt=\"\" class=\"wp-image-621782\" srcset=\"https:\/\/diariodominicano.com\/wp-content\/uploads\/2025\/06\/FOTO03-1-1024x574.jpg 1024w, https:\/\/diariodominicano.com\/wp-content\/uploads\/2025\/06\/FOTO03-1-300x168.jpg 300w, https:\/\/diariodominicano.com\/wp-content\/uploads\/2025\/06\/FOTO03-1-768x430.jpg 768w, https:\/\/diariodominicano.com\/wp-content\/uploads\/2025\/06\/FOTO03-1-1536x860.jpg 1536w, https:\/\/diariodominicano.com\/wp-content\/uploads\/2025\/06\/FOTO03-1-2048x1147.jpg 2048w, https:\/\/diariodominicano.com\/wp-content\/uploads\/2025\/06\/FOTO03-1-816x457.jpg 816w\" sizes=\"auto, (max-width: 1024px) 100vw, 1024px\" \/><\/figure>\n\n\n\n<p>Esta v\u00eda comunica la calle Rosario con la carretera Moca-Salcedo, una ruta esencial para el tr\u00e1nsito de los productores agr\u00edcolas de la zona, por lo que su estado actual representa un obst\u00e1culo para el desarrollo econ\u00f3mico local.<\/p>\n\n\n\n<p>Diversos sectores de la provincia tambi\u00e9n han mostrado inquietud ante un patr\u00f3n preocupante: la entrega de obras de infraestructura que, en poco tiempo, muestran un desgaste alarmante.<\/p>\n\n\n\n<p>La comunidad exige explicaciones y acciones inmediatas por parte de las autoridades provinciales y del Ministerio de Obras P\u00fablicas, a fin de garantizar la calidad de las inversiones p\u00fablicas y evitar que el dinero del pueblo se pierda en obras mal ejecutadas.<\/p>\n\n\n\n<p>Cabe resaltar que, seg\u00fan la Ley No. 340-06 sobre Compras y Contrataciones P\u00fablicas, toda obra construida por el Estado debe contar con garant\u00edas de calidad, y la empresa contratista est\u00e1 obligada a responder por cualquier defecto durante un per\u00edodo posterior a la entrega.<\/p>\n\n\n\n<p>Asimismo, la Ley No. 687-82 sobre Normas de Construcci\u00f3n y el C\u00f3digo Civil Dominicano establece que tanto el Estado como los constructores tienen la responsabilidad legal de mantener las infraestructuras en condiciones seguras y funcionales. El incumplimiento de estas normativas representa no solo una falla t\u00e9cnica, sino tambi\u00e9n una falta de RESPETO al pueblo&nbsp;dominicano.&#8211;<\/p>\n\n\n\n<p><strong>Nicol\u00e1s E. Grull\u00f3n<\/strong><br><strong>Comunicador&nbsp;<\/strong><\/p>\n\n\n\n<p><a target=\"_blank\" href=\"mailto:nicolasgrullon@gmail.com\" rel=\"noreferrer noopener\">nicolasgrullon@gmail.com<\/a><\/p>\n\n\n\n<p><\/p>\n\n\n\n<p><\/p>\n","protected":false},"excerpt":{"rendered":"<p>Por NICOL\u00c1S GRULL\u00d3N UBI\u00d1AS Moradores de la comunidad San Luis &#8211; La Manzana, en el municipio de Moca, manifestaron su profunda preocupaci\u00f3n por el visible y acelerado deterioro de la carretera construida recientemente por el gobierno central. Tras m\u00e1s de 25 a\u00f1os de espera, los residentes celebraron la tan anhelada construcci\u00f3n de esta v\u00eda, considerada [&hellip;]<\/p>\n","protected":false},"author":2,"featured_media":621776,"comment_status":"closed","ping_status":"closed","sticky":false,"template":"","format":"standard","meta":{"footnotes":""},"categories":[36,20],"tags":[],"class_list":["post-621774","post","type-post","status-publish","format-standard","has-post-thumbnail","hentry","category-hombresmujeresycosas","category-dominicana-hoy"],"_links":{"self":[{"href":"https:\/\/diariodominicano.com\/index.php?rest_route=\/wp\/v2\/posts\/621774","targetHints":{"allow":["GET"]}}],"collection":[{"href":"https:\/\/diariodominicano.com\/index.php?rest_route=\/wp\/v2\/posts"}],"about":[{"href":"https:\/\/diariodominicano.com\/index.php?rest_route=\/wp\/v2\/types\/post"}],"author":[{"embeddable":true,"href":"https:\/\/diariodominicano.com\/index.php?rest_route=\/wp\/v2\/users\/2"}],"replies":[{"embeddable":true,"href":"https:\/\/diariodominicano.com\/index.php?rest_route=%2Fwp%2Fv2%2Fcomments&post=621774"}],"version-history":[{"count":4,"href":"https:\/\/diariodominicano.com\/index.php?rest_route=\/wp\/v2\/posts\/621774\/revisions"}],"predecessor-version":[{"id":621783,"href":"https:\/\/diariodominicano.com\/index.php?rest_route=\/wp\/v2\/posts\/621774\/revisions\/621783"}],"wp:featuredmedia":[{"embeddable":true,"href":"https:\/\/diariodominicano.com\/index.php?rest_route=\/wp\/v2\/media\/621776"}],"wp:attachment":[{"href":"https:\/\/diariodominicano.com\/index.php?rest_route=%2Fwp%2Fv2%2Fmedia&parent=621774"}],"wp:term":[{"taxonomy":"category","embeddable":true,"href":"https:\/\/diariodominicano.com\/index.php?rest_route=%2Fwp%2Fv2%2Fcategories&post=621774"},{"taxonomy":"post_tag","embeddable":true,"href":"https:\/\/diariodominicano.com\/index.php?rest_route=%2Fwp%2Fv2%2Ftags&post=621774"}],"curies":[{"name":"wp","href":"https:\/\/api.w.org\/{rel}","templated":true}]}}