{"id":621715,"date":"2025-06-18T01:47:46","date_gmt":"2025-06-18T05:47:46","guid":{"rendered":"https:\/\/diariodominicano.com\/?p=621715"},"modified":"2025-06-18T01:47:49","modified_gmt":"2025-06-18T05:47:49","slug":"rd-esta-lista-para-enfrentar-a-costa-rica-en-segunda-fecha-de-copa-oro","status":"publish","type":"post","link":"https:\/\/diariodominicano.com\/?p=621715","title":{"rendered":"RD est\u00e1 lista para enfrentar a Costa Rica en segunda fecha de Copa Oro"},"content":{"rendered":"\n<p>SANTO DOMINGO.- El elenco dominicano enfrentar\u00e1 su segundo reto en la Copa Oro de Concacaf 2025 este mi\u00e9rcoles cuando choque ante Costa Rica en el AT&amp;T Stadium de Arlington, Texas, a partir de las 7:00 PM (Hora de RD). El encuentro pertenece a la segunda jornada del Grupo A.<\/p>\n\n\n\n<p>La escuadra quisqueyana cay\u00f3 en su debut 3-2 ante M\u00e9xico, aunque dej\u00f3 muy buenas sensaciones, mientras que los ticos vienen de superar 4-3 a Surinam.<\/p>\n\n\n\n<p>Rep\u00fablica Dominicana se instal\u00f3 en Dallas, Texas, desde el pasado domingo para preparar este duelo que es vital en las aspiraciones de avanzar a la siguiente ronda de este prestigioso torneo continental.<\/p>\n\n\n\n<figure class=\"wp-block-image\"><img decoding=\"async\" src=\"https:\/\/diariodominicano.com\/wp-content\/uploads\/2025\/06\/RD-esta-lista-para-enfrentar-a-Costa-Rica-en-segunda-fecha-de-Copa-Oro-1024x683.jpg\" alt=\"\"\/><\/figure>\n\n\n\n<p>Previo al desaf\u00edo la selecci\u00f3n dominicana tuvo dos sesiones de entrenamientos para afinar los detalles.<\/p>\n\n\n\n<p>El capit\u00e1n Jean Carlos L\u00f3pez, el mediocampista Heinz M\u00f6rschel y el atacante Erick Japa recibieron tarjeta amarilla en la batalla anterior ante M\u00e9xico, por lo que de recibir otra amonestaci\u00f3n se perder\u00edan el siguiente compromiso.<\/p>\n\n\n\n<p>\u201cLos jugadores van a tener que estar muy concentrados en la tarea que van a tener que hacer porque Costa Rica tambi\u00e9n es un rival muy fuerte y como venimos diciendo nos queremos medir con estos rivales que nos dan la medida de d\u00f3nde estamos parados\u201d, expres\u00f3 el seleccionador nacional Marcelo Neveleff.<\/p>\n\n\n\n<p>\u00abLos chicos est\u00e1n muy compenetrados en lo que tienen que hacer y muy comprometidos con la selecci\u00f3n, quieren hacer quedar bien al pa\u00eds, a sus familias ya sus amigos. Toca apelar al juego, a la estrategia y al coraz\u00f3n que fue lo que nos llev\u00f3 a hacer ese partido con M\u00e9xico y que lamentablemente no pudimos empatar al final\u00bb, agreg\u00f3.<\/p>\n\n\n\n<p>Rep\u00fablica Dominicana\u00e1 una victoria hist\u00f3rica que le permitir\u00e1 llegar al \u00faltimo partido de la fase de buscar de grupos -vs Surinam el domingo 22 de junio- con opciones de clasificar a los cuartos de final y continuar alcanzando metas in\u00e9ditas para la selecci\u00f3n y para el f\u00fatbol nacional.<\/p>\n\n\n\n<p>El partido se transmitir\u00e1 en vivo a trav\u00e9s de ESPN 2 y la plataforma Disney Plus para el territorio dominicano.<\/p>\n\n\n\n<p>Fedofutbol Prensa <a href=\"mailto:fedofutbolprensa2019@gmail.com\">fedofutbolprensa2019@gmail.com<\/a><\/p>\n","protected":false},"excerpt":{"rendered":"<p>SANTO DOMINGO.- El elenco dominicano enfrentar\u00e1 su segundo reto en la Copa Oro de Concacaf 2025 este mi\u00e9rcoles cuando choque ante Costa Rica en el AT&amp;T Stadium de Arlington, Texas, a partir de las 7:00 PM (Hora de RD). El encuentro pertenece a la segunda jornada del Grupo A. La escuadra quisqueyana cay\u00f3 en su [&hellip;]<\/p>\n","protected":false},"author":7,"featured_media":621772,"comment_status":"closed","ping_status":"closed","sticky":false,"template":"","format":"standard","meta":{"footnotes":""},"categories":[17],"tags":[451],"class_list":["post-621715","post","type-post","status-publish","format-standard","has-post-thumbnail","hentry","category-deportes","tag-concacaf"],"_links":{"self":[{"href":"https:\/\/diariodominicano.com\/index.php?rest_route=\/wp\/v2\/posts\/621715","targetHints":{"allow":["GET"]}}],"collection":[{"href":"https:\/\/diariodominicano.com\/index.php?rest_route=\/wp\/v2\/posts"}],"about":[{"href":"https:\/\/diariodominicano.com\/index.php?rest_route=\/wp\/v2\/types\/post"}],"author":[{"embeddable":true,"href":"https:\/\/diariodominicano.com\/index.php?rest_route=\/wp\/v2\/users\/7"}],"replies":[{"embeddable":true,"href":"https:\/\/diariodominicano.com\/index.php?rest_route=%2Fwp%2Fv2%2Fcomments&post=621715"}],"version-history":[{"count":1,"href":"https:\/\/diariodominicano.com\/index.php?rest_route=\/wp\/v2\/posts\/621715\/revisions"}],"predecessor-version":[{"id":621775,"href":"https:\/\/diariodominicano.com\/index.php?rest_route=\/wp\/v2\/posts\/621715\/revisions\/621775"}],"wp:featuredmedia":[{"embeddable":true,"href":"https:\/\/diariodominicano.com\/index.php?rest_route=\/wp\/v2\/media\/621772"}],"wp:attachment":[{"href":"https:\/\/diariodominicano.com\/index.php?rest_route=%2Fwp%2Fv2%2Fmedia&parent=621715"}],"wp:term":[{"taxonomy":"category","embeddable":true,"href":"https:\/\/diariodominicano.com\/index.php?rest_route=%2Fwp%2Fv2%2Fcategories&post=621715"},{"taxonomy":"post_tag","embeddable":true,"href":"https:\/\/diariodominicano.com\/index.php?rest_route=%2Fwp%2Fv2%2Ftags&post=621715"}],"curies":[{"name":"wp","href":"https:\/\/api.w.org\/{rel}","templated":true}]}}